{"id":444204,"date":"2022-02-25T14:30:54","date_gmt":"2022-02-25T11:30:54","guid":{"rendered":"http:\/\/arantv.az\/?p=444204"},"modified":"2022-02-25T14:30:54","modified_gmt":"2022-02-25T11:30:54","slug":"az%c9%99rbaycanli-misadan-kiyev-sakinl%c9%99rini-soka-salan-addim-video","status":"publish","type":"post","link":"https:\/\/arantv.az\/?p=444204","title":{"rendered":"Az\u0259rbaycanl\u0131 Mi\u015fadan Kiyev sakinl\u0259rini \u015eOKA SALAN ADDIM &#8211; V\u0130DEO"},"content":{"rendered":"<p>Ukraynan\u0131n paytaxt\u0131 Kiyevd\u0259 ya\u015fayan h\u0259myerlil\u0259rimizd\u0259n biri t\u0259qdir\u0259layiq add\u0131m at\u0131b.<\/p>\n<p>Bu bar\u0259d\u0259 BAKU.WS-in &#8220;qaynar x\u0259tti&#8221;n\u0259 ekskl\u00fcziv g\u00f6r\u00fcnt\u00fcl\u0259r daxil olub.<\/p>\n<div class=\"AdviadNativeVideo\"><\/div>\n<p>M\u0259lumata g\u00f6r\u0259, Kiyevd\u0259 ya\u015fayan &#8220;Mi\u015fa&#8221; l\u0259q\u0259bli Quluzad\u0259 Elmir Musa o\u011flu yerli \u0259haliy\u0259 pulsuz bal\u0131q paylay\u0131b.<\/p>\n<p>H\u0259myerlimiz ukraynal\u0131lar\u0131n \u00e7\u0259tin g\u00fcn\u00fcnd\u0259 pulsuz bal\u0131q paylayaraq bunu Az\u0259rbaycan\u0131n ad\u0131ndan etdiyini bildirib.<\/p>\n<div class=\"embed-responsive embed-responsive-16by9\"><iframe loading=\"lazy\" id=\"nmqembedid\" class=\"embed-responsive-item\" title=\"video player\" src=\"https:\/\/izle.az\/embed\/09cvLy_Xy8wrLklML0rM1UvOz9UvKdN3ToxKLDBK8jZJTtW3Ly3JjS_OLy1KTrXNTI8vT02KT84vqIzPyczLBgA~\" width=\"600\" height=\"340\" frameborder=\"0\" scrolling=\"no\" allowfullscreen=\"allowfullscreen\" data-mce-fragment=\"1\"><\/iframe><\/div>\n","protected":false},"excerpt":{"rendered":"<p>Ukraynan\u0131n paytaxt\u0131 Kiyevd\u0259 ya\u015fayan h\u0259myerlil\u0259rimizd\u0259n biri t\u0259qdir\u0259layiq add\u0131m at\u0131b. Bu bar\u0259d\u0259 BAKU.WS-in &#8220;qaynar x\u0259tti&#8221;n\u0259 ekskl\u00fcziv g\u00f6r\u00fcnt\u00fcl\u0259r daxil olub. M\u0259lumata g\u00f6r\u0259, Kiyevd\u0259 ya\u015fayan &#8220;Mi\u015fa&#8221; l\u0259q\u0259bli Quluzad\u0259 Elmir Musa o\u011flu yerli \u0259haliy\u0259 pulsuz bal\u0131q paylay\u0131b. H\u0259myerlimiz ukraynal\u0131lar\u0131n \u00e7\u0259tin g\u00fcn\u00fcnd\u0259 pulsuz bal\u0131q paylayaraq bunu Az\u0259rbaycan\u0131n ad\u0131ndan etdiyini bildirib.<\/p>\n","protected":false},"author":2,"featured_media":444205,"comment_status":"closed","ping_status":"closed","sticky":false,"template":"","format":"standard","meta":{"om_disable_all_campaigns":false,"_monsterinsights_skip_tracking":false,"_monsterinsights_sitenote_active":false,"_monsterinsights_sitenote_note":"","_monsterinsights_sitenote_category":0},"categories":[1],"tags":[],"aioseo_notices":[],"gutentor_comment":0,"rttpg_featured_image_url":{"full":["https:\/\/arantv.az\/wp-content\/uploads\/2022\/02\/misa.jpg",649,435,false],"landscape":["https:\/\/arantv.az\/wp-content\/uploads\/2022\/02\/misa.jpg",649,435,false],"portraits":["https:\/\/arantv.az\/wp-content\/uploads\/2022\/02\/misa.jpg",649,435,false],"thumbnail":["https:\/\/arantv.az\/wp-content\/uploads\/2022\/02\/misa-500x280.jpg",500,280,true],"medium":["https:\/\/arantv.az\/wp-content\/uploads\/2022\/02\/misa-545x365.jpg",545,365,true],"large":["https:\/\/arantv.az\/wp-content\/uploads\/2022\/02\/misa.jpg",640,429,false],"1536x1536":["https:\/\/arantv.az\/wp-content\/uploads\/2022\/02\/misa.jpg",649,435,false],"2048x2048":["https:\/\/arantv.az\/wp-content\/uploads\/2022\/02\/misa.jpg",649,435,false],"post-thumbnail":["https:\/\/arantv.az\/wp-content\/uploads\/2022\/02\/misa-240x172.jpg",240,172,true],"advps-thumb-one":["https:\/\/arantv.az\/wp-content\/uploads\/2022\/02\/misa.jpg",649,435,false]},"rttpg_author":{"display_name":"V\u00fcsal Rafiqo\u011flu","author_link":"https:\/\/arantv.az\/?author=2"},"rttpg_comment":0,"rttpg_category":"<a href=\"https:\/\/arantv.az\/?cat=1\" rel=\"category\">C\u0259miyy\u0259t<\/a>","rttpg_excerpt":"Ukraynan\u0131n paytaxt\u0131 Kiyevd\u0259 ya\u015fayan h\u0259myerlil\u0259rimizd\u0259n biri t\u0259qdir\u0259layiq add\u0131m at\u0131b. Bu bar\u0259d\u0259 BAKU.WS-in &#8220;qaynar x\u0259tti&#8221;n\u0259 ekskl\u00fcziv g\u00f6r\u00fcnt\u00fcl\u0259r daxil olub. M\u0259lumata g\u00f6r\u0259, Kiyevd\u0259 ya\u015fayan &#8220;Mi\u015fa&#8221; l\u0259q\u0259bli Quluzad\u0259 Elmir Musa o\u011flu yerli \u0259haliy\u0259 pulsuz bal\u0131q paylay\u0131b. H\u0259myerlimiz ukraynal\u0131lar\u0131n \u00e7\u0259tin g\u00fcn\u00fcnd\u0259 pulsuz bal\u0131q paylayaraq bunu Az\u0259rbaycan\u0131n ad\u0131ndan etdiyini bildirib.","_links":{"self":[{"href":"https:\/\/arantv.az\/index.php?rest_route=\/wp\/v2\/posts\/444204"}],"collection":[{"href":"https:\/\/arantv.az\/index.php?rest_route=\/wp\/v2\/posts"}],"about":[{"href":"https:\/\/arantv.az\/index.php?rest_route=\/wp\/v2\/types\/post"}],"author":[{"embeddable":true,"href":"https:\/\/arantv.az\/index.php?rest_route=\/wp\/v2\/users\/2"}],"replies":[{"embeddable":true,"href":"https:\/\/arantv.az\/index.php?rest_route=%2Fwp%2Fv2%2Fcomments&post=444204"}],"version-history":[{"count":0,"href":"https:\/\/arantv.az\/index.php?rest_route=\/wp\/v2\/posts\/444204\/revisions"}],"wp:featuredmedia":[{"embeddable":true,"href":"https:\/\/arantv.az\/index.php?rest_route=\/wp\/v2\/media\/444205"}],"wp:attachment":[{"href":"https:\/\/arantv.az\/index.php?rest_route=%2Fwp%2Fv2%2Fmedia&parent=444204"}],"wp:term":[{"taxonomy":"category","embeddable":true,"href":"https:\/\/arantv.az\/index.php?rest_route=%2Fwp%2Fv2%2Fcategories&post=444204"},{"taxonomy":"post_tag","embeddable":true,"href":"https:\/\/arantv.az\/index.php?rest_route=%2Fwp%2Fv2%2Ftags&post=444204"}],"curies":[{"name":"wp","href":"https:\/\/api.w.org\/{rel}","templated":true}]}}