{"id":444207,"date":"2022-02-25T14:31:55","date_gmt":"2022-02-25T11:31:55","guid":{"rendered":"http:\/\/arantv.az\/?p=444207"},"modified":"2022-02-25T14:31:55","modified_gmt":"2022-02-25T11:31:55","slug":"ukraynadan-moldovaya-g%c9%99l%c9%99n-az%c9%99rbaycan-v%c9%99t%c9%99ndaslari-buxarestd%c9%99n-bakiya-yola-salinacaq","status":"publish","type":"post","link":"https:\/\/arantv.az\/?p=444207","title":{"rendered":"Ukraynadan Moldovaya g\u0259l\u0259n Az\u0259rbaycan v\u0259t\u0259nda\u015flar\u0131 Buxarestd\u0259n Bak\u0131ya yola sal\u0131nacaq"},"content":{"rendered":"<p><strong>&#8220;D\u00fcn\u0259n gec\u0259d\u0259n s\u0259h\u0259r\u0259 kimi Ukraynadan Moldovaya 100 n\u0259f\u0259rd\u0259n \u00e7ox Az\u0259rbaycan v\u0259t\u0259nda\u015f\u0131 g\u0259lib&#8221;.<\/strong><\/p>\n<p>Bunu jurnalistl\u0259r\u0259 a\u00e7\u0131qlamas\u0131nda Az\u0259rbaycan\u0131nn Moldovadak\u0131 s\u0259firi Q\u00fcdsi Osmanov bildirib.<\/p>\n<p>Q. Osmanov deyib ki, Az\u0259rbaycan v\u0259t\u0259nda\u015flar\u0131 Ukraynadan Moldovaya iki s\u0259rh\u0259d-ke\u00e7id m\u0259nt\u0259q\u0259sind\u0259n ke\u00e7irl\u0259r: &#8220;Ukrayna v\u0259 Moldova aras\u0131nda s\u0259rh\u0259d-ke\u00e7id m\u0259nt\u0259q\u0259l\u0259ri \u00e7oxdur. Ancaq Moldova h\u00f6kum\u0259ti Ukraynadan haz\u0131rda qa\u00e7q\u0131nlar\u0131 q\u0259bul etm\u0259k \u00fc\u00e7\u00fcn iki s\u0259rh\u0259d-ke\u00e7id m\u0259nt\u0259q\u0259si m\u00fc\u0259yy\u0259nl\u0259\u015fdirib. Bunlar Palanka v\u0259 Oxnitsa s\u0259rh\u0259d-ke\u00e7id m\u0259nt\u0259q\u0259l\u0259ridir. Dig\u0259r m\u0259nt\u0259q\u0259l\u0259rd\u0259n d\u0259 insanlar ke\u00e7\u0259 bil\u0259r, amma Moldova h\u00f6kum\u0259ti bu s\u0259rh\u0259d-ke\u00e7id m\u0259nt\u0259q\u0259l\u0259rind\u0259 asanla\u015fd\u0131r\u0131lm\u0131\u015f \u015f\u0259rait yarad\u0131b ki, Ukraynadan g\u0259l\u0259nl\u0259r \u00f6lk\u0259y\u0259 q\u0259bul olunsun. Bu s\u0259rh\u0259d-ke\u00e7id m\u0259nt\u0259q\u0259l\u0259rinin h\u0259r birind\u0259 s\u0259firliyimizin iki \u0259m\u0259kda\u015f\u0131 var. Onlar\u0131n telefon n\u00f6mr\u0259l\u0259ri s\u0259firliyin sayt\u0131nda, sosial \u015f\u0259b\u0259k\u0259l\u0259rind\u0259 d\u0259, eyni zamanda Az\u0259rbaycan Xarici \u0130\u015fl\u0259r Nazirliyinin K\u0130V-\u0259 g\u00f6nd\u0259ril\u0259n m\u0259lumat\u0131nda da var. S\u0259firliyin h\u0259min \u0259m\u0259kda\u015flar\u0131 h\u0259m telefon n\u00f6mr\u0259l\u0259rin\u0259 cavab verir, h\u0259m d\u0259 s\u0259rh\u0259d-ke\u00e7id m\u0259nt\u0259q\u0259sind\u0259 kiml\u0259rin s\u0259n\u0259d v\u0259 dig\u0259r m\u0259s\u0259l\u0259l\u0259rl\u0259 ba\u011fl\u0131 probleml\u0259ri varsa, onlara yard\u0131m edirl\u0259r. Eyni zamanda s\u0259firliyin 24 saat f\u0259aliyy\u0259t g\u00f6st\u0259r\u0259n qaynar x\u0259tti var, s\u0259firliyin \u0259m\u0259kda\u015f\u0131 z\u0259ngl\u0259r\u0259 cavab verir&#8221;.<\/p>\n<p>S\u0259fir qeyd edib ki, h\u0259r 1 saatdan bir s\u0259firlik t\u0259r\u0259find\u0259n Az\u0259rbaycan X\u0130N-\u0259 bu bar\u0259d\u0259 m\u0259lumat\u0131 t\u0259qdim olunur: &#8220;Az\u0259rbaycan X\u0130N tap\u015f\u0131rd\u0131 ki, biz Rum\u0131niya s\u0259firliyi il\u0259 g\u00f6r\u00fc\u015f\u0259k ki, Moldovan\u0131n hava m\u0259kan\u0131 ba\u011fl\u0131 oldu\u011fu \u00fc\u00e7\u00fcn v\u0259t\u0259nda\u015flar\u0131m\u0131z\u0131 Rum\u0131niyaya ke\u00e7ir\u0259k v\u0259 Buxarestd\u0259n hava yolu il\u0259 Bak\u0131ya g\u0259lsinl\u0259r. T\u0259\u015fkil edirik ki, avtobusla Buxarest\u0259 getsinl\u0259r. H\u0259min Az\u0259rbaycan v\u0259t\u0259nda\u015flar\u0131ndan hans\u0131lar\u0131n pullar\u0131 var, t\u0259yyar\u0259 bileti al\u0131rlar, biz onlara viza al\u0131r\u0131q. V\u0259t\u0259nda\u015flar\u0131m\u0131za tranzit vizas\u0131 al\u0131n\u0131r. Rum\u0131niyada tranzit vizas\u0131n\u0131n qiym\u0259ti 80 avrodur. T\u0259yyar\u0259 bileti d\u0259 t\u0259qrib\u0259n 300 avrodur. Moldovaya g\u0259l\u0259n v\u0259 maddi imkan\u0131 olmayan v\u0259t\u0259nda\u015flar\u0131m\u0131za da bununla ba\u011fl\u0131 bacard\u0131\u011f\u0131m\u0131z q\u0259d\u0259r k\u00f6m\u0259k edirik. O c\u00fcml\u0259d\u0259n, kimis\u0259 burada az\u0259rbaycanl\u0131lar\u0131n evl\u0259rin\u0259 yerl\u0259\u015fdiririk. Bununla ba\u011fl\u0131 i\u015f adamlar\u0131ndan da xahi\u015f edirik. Diaspor t\u0259\u015fkilat\u0131m\u0131z da bu i\u015fl\u0259 m\u0259\u015f\u011fuldur, biz\u0259 yard\u0131m edirl\u0259r. Yeri g\u0259lmi\u015fk\u0259n, bu g\u00fcn buradan yola sald\u0131\u011f\u0131m\u0131z v\u0259t\u0259nda\u015flar\u0131m\u0131z\u0131n bir qrupunu konsulumuz q\u0259bul ed\u0259c\u0259k. Bir \u0259m\u0259kda\u015f\u0131m\u0131z Buxarestd\u0259 konsulluqda v\u0259t\u0259nda\u015flar\u0131m\u0131za yard\u0131m edir.&#8221;.<\/p>\n<p>Q. Osmanov Buxarestd\u0259n Bak\u0131ya birba\u015fa t\u0259yyar\u0259 reysinin olmad\u0131\u011f\u0131n\u0131 da n\u0259z\u0259r\u0259 \u00e7atd\u0131r\u0131b: &#8220;Tranzit t\u0259yyar\u0259 reysl\u0259ri il\u0259 v\u0259t\u0259nda\u015flar\u0131m\u0131z\u0131n Az\u0259rbaycana yola sal\u0131nmas\u0131 il\u0259 m\u0259\u015f\u011fuluq&#8221;.<\/p>\n<div>\n<div class=\"AdviadNativeVideo\"><\/div>\n<\/div>\n<p>Qeyd ed\u0259k ki, Q. Osmanov bu g\u00fcnl\u0259rd\u0259 Az\u0259rbaycanda s\u0259f\u0259rd\u0259 olan Moldova parlamentinin s\u0259drini m\u00fc\u015fayi\u0259t edib. S\u0259fir Moldova n\u00fcmay\u0259nd\u0259 hey\u0259ti il\u0259 birlikd\u0259 x\u00fcsusi reysl\u0259 Rum\u0131niyaya, oradan is\u0259 Moldovaya g\u0259lib: &#8220;M\u0259n d\u00fcn\u0259n saat 5.00-d\u0259n i\u015f ba\u015f\u0131ndayam. \u00c7\u00fcnki Az\u0259rbaycan X\u0130N tap\u015f\u0131rd\u0131 ki, t\u0259cili bu i\u015fl\u0259ri t\u0259nziml\u0259y\u0259k&#8221;.<\/p>\n","protected":false},"excerpt":{"rendered":"<p>&#8220;D\u00fcn\u0259n gec\u0259d\u0259n s\u0259h\u0259r\u0259 kimi Ukraynadan Moldovaya 100 n\u0259f\u0259rd\u0259n \u00e7ox Az\u0259rbaycan v\u0259t\u0259nda\u015f\u0131 g\u0259lib&#8221;. Bunu jurnalistl\u0259r\u0259 a\u00e7\u0131qlamas\u0131nda Az\u0259rbaycan\u0131nn Moldovadak\u0131 s\u0259firi Q\u00fcdsi Osmanov bildirib. Q. Osmanov deyib ki, Az\u0259rbaycan v\u0259t\u0259nda\u015flar\u0131 Ukraynadan Moldovaya iki s\u0259rh\u0259d-ke\u00e7id m\u0259nt\u0259q\u0259sind\u0259n ke\u00e7irl\u0259r: &#8220;Ukrayna v\u0259 Moldova aras\u0131nda s\u0259rh\u0259d-ke\u00e7id m\u0259nt\u0259q\u0259l\u0259ri \u00e7oxdur. Ancaq Moldova h\u00f6kum\u0259ti Ukraynadan haz\u0131rda qa\u00e7q\u0131nlar\u0131 q\u0259bul etm\u0259k \u00fc\u00e7\u00fcn iki s\u0259rh\u0259d-ke\u00e7id m\u0259nt\u0259q\u0259si m\u00fc\u0259yy\u0259nl\u0259\u015fdirib. Bunlar Palanka v\u0259 Oxnitsa s\u0259rh\u0259d-ke\u00e7id m\u0259nt\u0259q\u0259l\u0259ridir. Dig\u0259r m\u0259nt\u0259q\u0259l\u0259rd\u0259n d\u0259 insanlar ke\u00e7\u0259 bil\u0259r, amma Moldova h\u00f6kum\u0259ti bu s\u0259rh\u0259d-ke\u00e7id m\u0259nt\u0259q\u0259l\u0259rind\u0259 asanla\u015fd\u0131r\u0131lm\u0131\u015f \u015f\u0259rait yarad\u0131b ki, Ukraynadan g\u0259l\u0259nl\u0259r \u00f6lk\u0259y\u0259 q\u0259bul olunsun. Bu s\u0259rh\u0259d-ke\u00e7id m\u0259nt\u0259q\u0259l\u0259rinin h\u0259r birind\u0259 s\u0259firliyimizin iki \u0259m\u0259kda\u015f\u0131 var. Onlar\u0131n&hellip;<\/p>\n","protected":false},"author":2,"featured_media":444208,"comment_status":"closed","ping_status":"closed","sticky":false,"template":"","format":"standard","meta":{"om_disable_all_campaigns":false,"_monsterinsights_skip_tracking":false,"_monsterinsights_sitenote_active":false,"_monsterinsights_sitenote_note":"","_monsterinsights_sitenote_category":0},"categories":[19],"tags":[],"aioseo_notices":[],"gutentor_comment":0,"rttpg_featured_image_url":{"full":["https:\/\/arantv.az\/wp-content\/uploads\/2022\/02\/1022442.jpg",800,600,false],"landscape":["https:\/\/arantv.az\/wp-content\/uploads\/2022\/02\/1022442.jpg",800,600,false],"portraits":["https:\/\/arantv.az\/wp-content\/uploads\/2022\/02\/1022442.jpg",800,600,false],"thumbnail":["https:\/\/arantv.az\/wp-content\/uploads\/2022\/02\/1022442-500x280.jpg",500,280,true],"medium":["https:\/\/arantv.az\/wp-content\/uploads\/2022\/02\/1022442-487x365.jpg",487,365,true],"large":["https:\/\/arantv.az\/wp-content\/uploads\/2022\/02\/1022442.jpg",640,480,false],"1536x1536":["https:\/\/arantv.az\/wp-content\/uploads\/2022\/02\/1022442.jpg",800,600,false],"2048x2048":["https:\/\/arantv.az\/wp-content\/uploads\/2022\/02\/1022442.jpg",800,600,false],"post-thumbnail":["https:\/\/arantv.az\/wp-content\/uploads\/2022\/02\/1022442-240x172.jpg",240,172,true],"advps-thumb-one":["https:\/\/arantv.az\/wp-content\/uploads\/2022\/02\/1022442.jpg",800,600,false]},"rttpg_author":{"display_name":"V\u00fcsal Rafiqo\u011flu","author_link":"https:\/\/arantv.az\/?author=2"},"rttpg_comment":0,"rttpg_category":"<a href=\"https:\/\/arantv.az\/?cat=19\" rel=\"category\">G\u00fcnd\u0259m<\/a>","rttpg_excerpt":"&#8220;D\u00fcn\u0259n gec\u0259d\u0259n s\u0259h\u0259r\u0259 kimi Ukraynadan Moldovaya 100 n\u0259f\u0259rd\u0259n \u00e7ox Az\u0259rbaycan v\u0259t\u0259nda\u015f\u0131 g\u0259lib&#8221;. Bunu jurnalistl\u0259r\u0259 a\u00e7\u0131qlamas\u0131nda Az\u0259rbaycan\u0131nn Moldovadak\u0131 s\u0259firi Q\u00fcdsi Osmanov bildirib. Q. Osmanov deyib ki, Az\u0259rbaycan v\u0259t\u0259nda\u015flar\u0131 Ukraynadan Moldovaya iki s\u0259rh\u0259d-ke\u00e7id m\u0259nt\u0259q\u0259sind\u0259n ke\u00e7irl\u0259r: &#8220;Ukrayna v\u0259 Moldova aras\u0131nda s\u0259rh\u0259d-ke\u00e7id m\u0259nt\u0259q\u0259l\u0259ri \u00e7oxdur. Ancaq Moldova h\u00f6kum\u0259ti Ukraynadan haz\u0131rda qa\u00e7q\u0131nlar\u0131 q\u0259bul etm\u0259k \u00fc\u00e7\u00fcn iki s\u0259rh\u0259d-ke\u00e7id m\u0259nt\u0259q\u0259si m\u00fc\u0259yy\u0259nl\u0259\u015fdirib. Bunlar Palanka&hellip;","_links":{"self":[{"href":"https:\/\/arantv.az\/index.php?rest_route=\/wp\/v2\/posts\/444207"}],"collection":[{"href":"https:\/\/arantv.az\/index.php?rest_route=\/wp\/v2\/posts"}],"about":[{"href":"https:\/\/arantv.az\/index.php?rest_route=\/wp\/v2\/types\/post"}],"author":[{"embeddable":true,"href":"https:\/\/arantv.az\/index.php?rest_route=\/wp\/v2\/users\/2"}],"replies":[{"embeddable":true,"href":"https:\/\/arantv.az\/index.php?rest_route=%2Fwp%2Fv2%2Fcomments&post=444207"}],"version-history":[{"count":0,"href":"https:\/\/arantv.az\/index.php?rest_route=\/wp\/v2\/posts\/444207\/revisions"}],"wp:featuredmedia":[{"embeddable":true,"href":"https:\/\/arantv.az\/index.php?rest_route=\/wp\/v2\/media\/444208"}],"wp:attachment":[{"href":"https:\/\/arantv.az\/index.php?rest_route=%2Fwp%2Fv2%2Fmedia&parent=444207"}],"wp:term":[{"taxonomy":"category","embeddable":true,"href":"https:\/\/arantv.az\/index.php?rest_route=%2Fwp%2Fv2%2Fcategories&post=444207"},{"taxonomy":"post_tag","embeddable":true,"href":"https:\/\/arantv.az\/index.php?rest_route=%2Fwp%2Fv2%2Ftags&post=444207"}],"curies":[{"name":"wp","href":"https:\/\/api.w.org\/{rel}","templated":true}]}}