{"id":444213,"date":"2022-02-25T14:42:08","date_gmt":"2022-02-25T11:42:08","guid":{"rendered":"http:\/\/arantv.az\/?p=444213"},"modified":"2022-02-25T14:42:08","modified_gmt":"2022-02-25T11:42:08","slug":"kreml-zelenskini-ukraynanin-prezidenti-kimi-taniyiriq","status":"publish","type":"post","link":"https:\/\/arantv.az\/?p=444213","title":{"rendered":"Kreml: \u201cZelenskini Ukraynan\u0131n Prezidenti kimi tan\u0131y\u0131r\u0131q\u201d"},"content":{"rendered":"<p>Rusiya Volodimir Zelenskini Ukraynan\u0131n Prezidenti kimi q\u0259bul edir.<\/p>\n<div class=\"AdviadNativeVideo\"><\/div>\n<p>Bu bar\u0259d\u0259 Rusiya Prezidenti Vladimir Putinin m\u0259tbuat katibi Dmitri Peskov bildirib.<\/p>\n<p>\u201cB\u0259li, \u0259lb\u0259tt\u0259, Zelenski Ukraynan\u0131n Prezidentidir\u201d, &#8211; dey\u0259 D. Peskov aidiyy\u0259ti suala cavab\u0131nda qeyd edib.<\/p>\n<p>M\u0259nb\u0259: TASS<\/p>\n","protected":false},"excerpt":{"rendered":"<p>Rusiya Volodimir Zelenskini Ukraynan\u0131n Prezidenti kimi q\u0259bul edir. Bu bar\u0259d\u0259 Rusiya Prezidenti Vladimir Putinin m\u0259tbuat katibi Dmitri Peskov bildirib. \u201cB\u0259li, \u0259lb\u0259tt\u0259, Zelenski Ukraynan\u0131n Prezidentidir\u201d, &#8211; dey\u0259 D. Peskov aidiyy\u0259ti suala cavab\u0131nda qeyd edib. M\u0259nb\u0259: TASS<\/p>\n","protected":false},"author":2,"featured_media":444214,"comment_status":"closed","ping_status":"closed","sticky":false,"template":"","format":"standard","meta":{"om_disable_all_campaigns":false,"_monsterinsights_skip_tracking":false,"_monsterinsights_sitenote_active":false,"_monsterinsights_sitenote_note":"","_monsterinsights_sitenote_category":0},"categories":[7],"tags":[],"aioseo_notices":[],"gutentor_comment":0,"rttpg_featured_image_url":{"full":["https:\/\/arantv.az\/wp-content\/uploads\/2022\/02\/FotoJet-2022-02-25T150127.689.jpg",620,413,false],"landscape":["https:\/\/arantv.az\/wp-content\/uploads\/2022\/02\/FotoJet-2022-02-25T150127.689.jpg",620,413,false],"portraits":["https:\/\/arantv.az\/wp-content\/uploads\/2022\/02\/FotoJet-2022-02-25T150127.689.jpg",620,413,false],"thumbnail":["https:\/\/arantv.az\/wp-content\/uploads\/2022\/02\/FotoJet-2022-02-25T150127.689-500x280.jpg",500,280,true],"medium":["https:\/\/arantv.az\/wp-content\/uploads\/2022\/02\/FotoJet-2022-02-25T150127.689-548x365.jpg",548,365,true],"large":["https:\/\/arantv.az\/wp-content\/uploads\/2022\/02\/FotoJet-2022-02-25T150127.689.jpg",620,413,false],"1536x1536":["https:\/\/arantv.az\/wp-content\/uploads\/2022\/02\/FotoJet-2022-02-25T150127.689.jpg",620,413,false],"2048x2048":["https:\/\/arantv.az\/wp-content\/uploads\/2022\/02\/FotoJet-2022-02-25T150127.689.jpg",620,413,false],"post-thumbnail":["https:\/\/arantv.az\/wp-content\/uploads\/2022\/02\/FotoJet-2022-02-25T150127.689-240x172.jpg",240,172,true],"advps-thumb-one":["https:\/\/arantv.az\/wp-content\/uploads\/2022\/02\/FotoJet-2022-02-25T150127.689.jpg",620,413,false]},"rttpg_author":{"display_name":"V\u00fcsal Rafiqo\u011flu","author_link":"https:\/\/arantv.az\/?author=2"},"rttpg_comment":0,"rttpg_category":"<a href=\"https:\/\/arantv.az\/?cat=7\" rel=\"category\">D\u00fcnya<\/a>","rttpg_excerpt":"Rusiya Volodimir Zelenskini Ukraynan\u0131n Prezidenti kimi q\u0259bul edir. Bu bar\u0259d\u0259 Rusiya Prezidenti Vladimir Putinin m\u0259tbuat katibi Dmitri Peskov bildirib. \u201cB\u0259li, \u0259lb\u0259tt\u0259, Zelenski Ukraynan\u0131n Prezidentidir\u201d, &#8211; dey\u0259 D. Peskov aidiyy\u0259ti suala cavab\u0131nda qeyd edib. M\u0259nb\u0259: TASS","_links":{"self":[{"href":"https:\/\/arantv.az\/index.php?rest_route=\/wp\/v2\/posts\/444213"}],"collection":[{"href":"https:\/\/arantv.az\/index.php?rest_route=\/wp\/v2\/posts"}],"about":[{"href":"https:\/\/arantv.az\/index.php?rest_route=\/wp\/v2\/types\/post"}],"author":[{"embeddable":true,"href":"https:\/\/arantv.az\/index.php?rest_route=\/wp\/v2\/users\/2"}],"replies":[{"embeddable":true,"href":"https:\/\/arantv.az\/index.php?rest_route=%2Fwp%2Fv2%2Fcomments&post=444213"}],"version-history":[{"count":0,"href":"https:\/\/arantv.az\/index.php?rest_route=\/wp\/v2\/posts\/444213\/revisions"}],"wp:featuredmedia":[{"embeddable":true,"href":"https:\/\/arantv.az\/index.php?rest_route=\/wp\/v2\/media\/444214"}],"wp:attachment":[{"href":"https:\/\/arantv.az\/index.php?rest_route=%2Fwp%2Fv2%2Fmedia&parent=444213"}],"wp:term":[{"taxonomy":"category","embeddable":true,"href":"https:\/\/arantv.az\/index.php?rest_route=%2Fwp%2Fv2%2Fcategories&post=444213"},{"taxonomy":"post_tag","embeddable":true,"href":"https:\/\/arantv.az\/index.php?rest_route=%2Fwp%2Fv2%2Ftags&post=444213"}],"curies":[{"name":"wp","href":"https:\/\/api.w.org\/{rel}","templated":true}]}}