{"id":444219,"date":"2022-02-25T14:44:18","date_gmt":"2022-02-25T11:44:18","guid":{"rendered":"http:\/\/arantv.az\/?p=444219"},"modified":"2022-02-25T14:44:18","modified_gmt":"2022-02-25T11:44:18","slug":"xin-m%c9%99lumat-yayib","status":"publish","type":"post","link":"https:\/\/arantv.az\/?p=444219","title":{"rendered":"X\u0130N m\u0259lumat yay\u0131b"},"content":{"rendered":"<p>Xarici \u0130\u015fl\u0259r Nazirliyi Ukrayna \u0259razisind\u0259 daimi v\u0259 m\u00fcv\u0259qq\u0259ti ya\u015fayan, turizm v\u0259 ya t\u0259hsil m\u0259qs\u0259dl\u0259ri il\u0259 h\u0259min \u00f6lk\u0259y\u0259 s\u0259f\u0259r etmi\u015f Az\u0259rbaycan Respublikas\u0131n\u0131n v\u0259t\u0259nda\u015flar\u0131na Ukraynadak\u0131 v\u0259ziyy\u0259tl\u0259 \u0259laq\u0259dar bir daha m\u00fcraci\u0259t ed\u0259r\u0259k onlardan h\u0259rbi q\u00fcvv\u0259l\u0259rin v\u0259 obyektl\u0259rin oldu\u011fu \u0259razil\u0259rd\u0259n uzaq olmalar\u0131n\u0131, evd\u0259 v\u0259 ya t\u0259hl\u00fck\u0259siz yerd\u0259 qalmalar\u0131n\u0131, s\u0259yah\u0259td\u0259n \u00e7\u0259kinm\u0259l\u0259rini t\u00f6vsiy\u0259 edir.<\/p>\n<p>Ukraynan\u0131n hava m\u0259kan\u0131 ba\u011fl\u0131 oldu\u011fundan haz\u0131rda v\u0259t\u0259nda\u015flar\u0131m\u0131z h\u0259min \u00f6lk\u0259ni hava n\u0259qliyyat\u0131 vasit\u0259sil\u0259 t\u0259rk ed\u0259 bilmir.<\/p>\n<p>Ciddi t\u0259hl\u00fck\u0259 il\u0259 \u00fczl\u0259\u015fmi\u015f Az\u0259rbaycan Respublikas\u0131 v\u0259t\u0259nda\u015flar\u0131 a\u015fa\u011f\u0131dak\u0131 istiqam\u0259tl\u0259r \u00fczr\u0259 qeyd olunan qaydada Ukrayna \u0259razisini t\u0259rk ed\u0259 bil\u0259r:<\/p>\n<p>&#8211; Ukraynan\u0131n Moldova il\u0259 olan Oknitsa v\u0259 Palanka s\u0259rh\u0259d-ke\u00e7id m\u0259nt\u0259q\u0259l\u0259ri vasit\u0259sil\u0259 quru yolla Moldova Respublikas\u0131n\u0131n \u0259razisin\u0259 ke\u00e7\u0259 bil\u0259r.<br \/>\nMoldova t\u0259r\u0259fi yaranm\u0131\u015f humanitar v\u0259ziyy\u0259tl\u0259 \u0259laq\u0259dar quru s\u0259rh\u0259di ke\u00e7m\u0259k ist\u0259y\u0259n Az\u0259rbaycan Respublikas\u0131 v\u0259t\u0259nda\u015flar\u0131ndan COVID-19 pasportunu (COVID-19-a qar\u015f\u0131 tam peyv\u0259nd olunmas\u0131n\u0131 v\u0259 ya COVID-19-dan sa\u011falaraq immunitet\u0259 malik olmas\u0131n\u0131 t\u0259sdiq ed\u0259n s\u0259n\u0259d) v\u0259 COVID-19-a dair PCR testinin neqativ n\u0259tic\u0259sini t\u0259l\u0259b etm\u0259y\u0259c\u0259k.<\/p>\n<p>Yaranm\u0131\u015f suallarla ba\u011fl\u0131 v\u0259t\u0259nda\u015flar\u0131m\u0131z Az\u0259rbaycan Respublikas\u0131n\u0131n Moldova Respublikas\u0131ndak\u0131 S\u0259firliyi il\u0259 +373 781 81 361, +373 789 91 849, +373 222 32 277 n\u00f6mr\u0259l\u0259ri il\u0259 v\u0259\u00a0chisinau@mission.mfa.gov.az\u00a0elektron po\u00e7tu vasit\u0259sil\u0259 \u0259laq\u0259 saxlaya bil\u0259r.<\/p>\n<p>&#8211; Ukraynan\u0131n Pol\u015fa il\u0259 olan Dorohusk-Jagodzin, Dolhobyczow-Uhrynow, Zosin-Ustyluh, Hrebenne-Rawa Ruska, Korczowa-Krakowiec, Medyka-Szeginie, Budomierz-Hruszew, Kroscienko-Smolnoca s\u0259rh\u0259d-ke\u00e7id m\u0259nt\u0259q\u0259l\u0259ri vasit\u0259sil\u0259 quru yolla Pol\u015fa Respublikas\u0131n\u0131n \u0259razisin\u0259 ke\u00e7\u0259 bil\u0259r.<br \/>\nS\u0259rh\u0259d-ke\u00e7id m\u0259nt\u0259q\u0259l\u0259ri fasil\u0259siz \u00e7al\u0131\u015f\u0131r v\u0259 \u015f\u0259xsl\u0259rin q\u0259bulu il\u0259 ba\u011fl\u0131 Pol\u015fa H\u00f6kum\u0259tinin +48 47 721 75 75 qaynar x\u0259tti il\u0259 \u0259laq\u0259 saxlamaq olar.<\/p>\n<p>Pol\u015fa t\u0259r\u0259fi yaranm\u0131\u015f humanitar v\u0259ziyy\u0259tl\u0259 \u0259laq\u0259dar quru s\u0259rh\u0259di ke\u00e7m\u0259k ist\u0259y\u0259n Az\u0259rbaycan Respublikas\u0131 v\u0259t\u0259nda\u015flar\u0131ndan COVID-19 pasportunu (COVID-19-a qar\u015f\u0131 tam peyv\u0259nd olunmas\u0131n\u0131 v\u0259 ya COVID-19-dan sa\u011falaraq immunitet\u0259 malik olmas\u0131n\u0131 t\u0259sdiq ed\u0259n s\u0259n\u0259d) v\u0259 COVID-19-a dair PCR testinin neqativ n\u0259tic\u0259sini t\u0259l\u0259b etm\u0259y\u0259c\u0259k.<\/p>\n<p>Pol\u015fa t\u0259r\u0259fin\u0259 etibarl\u0131 pasport v\u0259 ya qay\u0131d\u0131\u015f \u015f\u0259had\u0259tnam\u0259si il\u0259 ke\u00e7m\u0259k ist\u0259y\u0259n Az\u0259rbaycan Respublikas\u0131 v\u0259t\u0259nda\u015flar\u0131ndan viza t\u0259l\u0259b olunmayacaqd\u0131r, lakin h\u0259min \u015f\u0259xsl\u0259r Pol\u015fa \u0259razisind\u0259 15 g\u00fcnd\u0259n art\u0131q qala bilm\u0259zl\u0259r.<\/p>\n<p>Yaranm\u0131\u015f suallarla ba\u011fl\u0131 v\u0259t\u0259nda\u015flar\u0131m\u0131z Az\u0259rbaycan Respublikas\u0131n\u0131n Pol\u015fa Respublikas\u0131ndak\u0131 S\u0259firliyi il\u0259 +48 576 900 183, +48 22 718 30 70 n\u00f6mr\u0259l\u0259ri il\u0259 v\u0259\u00a0consul_warsaw@mission.mfa.gov.az\u00a0elektron po\u00e7tu vasit\u0259sil\u0259 \u0259laq\u0259 saxlaya bil\u0259r.<\/p>\n<p>X\u00fcsusi hallar il\u0259 ba\u011fl\u0131 v\u0259t\u0259nda\u015flar\u0131m\u0131z Az\u0259rbaycan Respublikas\u0131n\u0131n Kiyev \u015f\u0259h\u0259rind\u0259ki s\u0259firliyi il\u0259 (+380 73) 5050000 telefon x\u0259tti v\u0259\u00a0kiev@mission.mfa.gov.az\u00a0elektron po\u00e7t \u00fcnvan\u0131, Xarkov \u015f\u0259h\u0259rind\u0259ki f\u0259xri konsullu\u011fu il\u0259 (+38057) 7000531 telefon x\u0259tti v\u0259\u00a0info.azconsulate@gmail.com\u00a0elektron po\u00e7t \u00fcnvan\u0131 il\u0259 m\u0259lumat \u0259ld\u0259 ed\u0259 bil\u0259rl\u0259r.<\/p>\n<p>V\u0259ziyy\u0259tin inki\u015faf\u0131ndan as\u0131l\u0131 olaraq \u0259lav\u0259 m\u0259lumat Az\u0259rbaycan Respublikas\u0131n\u0131n Ukraynadak\u0131 s\u0259firliyi t\u0259r\u0259find\u0259n bildiril\u0259c\u0259kdir.<\/p>\n","protected":false},"excerpt":{"rendered":"<p>Xarici \u0130\u015fl\u0259r Nazirliyi Ukrayna \u0259razisind\u0259 daimi v\u0259 m\u00fcv\u0259qq\u0259ti ya\u015fayan, turizm v\u0259 ya t\u0259hsil m\u0259qs\u0259dl\u0259ri il\u0259 h\u0259min \u00f6lk\u0259y\u0259 s\u0259f\u0259r etmi\u015f Az\u0259rbaycan Respublikas\u0131n\u0131n v\u0259t\u0259nda\u015flar\u0131na Ukraynadak\u0131 v\u0259ziyy\u0259tl\u0259 \u0259laq\u0259dar bir daha m\u00fcraci\u0259t ed\u0259r\u0259k onlardan h\u0259rbi q\u00fcvv\u0259l\u0259rin v\u0259 obyektl\u0259rin oldu\u011fu \u0259razil\u0259rd\u0259n uzaq olmalar\u0131n\u0131, evd\u0259 v\u0259 ya t\u0259hl\u00fck\u0259siz yerd\u0259 qalmalar\u0131n\u0131, s\u0259yah\u0259td\u0259n \u00e7\u0259kinm\u0259l\u0259rini t\u00f6vsiy\u0259 edir. Ukraynan\u0131n hava m\u0259kan\u0131 ba\u011fl\u0131 oldu\u011fundan haz\u0131rda v\u0259t\u0259nda\u015flar\u0131m\u0131z h\u0259min \u00f6lk\u0259ni hava n\u0259qliyyat\u0131 vasit\u0259sil\u0259 t\u0259rk ed\u0259 bilmir. Ciddi t\u0259hl\u00fck\u0259 il\u0259 \u00fczl\u0259\u015fmi\u015f Az\u0259rbaycan Respublikas\u0131 v\u0259t\u0259nda\u015flar\u0131 a\u015fa\u011f\u0131dak\u0131 istiqam\u0259tl\u0259r \u00fczr\u0259 qeyd olunan qaydada Ukrayna \u0259razisini t\u0259rk ed\u0259 bil\u0259r: &#8211; Ukraynan\u0131n Moldova il\u0259 olan Oknitsa v\u0259 Palanka s\u0259rh\u0259d-ke\u00e7id&hellip;<\/p>\n","protected":false},"author":2,"featured_media":444220,"comment_status":"closed","ping_status":"closed","sticky":false,"template":"","format":"standard","meta":{"om_disable_all_campaigns":false,"_monsterinsights_skip_tracking":false,"_monsterinsights_sitenote_active":false,"_monsterinsights_sitenote_note":"","_monsterinsights_sitenote_category":0},"categories":[4],"tags":[],"aioseo_notices":[],"gutentor_comment":0,"rttpg_featured_image_url":{"full":["https:\/\/arantv.az\/wp-content\/uploads\/2022\/02\/721e7285164578936992562522510426306.jpg",975,540,false],"landscape":["https:\/\/arantv.az\/wp-content\/uploads\/2022\/02\/721e7285164578936992562522510426306.jpg",975,540,false],"portraits":["https:\/\/arantv.az\/wp-content\/uploads\/2022\/02\/721e7285164578936992562522510426306.jpg",975,540,false],"thumbnail":["https:\/\/arantv.az\/wp-content\/uploads\/2022\/02\/721e7285164578936992562522510426306-500x280.jpg",500,280,true],"medium":["https:\/\/arantv.az\/wp-content\/uploads\/2022\/02\/721e7285164578936992562522510426306-660x365.jpg",660,365,true],"large":["https:\/\/arantv.az\/wp-content\/uploads\/2022\/02\/721e7285164578936992562522510426306-840x465.jpg",640,354,true],"1536x1536":["https:\/\/arantv.az\/wp-content\/uploads\/2022\/02\/721e7285164578936992562522510426306.jpg",975,540,false],"2048x2048":["https:\/\/arantv.az\/wp-content\/uploads\/2022\/02\/721e7285164578936992562522510426306.jpg",975,540,false],"post-thumbnail":["https:\/\/arantv.az\/wp-content\/uploads\/2022\/02\/721e7285164578936992562522510426306-240x172.jpg",240,172,true],"advps-thumb-one":["https:\/\/arantv.az\/wp-content\/uploads\/2022\/02\/721e7285164578936992562522510426306.jpg",975,540,false]},"rttpg_author":{"display_name":"V\u00fcsal Rafiqo\u011flu","author_link":"https:\/\/arantv.az\/?author=2"},"rttpg_comment":0,"rttpg_category":"<a href=\"https:\/\/arantv.az\/?cat=4\" rel=\"category\">Siyas\u0259t<\/a>","rttpg_excerpt":"Xarici \u0130\u015fl\u0259r Nazirliyi Ukrayna \u0259razisind\u0259 daimi v\u0259 m\u00fcv\u0259qq\u0259ti ya\u015fayan, turizm v\u0259 ya t\u0259hsil m\u0259qs\u0259dl\u0259ri il\u0259 h\u0259min \u00f6lk\u0259y\u0259 s\u0259f\u0259r etmi\u015f Az\u0259rbaycan Respublikas\u0131n\u0131n v\u0259t\u0259nda\u015flar\u0131na Ukraynadak\u0131 v\u0259ziyy\u0259tl\u0259 \u0259laq\u0259dar bir daha m\u00fcraci\u0259t ed\u0259r\u0259k onlardan h\u0259rbi q\u00fcvv\u0259l\u0259rin v\u0259 obyektl\u0259rin oldu\u011fu \u0259razil\u0259rd\u0259n uzaq olmalar\u0131n\u0131, evd\u0259 v\u0259 ya t\u0259hl\u00fck\u0259siz yerd\u0259 qalmalar\u0131n\u0131, s\u0259yah\u0259td\u0259n \u00e7\u0259kinm\u0259l\u0259rini t\u00f6vsiy\u0259 edir. Ukraynan\u0131n hava m\u0259kan\u0131 ba\u011fl\u0131 oldu\u011fundan haz\u0131rda v\u0259t\u0259nda\u015flar\u0131m\u0131z&hellip;","_links":{"self":[{"href":"https:\/\/arantv.az\/index.php?rest_route=\/wp\/v2\/posts\/444219"}],"collection":[{"href":"https:\/\/arantv.az\/index.php?rest_route=\/wp\/v2\/posts"}],"about":[{"href":"https:\/\/arantv.az\/index.php?rest_route=\/wp\/v2\/types\/post"}],"author":[{"embeddable":true,"href":"https:\/\/arantv.az\/index.php?rest_route=\/wp\/v2\/users\/2"}],"replies":[{"embeddable":true,"href":"https:\/\/arantv.az\/index.php?rest_route=%2Fwp%2Fv2%2Fcomments&post=444219"}],"version-history":[{"count":0,"href":"https:\/\/arantv.az\/index.php?rest_route=\/wp\/v2\/posts\/444219\/revisions"}],"wp:featuredmedia":[{"embeddable":true,"href":"https:\/\/arantv.az\/index.php?rest_route=\/wp\/v2\/media\/444220"}],"wp:attachment":[{"href":"https:\/\/arantv.az\/index.php?rest_route=%2Fwp%2Fv2%2Fmedia&parent=444219"}],"wp:term":[{"taxonomy":"category","embeddable":true,"href":"https:\/\/arantv.az\/index.php?rest_route=%2Fwp%2Fv2%2Fcategories&post=444219"},{"taxonomy":"post_tag","embeddable":true,"href":"https:\/\/arantv.az\/index.php?rest_route=%2Fwp%2Fv2%2Ftags&post=444219"}],"curies":[{"name":"wp","href":"https:\/\/api.w.org\/{rel}","templated":true}]}}