{"id":444222,"date":"2022-02-25T14:45:56","date_gmt":"2022-02-25T11:45:56","guid":{"rendered":"http:\/\/arantv.az\/?p=444222"},"modified":"2022-02-25T14:45:56","modified_gmt":"2022-02-25T11:45:56","slug":"zelenski-putin%c9%99-muraci%c9%99t-etdi-g%c9%99lin-danisiqlar-masasina-oturaq-video","status":"publish","type":"post","link":"https:\/\/arantv.az\/?p=444222","title":{"rendered":"Zelenski Putin\u0259 m\u00fcraci\u0259t etdi: \u201cG\u0259lin dan\u0131\u015f\u0131qlar masas\u0131na oturaq\u201d &#8211; V\u0130DEO"},"content":{"rendered":"<p>Ukrayna Prezidenti Volodimir Zelenski n\u00f6vb\u0259ti d\u0259f\u0259 xalqa m\u00fcraci\u0259t edib.<\/p>\n<div class=\"AdviadNativeVideo\"><\/div>\n<p>O, Rusiya Prezidenti Vladimir Putini dan\u0131\u015f\u0131qlar masas\u0131na oturma\u011fa \u00e7a\u011f\u0131r\u0131b.<\/p>\n<p>\u201cN\u00f6vb\u0259ti d\u0259f\u0259 Rusiya Federasiyas\u0131n\u0131n Prezidenti Vladimir Putin\u0259 m\u00fcraci\u0259t edir\u0259m. B\u00fct\u00fcn Ukrayna \u0259razisind\u0259 d\u00f6y\u00fc\u015fl\u0259r gedir. \u0130nsanlar\u0131n \u00f6l\u00fcm\u00fcn\u00fc\u00a0dayand\u0131rmaq \u00fc\u00e7\u00fcn, g\u0259lin dan\u0131\u015f\u0131qlar masas\u0131na oturaq\u201d, &#8211; Volodimir Zelenski bildirib.<\/p>\n<div><iframe id=\"instagram-embed-0\" class=\"instagram-media instagram-media-rendered\" src=\"https:\/\/www.instagram.com\/tv\/CaZhj8Dg1AF\/embed\/captioned\/?cr=1&amp;v=14&amp;wp=540&amp;rd=https%3A%2F%2Foxu.az&amp;rp=%2Fworld%2F576968#%7B%22ci%22%3A0%2C%22os%22%3A1212.1000000089407%2C%22ls%22%3A1028.7000000029802%2C%22le%22%3A1144.9000000059605%7D\" height=\"853\" frameborder=\"0\" scrolling=\"no\" allowfullscreen=\"allowfullscreen\" data-instgrm-payload-id=\"instagram-media-payload-0\" data-mce-fragment=\"1\"><\/iframe><\/div>\n<p>&nbsp;<\/p>\n","protected":false},"excerpt":{"rendered":"<p>Ukrayna Prezidenti Volodimir Zelenski n\u00f6vb\u0259ti d\u0259f\u0259 xalqa m\u00fcraci\u0259t edib. O, Rusiya Prezidenti Vladimir Putini dan\u0131\u015f\u0131qlar masas\u0131na oturma\u011fa \u00e7a\u011f\u0131r\u0131b. \u201cN\u00f6vb\u0259ti d\u0259f\u0259 Rusiya Federasiyas\u0131n\u0131n Prezidenti Vladimir Putin\u0259 m\u00fcraci\u0259t edir\u0259m. B\u00fct\u00fcn Ukrayna \u0259razisind\u0259 d\u00f6y\u00fc\u015fl\u0259r gedir. \u0130nsanlar\u0131n \u00f6l\u00fcm\u00fcn\u00fc\u00a0dayand\u0131rmaq \u00fc\u00e7\u00fcn, g\u0259lin dan\u0131\u015f\u0131qlar masas\u0131na oturaq\u201d, &#8211; Volodimir Zelenski bildirib. &nbsp;<\/p>\n","protected":false},"author":2,"featured_media":444223,"comment_status":"closed","ping_status":"closed","sticky":false,"template":"","format":"standard","meta":{"om_disable_all_campaigns":false,"_monsterinsights_skip_tracking":false,"_monsterinsights_sitenote_active":false,"_monsterinsights_sitenote_note":"","_monsterinsights_sitenote_category":0},"categories":[7],"tags":[],"aioseo_notices":[],"gutentor_comment":0,"rttpg_featured_image_url":{"full":["https:\/\/arantv.az\/wp-content\/uploads\/2022\/02\/274241128_470825104586183_7629496503264649062_n.jpg",620,396,false],"landscape":["https:\/\/arantv.az\/wp-content\/uploads\/2022\/02\/274241128_470825104586183_7629496503264649062_n.jpg",620,396,false],"portraits":["https:\/\/arantv.az\/wp-content\/uploads\/2022\/02\/274241128_470825104586183_7629496503264649062_n.jpg",620,396,false],"thumbnail":["https:\/\/arantv.az\/wp-content\/uploads\/2022\/02\/274241128_470825104586183_7629496503264649062_n-500x280.jpg",500,280,true],"medium":["https:\/\/arantv.az\/wp-content\/uploads\/2022\/02\/274241128_470825104586183_7629496503264649062_n-571x365.jpg",571,365,true],"large":["https:\/\/arantv.az\/wp-content\/uploads\/2022\/02\/274241128_470825104586183_7629496503264649062_n.jpg",620,396,false],"1536x1536":["https:\/\/arantv.az\/wp-content\/uploads\/2022\/02\/274241128_470825104586183_7629496503264649062_n.jpg",620,396,false],"2048x2048":["https:\/\/arantv.az\/wp-content\/uploads\/2022\/02\/274241128_470825104586183_7629496503264649062_n.jpg",620,396,false],"post-thumbnail":["https:\/\/arantv.az\/wp-content\/uploads\/2022\/02\/274241128_470825104586183_7629496503264649062_n-240x172.jpg",240,172,true],"advps-thumb-one":["https:\/\/arantv.az\/wp-content\/uploads\/2022\/02\/274241128_470825104586183_7629496503264649062_n.jpg",620,396,false]},"rttpg_author":{"display_name":"V\u00fcsal Rafiqo\u011flu","author_link":"https:\/\/arantv.az\/?author=2"},"rttpg_comment":0,"rttpg_category":"<a href=\"https:\/\/arantv.az\/?cat=7\" rel=\"category\">D\u00fcnya<\/a>","rttpg_excerpt":"Ukrayna Prezidenti Volodimir Zelenski n\u00f6vb\u0259ti d\u0259f\u0259 xalqa m\u00fcraci\u0259t edib. O, Rusiya Prezidenti Vladimir Putini dan\u0131\u015f\u0131qlar masas\u0131na oturma\u011fa \u00e7a\u011f\u0131r\u0131b. \u201cN\u00f6vb\u0259ti d\u0259f\u0259 Rusiya Federasiyas\u0131n\u0131n Prezidenti Vladimir Putin\u0259 m\u00fcraci\u0259t edir\u0259m. B\u00fct\u00fcn Ukrayna \u0259razisind\u0259 d\u00f6y\u00fc\u015fl\u0259r gedir. \u0130nsanlar\u0131n \u00f6l\u00fcm\u00fcn\u00fc\u00a0dayand\u0131rmaq \u00fc\u00e7\u00fcn, g\u0259lin dan\u0131\u015f\u0131qlar masas\u0131na oturaq\u201d, &#8211; Volodimir Zelenski bildirib. &nbsp;","_links":{"self":[{"href":"https:\/\/arantv.az\/index.php?rest_route=\/wp\/v2\/posts\/444222"}],"collection":[{"href":"https:\/\/arantv.az\/index.php?rest_route=\/wp\/v2\/posts"}],"about":[{"href":"https:\/\/arantv.az\/index.php?rest_route=\/wp\/v2\/types\/post"}],"author":[{"embeddable":true,"href":"https:\/\/arantv.az\/index.php?rest_route=\/wp\/v2\/users\/2"}],"replies":[{"embeddable":true,"href":"https:\/\/arantv.az\/index.php?rest_route=%2Fwp%2Fv2%2Fcomments&post=444222"}],"version-history":[{"count":0,"href":"https:\/\/arantv.az\/index.php?rest_route=\/wp\/v2\/posts\/444222\/revisions"}],"wp:featuredmedia":[{"embeddable":true,"href":"https:\/\/arantv.az\/index.php?rest_route=\/wp\/v2\/media\/444223"}],"wp:attachment":[{"href":"https:\/\/arantv.az\/index.php?rest_route=%2Fwp%2Fv2%2Fmedia&parent=444222"}],"wp:term":[{"taxonomy":"category","embeddable":true,"href":"https:\/\/arantv.az\/index.php?rest_route=%2Fwp%2Fv2%2Fcategories&post=444222"},{"taxonomy":"post_tag","embeddable":true,"href":"https:\/\/arantv.az\/index.php?rest_route=%2Fwp%2Fv2%2Ftags&post=444222"}],"curies":[{"name":"wp","href":"https:\/\/api.w.org\/{rel}","templated":true}]}}