{"id":444231,"date":"2022-02-25T14:50:16","date_gmt":"2022-02-25T11:50:16","guid":{"rendered":"http:\/\/arantv.az\/?p=444231"},"modified":"2022-02-25T14:50:16","modified_gmt":"2022-02-25T11:50:16","slug":"rusiya-ukrayna-m%c9%99s%c9%99l%c9%99si-il%c9%99-bagli-avropa-ittifaqi-v%c9%99-q%c9%99rb-ciddi-bir-movqe-gost%c9%99rm%c9%99di-%c9%99rdogan","status":"publish","type":"post","link":"https:\/\/arantv.az\/?p=444231","title":{"rendered":"Rusiya-Ukrayna m\u0259s\u0259l\u0259si il\u0259 ba\u011fl\u0131 Avropa \u0130ttifaq\u0131 v\u0259 Q\u0259rb ciddi bir m\u00f6vqe g\u00f6st\u0259rm\u0259di &#8211; \u018frdo\u011fan"},"content":{"rendered":"<p><strong>Rusiya-Ukrayna m\u0259s\u0259l\u0259si il\u0259 ba\u011fl\u0131 Avropa \u0130ttifaq\u0131 v\u0259 Q\u0259rb t\u0259ss\u00fcfki ciddi bir m\u00f6vqe g\u00f6st\u0259rm\u0259di, onlar\u0131n hams\u0131 Ukraynaya bol-bol m\u0259sl\u0259h\u0259tl\u0259r verirl\u0259r, amma o m\u0259sl\u0259h\u0259tl\u0259rl\u0259 bir n\u0259tic\u0259 \u0259ld\u0259 etm\u0259k m\u00fcmk\u00fcn deyil.<\/strong><\/p>\n<p><strong>ARANTV.AZ\u00a0<\/strong> <a href=\"https:\/\/az.trend.az\/\" target=\"_blank\" rel=\"noopener\">Trend<\/a>-\u0259 istinad\u0259n bildirir ki,\u00a0bunu T\u00fcrkiy\u0259 Prezidenti R\u0259c\u0259b Tayyib \u018frdo\u011fan jurnalistl\u0259r\u0259 a\u00e7\u0131qlamas\u0131nda deyib.<\/p>\n<p>&#8220;H\u0259r hans\u0131 add\u0131m at\u0131lmay\u0131b. Bu g\u00fcnk\u00fc NATO zirv\u0259 g\u00f6r\u00fc\u015f\u00fcnd\u0259 bu m\u0259s\u0259l\u0259l\u0259r m\u00fczakir\u0259 olunacaq. Q\u0259rb Ukrayna m\u0259s\u0259l\u0259sind\u0259 bol-bol m\u0259sl\u0259h\u0259tl\u0259r verm\u0259kd\u0259 davam edir. \u0130nan\u0131ram ki, bug\u00fcnki NATO zirv\u0259sind\u0259 daha q\u0259rarl\u0131 bir m\u00f6vqe ortaya qoyulcaq&#8221;, &#8211; dey\u0259 R.T.\u018frdo\u011fan \u0259lav\u0259 edib.<\/p>\n","protected":false},"excerpt":{"rendered":"<p>Rusiya-Ukrayna m\u0259s\u0259l\u0259si il\u0259 ba\u011fl\u0131 Avropa \u0130ttifaq\u0131 v\u0259 Q\u0259rb t\u0259ss\u00fcfki ciddi bir m\u00f6vqe g\u00f6st\u0259rm\u0259di, onlar\u0131n hams\u0131 Ukraynaya bol-bol m\u0259sl\u0259h\u0259tl\u0259r verirl\u0259r, amma o m\u0259sl\u0259h\u0259tl\u0259rl\u0259 bir n\u0259tic\u0259 \u0259ld\u0259 etm\u0259k m\u00fcmk\u00fcn deyil. ARANTV.AZ\u00a0 Trend-\u0259 istinad\u0259n bildirir ki,\u00a0bunu T\u00fcrkiy\u0259 Prezidenti R\u0259c\u0259b Tayyib \u018frdo\u011fan jurnalistl\u0259r\u0259 a\u00e7\u0131qlamas\u0131nda deyib. &#8220;H\u0259r hans\u0131 add\u0131m at\u0131lmay\u0131b. Bu g\u00fcnk\u00fc NATO zirv\u0259 g\u00f6r\u00fc\u015f\u00fcnd\u0259 bu m\u0259s\u0259l\u0259l\u0259r m\u00fczakir\u0259 olunacaq. Q\u0259rb Ukrayna m\u0259s\u0259l\u0259sind\u0259 bol-bol m\u0259sl\u0259h\u0259tl\u0259r verm\u0259kd\u0259 davam edir. \u0130nan\u0131ram ki, bug\u00fcnki NATO zirv\u0259sind\u0259 daha q\u0259rarl\u0131 bir m\u00f6vqe ortaya qoyulcaq&#8221;, &#8211; dey\u0259 R.T.\u018frdo\u011fan \u0259lav\u0259 edib.<\/p>\n","protected":false},"author":2,"featured_media":444232,"comment_status":"closed","ping_status":"closed","sticky":false,"template":"","format":"standard","meta":{"om_disable_all_campaigns":false,"_monsterinsights_skip_tracking":false,"_monsterinsights_sitenote_active":false,"_monsterinsights_sitenote_note":"","_monsterinsights_sitenote_category":0},"categories":[7],"tags":[],"aioseo_notices":[],"gutentor_comment":0,"rttpg_featured_image_url":{"full":["https:\/\/arantv.az\/wp-content\/uploads\/2022\/02\/1022445.jpg",840,471,false],"landscape":["https:\/\/arantv.az\/wp-content\/uploads\/2022\/02\/1022445.jpg",840,471,false],"portraits":["https:\/\/arantv.az\/wp-content\/uploads\/2022\/02\/1022445.jpg",840,471,false],"thumbnail":["https:\/\/arantv.az\/wp-content\/uploads\/2022\/02\/1022445-500x280.jpg",500,280,true],"medium":["https:\/\/arantv.az\/wp-content\/uploads\/2022\/02\/1022445-651x365.jpg",651,365,true],"large":["https:\/\/arantv.az\/wp-content\/uploads\/2022\/02\/1022445.jpg",640,359,false],"1536x1536":["https:\/\/arantv.az\/wp-content\/uploads\/2022\/02\/1022445.jpg",840,471,false],"2048x2048":["https:\/\/arantv.az\/wp-content\/uploads\/2022\/02\/1022445.jpg",840,471,false],"post-thumbnail":["https:\/\/arantv.az\/wp-content\/uploads\/2022\/02\/1022445-240x172.jpg",240,172,true],"advps-thumb-one":["https:\/\/arantv.az\/wp-content\/uploads\/2022\/02\/1022445.jpg",840,471,false]},"rttpg_author":{"display_name":"V\u00fcsal Rafiqo\u011flu","author_link":"https:\/\/arantv.az\/?author=2"},"rttpg_comment":0,"rttpg_category":"<a href=\"https:\/\/arantv.az\/?cat=7\" rel=\"category\">D\u00fcnya<\/a>","rttpg_excerpt":"Rusiya-Ukrayna m\u0259s\u0259l\u0259si il\u0259 ba\u011fl\u0131 Avropa \u0130ttifaq\u0131 v\u0259 Q\u0259rb t\u0259ss\u00fcfki ciddi bir m\u00f6vqe g\u00f6st\u0259rm\u0259di, onlar\u0131n hams\u0131 Ukraynaya bol-bol m\u0259sl\u0259h\u0259tl\u0259r verirl\u0259r, amma o m\u0259sl\u0259h\u0259tl\u0259rl\u0259 bir n\u0259tic\u0259 \u0259ld\u0259 etm\u0259k m\u00fcmk\u00fcn deyil. ARANTV.AZ\u00a0 Trend-\u0259 istinad\u0259n bildirir ki,\u00a0bunu T\u00fcrkiy\u0259 Prezidenti R\u0259c\u0259b Tayyib \u018frdo\u011fan jurnalistl\u0259r\u0259 a\u00e7\u0131qlamas\u0131nda deyib. &#8220;H\u0259r hans\u0131 add\u0131m at\u0131lmay\u0131b. Bu g\u00fcnk\u00fc NATO zirv\u0259 g\u00f6r\u00fc\u015f\u00fcnd\u0259 bu m\u0259s\u0259l\u0259l\u0259r m\u00fczakir\u0259 olunacaq. Q\u0259rb&hellip;","_links":{"self":[{"href":"https:\/\/arantv.az\/index.php?rest_route=\/wp\/v2\/posts\/444231"}],"collection":[{"href":"https:\/\/arantv.az\/index.php?rest_route=\/wp\/v2\/posts"}],"about":[{"href":"https:\/\/arantv.az\/index.php?rest_route=\/wp\/v2\/types\/post"}],"author":[{"embeddable":true,"href":"https:\/\/arantv.az\/index.php?rest_route=\/wp\/v2\/users\/2"}],"replies":[{"embeddable":true,"href":"https:\/\/arantv.az\/index.php?rest_route=%2Fwp%2Fv2%2Fcomments&post=444231"}],"version-history":[{"count":0,"href":"https:\/\/arantv.az\/index.php?rest_route=\/wp\/v2\/posts\/444231\/revisions"}],"wp:featuredmedia":[{"embeddable":true,"href":"https:\/\/arantv.az\/index.php?rest_route=\/wp\/v2\/media\/444232"}],"wp:attachment":[{"href":"https:\/\/arantv.az\/index.php?rest_route=%2Fwp%2Fv2%2Fmedia&parent=444231"}],"wp:term":[{"taxonomy":"category","embeddable":true,"href":"https:\/\/arantv.az\/index.php?rest_route=%2Fwp%2Fv2%2Fcategories&post=444231"},{"taxonomy":"post_tag","embeddable":true,"href":"https:\/\/arantv.az\/index.php?rest_route=%2Fwp%2Fv2%2Ftags&post=444231"}],"curies":[{"name":"wp","href":"https:\/\/api.w.org\/{rel}","templated":true}]}}