{"id":444234,"date":"2022-02-25T15:03:58","date_gmt":"2022-02-25T12:03:58","guid":{"rendered":"http:\/\/arantv.az\/?p=444234"},"modified":"2022-02-25T15:03:58","modified_gmt":"2022-02-25T12:03:58","slug":"az%c9%99rbaycanla-misir-arasinda-4-s%c9%99n%c9%99d-imzalanib","status":"publish","type":"post","link":"https:\/\/arantv.az\/?p=444234","title":{"rendered":"Az\u0259rbaycanla Misir aras\u0131nda 4 s\u0259n\u0259d imzalan\u0131b"},"content":{"rendered":"<p>Bu g\u00fcn Bak\u0131da ke\u00e7irilmi\u015f Az\u0259rbaycan v\u0259 Misir aras\u0131nda H\u00f6kum\u0259tl\u0259raras\u0131 iqtisadi, texniki v\u0259 elmi \u0259m\u0259kda\u015fl\u0131q \u00fczr\u0259 M\u00fc\u015ft\u0259r\u0259k Komissiyan\u0131n V iclas\u0131nda iki \u00f6lk\u0259 aras\u0131nda 4 s\u0259n\u0259d imzalan\u0131b.<\/p>\n<p>Bu bar\u0259d\u0259 R\u0259q\u0259msal \u0130nki\u015faf v\u0259 N\u0259qliyyat Nazirliyi\u00a0m\u0259lumat yay\u0131b.<\/p>\n<div class=\"AdviadNativeVideo\"><\/div>\n<p>M\u0259lumatda deyilir ki, iclasda i\u015ftirak etm\u0259k m\u0259qs\u0259dil\u0259 M\u00fc\u015ft\u0259r\u0259k Komissiyan\u0131n Misir t\u0259r\u0259fd\u0259n h\u0259ms\u0259dri, bu \u00f6lk\u0259nin beyn\u0259lxalq \u0259m\u0259kda\u015fl\u0131q naziri Rania Al-Ma\u015fat\u0131n r\u0259hb\u0259rliyi il\u0259 n\u00fcmay\u0259nd\u0259 hey\u0259ti \u00f6lk\u0259miz\u0259 s\u0259f\u0259r\u0259 g\u0259lib.<\/p>\n<p>Komissiyan\u0131n Az\u0259rbaycan t\u0259r\u0259fd\u0259n h\u0259ms\u0259dri, r\u0259q\u0259msal inki\u015faf v\u0259 n\u0259qliyyat naziri R\u0259\u015fad N\u0259biyev misirli qonaqlar\u0131 salamlayaraq bildirib ki, Az\u0259rbaycan v\u0259 Misir y\u00fcks\u0259k iqtisadi v\u0259 m\u0259d\u0259ni \u0259laq\u0259l\u0259r\u0259 malik dost \u00f6lk\u0259l\u0259rdir. Bu il iki \u00f6lk\u0259 aras\u0131nda diplomatik \u0259laq\u0259l\u0259rin qurulmas\u0131n\u0131n 30 ili tamam olur.<\/p>\n<p>Nazir Misir n\u00fcmay\u0259nd\u0259 hey\u0259tin\u0259 44 g\u00fcnl\u00fck V\u0259t\u0259n m\u00fcharib\u0259si n\u0259tic\u0259sind\u0259 Erm\u0259nistan i\u015f\u011fal\u0131ndan azad edilmi\u015f Az\u0259rbaycan \u0259razil\u0259rind\u0259 apar\u0131lan yenid\u0259nqurma v\u0259 b\u0259rpa i\u015fl\u0259ri bar\u0259d\u0259 m\u0259lumat verib. O, qeyd edib ki, m\u00fcharib\u0259d\u0259n sonra kommunikasiyalar\u0131n a\u00e7\u0131lmas\u0131 v\u0259 iqtisadi \u0259laq\u0259l\u0259rin b\u0259rpas\u0131, x\u00fcsusil\u0259 Z\u0259ng\u0259zur d\u0259hlizinin realla\u015fd\u0131r\u0131lmas\u0131 regionda sabitliy\u0259 v\u0259 inki\u015fafa \u00f6z t\u00f6hf\u0259sini ver\u0259c\u0259k v\u0259 onun tranzit potensial\u0131n\u0131 daha da g\u00fccl\u0259ndir\u0259c\u0259k.<\/p>\n<p>Sonra R.N\u0259biyev \u00f6lk\u0259mizin \u00f6t\u0259nilki makroiqtisadi g\u00f6st\u0259ricil\u0259ri, el\u0259c\u0259 d\u0259 Az\u0259rbaycanda n\u0259qliyyat v\u0259 r\u0259q\u0259msal transformasiya sah\u0259sind\u0259 g\u00f6r\u00fcl\u0259n v\u0259 planla\u015fd\u0131r\u0131lan i\u015fl\u0259ri diqq\u0259t\u0259 \u00e7atd\u0131r\u0131b.<\/p>\n<p>\u0130clasda ticar\u0259t, s\u0259naye, qar\u015f\u0131l\u0131ql\u0131 investisiyalar, t\u0259hsil, m\u0259d\u0259niyy\u0259t v\u0259 turizm sah\u0259sind\u0259 \u0259m\u0259kda\u015fl\u0131q imkanlar\u0131na dair m\u00fczakir\u0259l\u0259r apar\u0131l\u0131b.<\/p>\n<p>\u0130clas\u0131n sonunda iclas\u0131n protokolu v\u0259 a\u015fa\u011f\u0131dak\u0131 s\u0259n\u0259dl\u0259r imzalan\u0131b:<\/p>\n<p>\u201cAz\u0259rbaycan Respublikas\u0131n\u0131n Ki\u00e7ik v\u0259 Orta Biznesin \u0130nki\u015faf\u0131 Agentliyi il\u0259 Misir \u018fr\u0259b Respublikas\u0131n\u0131n Mikro, Ki\u00e7ik v\u0259 Orta Sahibkarl\u0131\u011f\u0131n \u0130nki\u015faf\u0131 Agentliyi aras\u0131nda Anla\u015fma Memorandumu\u201d;<\/p>\n<p>\u201cAz\u0259rbaycan Respublikas\u0131n\u0131n \u0130xrac\u0131n v\u0259 \u0130nvestisiyalar\u0131n T\u0259\u015fviqi Agentliyi \u2013 AZPROMO il\u0259 Misir \u018fr\u0259b Respublikas\u0131n\u0131n Ticar\u0259t v\u0259 S\u0259naye Nazirliyi aras\u0131nda Az\u0259rbaycan \u2013 Misir Biznes \u015euras\u0131n\u0131n yarad\u0131lmas\u0131 haqq\u0131nda Anla\u015fma Memorandumu\u201d;<\/p>\n<p>\u201cAz\u0259rbaycan Respublikas\u0131n\u0131n \u0130xrac\u0131n v\u0259 \u0130nvestisiyalar\u0131n T\u0259\u015fviqi Agentliyi \u2013 AZPROMO il\u0259 Misirli \u0130\u015f Adamlar\u0131 Assosiasiyas\u0131 aras\u0131nda Anla\u015fma Memorandumu\u201d;<\/p>\n<p>\u201cAz\u0259rbaycan Respublikas\u0131n\u0131n \u201cBak\u0131 Beyn\u0259lxalq D\u0259niz Ticar\u0259t Liman\u0131\u201d QSC il\u0259 Misir \u018fr\u0259b Respublikas\u0131n\u0131n \u0130sg\u0259nd\u0259riyy\u0259 liman\u0131 aras\u0131nda Anla\u015fma Memorandumu\u201d.<\/p>\n<p>M\u00fc\u015ft\u0259r\u0259k Komissiya 1994-c\u00fc ilin 7 aprel tarixind\u0259 Qahir\u0259 \u015f\u0259h\u0259rind\u0259 imzalanm\u0131\u015f \u201cAz\u0259rbaycan Respublikas\u0131 H\u00f6kum\u0259ti v\u0259 Misir \u018fr\u0259b Respublikas\u0131 H\u00f6kum\u0259ti aras\u0131nda iqtisadi v\u0259 elmi-texniki \u0259m\u0259kda\u015fl\u0131q haqq\u0131nda Sazi\u015f\u201d\u0259 \u0259sas\u0259n yarad\u0131l\u0131b.<\/p>\n","protected":false},"excerpt":{"rendered":"<p>Bu g\u00fcn Bak\u0131da ke\u00e7irilmi\u015f Az\u0259rbaycan v\u0259 Misir aras\u0131nda H\u00f6kum\u0259tl\u0259raras\u0131 iqtisadi, texniki v\u0259 elmi \u0259m\u0259kda\u015fl\u0131q \u00fczr\u0259 M\u00fc\u015ft\u0259r\u0259k Komissiyan\u0131n V iclas\u0131nda iki \u00f6lk\u0259 aras\u0131nda 4 s\u0259n\u0259d imzalan\u0131b. Bu bar\u0259d\u0259 R\u0259q\u0259msal \u0130nki\u015faf v\u0259 N\u0259qliyyat Nazirliyi\u00a0m\u0259lumat yay\u0131b. M\u0259lumatda deyilir ki, iclasda i\u015ftirak etm\u0259k m\u0259qs\u0259dil\u0259 M\u00fc\u015ft\u0259r\u0259k Komissiyan\u0131n Misir t\u0259r\u0259fd\u0259n h\u0259ms\u0259dri, bu \u00f6lk\u0259nin beyn\u0259lxalq \u0259m\u0259kda\u015fl\u0131q naziri Rania Al-Ma\u015fat\u0131n r\u0259hb\u0259rliyi il\u0259 n\u00fcmay\u0259nd\u0259 hey\u0259ti \u00f6lk\u0259miz\u0259 s\u0259f\u0259r\u0259 g\u0259lib. Komissiyan\u0131n Az\u0259rbaycan t\u0259r\u0259fd\u0259n h\u0259ms\u0259dri, r\u0259q\u0259msal inki\u015faf v\u0259 n\u0259qliyyat naziri R\u0259\u015fad N\u0259biyev misirli qonaqlar\u0131 salamlayaraq bildirib ki, Az\u0259rbaycan v\u0259 Misir y\u00fcks\u0259k iqtisadi v\u0259 m\u0259d\u0259ni \u0259laq\u0259l\u0259r\u0259 malik dost \u00f6lk\u0259l\u0259rdir. Bu il iki \u00f6lk\u0259&hellip;<\/p>\n","protected":false},"author":2,"featured_media":444235,"comment_status":"closed","ping_status":"closed","sticky":false,"template":"","format":"standard","meta":{"om_disable_all_campaigns":false,"_monsterinsights_skip_tracking":false,"_monsterinsights_sitenote_active":false,"_monsterinsights_sitenote_note":"","_monsterinsights_sitenote_category":0},"categories":[19],"tags":[],"aioseo_notices":[],"gutentor_comment":0,"rttpg_featured_image_url":{"full":["https:\/\/arantv.az\/wp-content\/uploads\/2022\/02\/FotoJet-13-7.jpg",620,413,false],"landscape":["https:\/\/arantv.az\/wp-content\/uploads\/2022\/02\/FotoJet-13-7.jpg",620,413,false],"portraits":["https:\/\/arantv.az\/wp-content\/uploads\/2022\/02\/FotoJet-13-7.jpg",620,413,false],"thumbnail":["https:\/\/arantv.az\/wp-content\/uploads\/2022\/02\/FotoJet-13-7-500x280.jpg",500,280,true],"medium":["https:\/\/arantv.az\/wp-content\/uploads\/2022\/02\/FotoJet-13-7-548x365.jpg",548,365,true],"large":["https:\/\/arantv.az\/wp-content\/uploads\/2022\/02\/FotoJet-13-7.jpg",620,413,false],"1536x1536":["https:\/\/arantv.az\/wp-content\/uploads\/2022\/02\/FotoJet-13-7.jpg",620,413,false],"2048x2048":["https:\/\/arantv.az\/wp-content\/uploads\/2022\/02\/FotoJet-13-7.jpg",620,413,false],"post-thumbnail":["https:\/\/arantv.az\/wp-content\/uploads\/2022\/02\/FotoJet-13-7-240x172.jpg",240,172,true],"advps-thumb-one":["https:\/\/arantv.az\/wp-content\/uploads\/2022\/02\/FotoJet-13-7.jpg",620,413,false]},"rttpg_author":{"display_name":"V\u00fcsal Rafiqo\u011flu","author_link":"https:\/\/arantv.az\/?author=2"},"rttpg_comment":0,"rttpg_category":"<a href=\"https:\/\/arantv.az\/?cat=19\" rel=\"category\">G\u00fcnd\u0259m<\/a>","rttpg_excerpt":"Bu g\u00fcn Bak\u0131da ke\u00e7irilmi\u015f Az\u0259rbaycan v\u0259 Misir aras\u0131nda H\u00f6kum\u0259tl\u0259raras\u0131 iqtisadi, texniki v\u0259 elmi \u0259m\u0259kda\u015fl\u0131q \u00fczr\u0259 M\u00fc\u015ft\u0259r\u0259k Komissiyan\u0131n V iclas\u0131nda iki \u00f6lk\u0259 aras\u0131nda 4 s\u0259n\u0259d imzalan\u0131b. Bu bar\u0259d\u0259 R\u0259q\u0259msal \u0130nki\u015faf v\u0259 N\u0259qliyyat Nazirliyi\u00a0m\u0259lumat yay\u0131b. M\u0259lumatda deyilir ki, iclasda i\u015ftirak etm\u0259k m\u0259qs\u0259dil\u0259 M\u00fc\u015ft\u0259r\u0259k Komissiyan\u0131n Misir t\u0259r\u0259fd\u0259n h\u0259ms\u0259dri, bu \u00f6lk\u0259nin beyn\u0259lxalq \u0259m\u0259kda\u015fl\u0131q naziri Rania Al-Ma\u015fat\u0131n r\u0259hb\u0259rliyi il\u0259 n\u00fcmay\u0259nd\u0259&hellip;","_links":{"self":[{"href":"https:\/\/arantv.az\/index.php?rest_route=\/wp\/v2\/posts\/444234"}],"collection":[{"href":"https:\/\/arantv.az\/index.php?rest_route=\/wp\/v2\/posts"}],"about":[{"href":"https:\/\/arantv.az\/index.php?rest_route=\/wp\/v2\/types\/post"}],"author":[{"embeddable":true,"href":"https:\/\/arantv.az\/index.php?rest_route=\/wp\/v2\/users\/2"}],"replies":[{"embeddable":true,"href":"https:\/\/arantv.az\/index.php?rest_route=%2Fwp%2Fv2%2Fcomments&post=444234"}],"version-history":[{"count":0,"href":"https:\/\/arantv.az\/index.php?rest_route=\/wp\/v2\/posts\/444234\/revisions"}],"wp:featuredmedia":[{"embeddable":true,"href":"https:\/\/arantv.az\/index.php?rest_route=\/wp\/v2\/media\/444235"}],"wp:attachment":[{"href":"https:\/\/arantv.az\/index.php?rest_route=%2Fwp%2Fv2%2Fmedia&parent=444234"}],"wp:term":[{"taxonomy":"category","embeddable":true,"href":"https:\/\/arantv.az\/index.php?rest_route=%2Fwp%2Fv2%2Fcategories&post=444234"},{"taxonomy":"post_tag","embeddable":true,"href":"https:\/\/arantv.az\/index.php?rest_route=%2Fwp%2Fv2%2Ftags&post=444234"}],"curies":[{"name":"wp","href":"https:\/\/api.w.org\/{rel}","templated":true}]}}