{"id":444243,"date":"2022-02-25T15:14:48","date_gmt":"2022-02-25T12:14:48","guid":{"rendered":"http:\/\/arantv.az\/?p=444243"},"modified":"2022-02-25T15:14:48","modified_gmt":"2022-02-25T12:14:48","slug":"%c9%99v%c9%99z-hafizlini-q%c9%99tl%c9%99-yetir%c9%99n-s%c9%99xs-h%c9%99bs-edildi","status":"publish","type":"post","link":"https:\/\/arantv.az\/?p=444243","title":{"rendered":"\u018fv\u0259z Hafizlini q\u0259tl\u0259 yetir\u0259n \u015f\u0259xs H\u018fBS ED\u0130LD\u0130"},"content":{"rendered":"<p>Bak\u0131da bloqeri q\u0259tl\u0259 yetirm\u0259kd\u0259 t\u0259qsirl\u0259ndiril\u0259n \u018fmrulla G\u00fcl\u0259liyevin bar\u0259sind\u0259 h\u0259bs q\u0259timkan t\u0259dbirinin se\u00e7ilm\u0259si il\u0259 ba\u011fl\u0131 t\u0259qdimata bax\u0131l\u0131b.<\/p>\n<p>APA x\u0259b\u0259r verir ki, Sabun\u00e7u rayon M\u0259hk\u0259m\u0259sind\u0259 ke\u00e7iril\u0259n prosesd\u0259 t\u0259qdimat t\u0259min edilib. \u018f.G\u00fcl\u0259liyev bar\u0259sind\u0259 3 ay h\u0259bs q\u0259timkan t\u0259dbiri se\u00e7ilib.<\/p>\n<div class=\"AdviadNativeVideo\"><\/div>\n<p>Qeyd ed\u0259k ki, bir ne\u00e7\u0259 g\u00fcn \u0259vv\u0259l Bak\u0131n\u0131n Sabun\u00e7u rayonunun Balaxan\u0131 q\u0259s\u0259b\u0259sind\u0259 q\u0259tl hadis\u0259si qeyd\u0259 al\u0131n\u0131b.<\/p>\n<p>24 ya\u015fl\u0131 \u018fmrulla G\u00fcl\u0259liyev \u0259misi o\u011flu, h\u0259mya\u015f\u0131d\u0131 \u018fv\u0259z \u015e\u0131xm\u0259mm\u0259dovu (Hafizli) b\u0131\u00e7aqla q\u0259tl\u0259 yetirib. Prokurorluq v\u0259 polis \u0259m\u0259kda\u015flar\u0131 t\u0259r\u0259find\u0259n m\u0259hk\u0259m\u0259-tibb ekspertin i\u015ftirak\u0131 il\u0259 hadis\u0259 yerin\u0259 v\u0259 meyit\u0259 bax\u0131\u015f ke\u00e7irilib, m\u00fcvafiq ekspertizalar t\u0259yin edilib, maddi s\u00fcbutlar g\u00f6t\u00fcr\u00fcl\u00fcb, \u015fahidl\u0259r dindirilib v\u0259 dig\u0259r z\u0259ruri prosessual h\u0259r\u0259k\u0259tl\u0259r yerin\u0259 yetirilib.<\/p>\n<p>\u0130lkin ara\u015fd\u0131rmalarla m\u00fc\u0259yy\u0259n edilib ki, \u018f.G\u00fcl\u0259liyev cinay\u0259ti t\u00f6r\u0259d\u0259rk\u0259n s\u0259rxo\u015f v\u0259ziyy\u0259td\u0259 olub v\u0259 o, ifad\u0259sind\u0259 cinay\u0259ti aralar\u0131nda yaranm\u0131\u015f \u015f\u0259xsi m\u00fcbahis\u0259 z\u0259minind\u0259 t\u00f6r\u0259tdiyini etiraf edib.<\/p>\n<p>Faktla ba\u011fl\u0131 Sabun\u00e7u Rayon Prokurorlu\u011funda Cinay\u0259t M\u0259c\u0259ll\u0259sinin m\u00fcvafiq madd\u0259l\u0259ri il\u0259 cinay\u0259t i\u015fi ba\u015flay\u0131b. \u018f.G\u00fcl\u0259liyev tutularaq istintaqa t\u0259hvil verilib.<\/p>\n<p>Haz\u0131rda i\u015f \u00fczr\u0259 z\u0259ruri istintaq h\u0259r\u0259k\u0259tl\u0259ri v\u0259 \u0259m\u0259liyyat t\u0259dbirl\u0259ri davam etdirilir.<\/p>\n<p>Qeyd ed\u0259k ki, \u018f. \u015e\u0131xm\u0259mm\u0259dov bloqer olub.<\/p>\n","protected":false},"excerpt":{"rendered":"<p>Bak\u0131da bloqeri q\u0259tl\u0259 yetirm\u0259kd\u0259 t\u0259qsirl\u0259ndiril\u0259n \u018fmrulla G\u00fcl\u0259liyevin bar\u0259sind\u0259 h\u0259bs q\u0259timkan t\u0259dbirinin se\u00e7ilm\u0259si il\u0259 ba\u011fl\u0131 t\u0259qdimata bax\u0131l\u0131b. APA x\u0259b\u0259r verir ki, Sabun\u00e7u rayon M\u0259hk\u0259m\u0259sind\u0259 ke\u00e7iril\u0259n prosesd\u0259 t\u0259qdimat t\u0259min edilib. \u018f.G\u00fcl\u0259liyev bar\u0259sind\u0259 3 ay h\u0259bs q\u0259timkan t\u0259dbiri se\u00e7ilib. Qeyd ed\u0259k ki, bir ne\u00e7\u0259 g\u00fcn \u0259vv\u0259l Bak\u0131n\u0131n Sabun\u00e7u rayonunun Balaxan\u0131 q\u0259s\u0259b\u0259sind\u0259 q\u0259tl hadis\u0259si qeyd\u0259 al\u0131n\u0131b. 24 ya\u015fl\u0131 \u018fmrulla G\u00fcl\u0259liyev \u0259misi o\u011flu, h\u0259mya\u015f\u0131d\u0131 \u018fv\u0259z \u015e\u0131xm\u0259mm\u0259dovu (Hafizli) b\u0131\u00e7aqla q\u0259tl\u0259 yetirib. Prokurorluq v\u0259 polis \u0259m\u0259kda\u015flar\u0131 t\u0259r\u0259find\u0259n m\u0259hk\u0259m\u0259-tibb ekspertin i\u015ftirak\u0131 il\u0259 hadis\u0259 yerin\u0259 v\u0259 meyit\u0259 bax\u0131\u015f ke\u00e7irilib, m\u00fcvafiq ekspertizalar t\u0259yin edilib, maddi s\u00fcbutlar g\u00f6t\u00fcr\u00fcl\u00fcb, \u015fahidl\u0259r dindirilib v\u0259&hellip;<\/p>\n","protected":false},"author":2,"featured_media":444244,"comment_status":"closed","ping_status":"closed","sticky":false,"template":"","format":"standard","meta":{"om_disable_all_campaigns":false,"_monsterinsights_skip_tracking":false,"_monsterinsights_sitenote_active":false,"_monsterinsights_sitenote_note":"","_monsterinsights_sitenote_category":0},"categories":[5],"tags":[],"aioseo_notices":[],"gutentor_comment":0,"rttpg_featured_image_url":{"full":["https:\/\/arantv.az\/wp-content\/uploads\/2022\/02\/FotoJet-51-4.jpg",620,413,false],"landscape":["https:\/\/arantv.az\/wp-content\/uploads\/2022\/02\/FotoJet-51-4.jpg",620,413,false],"portraits":["https:\/\/arantv.az\/wp-content\/uploads\/2022\/02\/FotoJet-51-4.jpg",620,413,false],"thumbnail":["https:\/\/arantv.az\/wp-content\/uploads\/2022\/02\/FotoJet-51-4-500x280.jpg",500,280,true],"medium":["https:\/\/arantv.az\/wp-content\/uploads\/2022\/02\/FotoJet-51-4-548x365.jpg",548,365,true],"large":["https:\/\/arantv.az\/wp-content\/uploads\/2022\/02\/FotoJet-51-4.jpg",620,413,false],"1536x1536":["https:\/\/arantv.az\/wp-content\/uploads\/2022\/02\/FotoJet-51-4.jpg",620,413,false],"2048x2048":["https:\/\/arantv.az\/wp-content\/uploads\/2022\/02\/FotoJet-51-4.jpg",620,413,false],"post-thumbnail":["https:\/\/arantv.az\/wp-content\/uploads\/2022\/02\/FotoJet-51-4-240x172.jpg",240,172,true],"advps-thumb-one":["https:\/\/arantv.az\/wp-content\/uploads\/2022\/02\/FotoJet-51-4.jpg",620,413,false]},"rttpg_author":{"display_name":"V\u00fcsal Rafiqo\u011flu","author_link":"https:\/\/arantv.az\/?author=2"},"rttpg_comment":0,"rttpg_category":"<a href=\"https:\/\/arantv.az\/?cat=5\" rel=\"category\">Hadis\u0259<\/a>","rttpg_excerpt":"Bak\u0131da bloqeri q\u0259tl\u0259 yetirm\u0259kd\u0259 t\u0259qsirl\u0259ndiril\u0259n \u018fmrulla G\u00fcl\u0259liyevin bar\u0259sind\u0259 h\u0259bs q\u0259timkan t\u0259dbirinin se\u00e7ilm\u0259si il\u0259 ba\u011fl\u0131 t\u0259qdimata bax\u0131l\u0131b. APA x\u0259b\u0259r verir ki, Sabun\u00e7u rayon M\u0259hk\u0259m\u0259sind\u0259 ke\u00e7iril\u0259n prosesd\u0259 t\u0259qdimat t\u0259min edilib. \u018f.G\u00fcl\u0259liyev bar\u0259sind\u0259 3 ay h\u0259bs q\u0259timkan t\u0259dbiri se\u00e7ilib. Qeyd ed\u0259k ki, bir ne\u00e7\u0259 g\u00fcn \u0259vv\u0259l Bak\u0131n\u0131n Sabun\u00e7u rayonunun Balaxan\u0131 q\u0259s\u0259b\u0259sind\u0259 q\u0259tl hadis\u0259si qeyd\u0259 al\u0131n\u0131b. 24 ya\u015fl\u0131 \u018fmrulla&hellip;","_links":{"self":[{"href":"https:\/\/arantv.az\/index.php?rest_route=\/wp\/v2\/posts\/444243"}],"collection":[{"href":"https:\/\/arantv.az\/index.php?rest_route=\/wp\/v2\/posts"}],"about":[{"href":"https:\/\/arantv.az\/index.php?rest_route=\/wp\/v2\/types\/post"}],"author":[{"embeddable":true,"href":"https:\/\/arantv.az\/index.php?rest_route=\/wp\/v2\/users\/2"}],"replies":[{"embeddable":true,"href":"https:\/\/arantv.az\/index.php?rest_route=%2Fwp%2Fv2%2Fcomments&post=444243"}],"version-history":[{"count":0,"href":"https:\/\/arantv.az\/index.php?rest_route=\/wp\/v2\/posts\/444243\/revisions"}],"wp:featuredmedia":[{"embeddable":true,"href":"https:\/\/arantv.az\/index.php?rest_route=\/wp\/v2\/media\/444244"}],"wp:attachment":[{"href":"https:\/\/arantv.az\/index.php?rest_route=%2Fwp%2Fv2%2Fmedia&parent=444243"}],"wp:term":[{"taxonomy":"category","embeddable":true,"href":"https:\/\/arantv.az\/index.php?rest_route=%2Fwp%2Fv2%2Fcategories&post=444243"},{"taxonomy":"post_tag","embeddable":true,"href":"https:\/\/arantv.az\/index.php?rest_route=%2Fwp%2Fv2%2Ftags&post=444243"}],"curies":[{"name":"wp","href":"https:\/\/api.w.org\/{rel}","templated":true}]}}