{"id":444253,"date":"2022-02-25T15:23:16","date_gmt":"2022-02-25T12:23:16","guid":{"rendered":"http:\/\/arantv.az\/?p=444253"},"modified":"2022-02-25T15:23:16","modified_gmt":"2022-02-25T12:23:16","slug":"barisiq-ucun-etiraf-et-aksiyasi-beyn%c9%99lxalq-miqyasda-genisl%c9%99nir","status":"publish","type":"post","link":"https:\/\/arantv.az\/?p=444253","title":{"rendered":"\u201cBar\u0131\u015f\u0131q \u00fc\u00e7\u00fcn etiraf et\u201d aksiyas\u0131 beyn\u0259lxalq miqyasda geni\u015fl\u0259nir"},"content":{"rendered":"<p>\u0130ndoneziyan\u0131n paytaxt\u0131 Cakarta \u015f\u0259h\u0259rind\u0259 yerli g\u0259nc f\u0259allar t\u0259r\u0259find\u0259n Xocal\u0131 faci\u0259sinin 30 illiyi il\u0259 ba\u011fl\u0131 bir s\u0131ra t\u0259dbirl\u0259r ke\u00e7irib.<\/p>\n<p>T\u0259dbirl\u0259r \u00e7\u0259r\u00e7iv\u0259sind\u0259 bu g\u00fcn Cakarta \u015f\u0259h\u0259rind\u0259 bir qrup indoneziyal\u0131 etiraz\u00e7\u0131 Erm\u0259nistan\u0131n bu \u00f6lk\u0259d\u0259ki s\u0259firliyi qar\u015f\u0131s\u0131nda \u201cBar\u0131\u015f\u0131q \u00fc\u00e7\u00fcn etiraf et\u201d (Recognize to reconcile) \u015f\u00fcar\u0131 il\u0259 mitinq ke\u00e7irib.<\/p>\n<p>Mitinq zaman\u0131 indoneziyal\u0131 g\u0259ncl\u0259r Srebrenitsa Muzeyinin direktor m\u00fcavini, Srebrenitsa faci\u0259sinin qurbanlar\u0131ndan olan Amra Beqi\u00e7in bir ne\u00e7\u0259 g\u00fcn \u00f6nc\u0259 Vyanada ke\u00e7iril\u0259n \u201cS\u00fclh v\u0259 \u0259dal\u0259t\u201d beyn\u0259lxalq konfrans\u0131nda Erm\u0259nistan h\u00f6kum\u0259tinin Xocal\u0131 faci\u0259sini tan\u0131mas\u0131 il\u0259 ba\u011fl\u0131 ir\u0259liy\u0259 s\u00fcrd\u00fcy\u00fc v\u0259 \u0130slam \u018fm\u0259kda\u015fl\u0131q T\u0259\u015fkilat\u0131 G\u0259ncl\u0259r Forumu Avrasiya regional M\u0259rk\u0259zinin beyn\u0259lxalq kampaniyaya \u00e7evirdiyi t\u0259\u015f\u0259bb\u00fcs\u0259 d\u0259st\u0259k g\u00f6st\u0259ribl\u0259r. Pandemiya il\u0259 ba\u011fl\u0131 m\u0259hdudiyy\u0259tl\u0259r\u0259 baxmayaraq iki saat davam ed\u0259n mitinqd\u0259 \u201cXocal\u0131ya \u0259dal\u0259t\u201d, bu faci\u0259 il\u0259 ba\u011fl\u0131 Erm\u0259nistan r\u0259hb\u0259rliyi t\u0259r\u0259find\u0259n m\u0259suliyy\u0259tin q\u0259bul edilm\u0259si, Az\u0259rbaycan xalq\u0131ndan \u00fczr ist\u0259nilm\u0259si il\u0259 ba\u011fl\u0131 \u015f\u00fcarlar s\u0259sl\u0259ndirilib.<\/p>\n","protected":false},"excerpt":{"rendered":"<p>\u0130ndoneziyan\u0131n paytaxt\u0131 Cakarta \u015f\u0259h\u0259rind\u0259 yerli g\u0259nc f\u0259allar t\u0259r\u0259find\u0259n Xocal\u0131 faci\u0259sinin 30 illiyi il\u0259 ba\u011fl\u0131 bir s\u0131ra t\u0259dbirl\u0259r ke\u00e7irib. T\u0259dbirl\u0259r \u00e7\u0259r\u00e7iv\u0259sind\u0259 bu g\u00fcn Cakarta \u015f\u0259h\u0259rind\u0259 bir qrup indoneziyal\u0131 etiraz\u00e7\u0131 Erm\u0259nistan\u0131n bu \u00f6lk\u0259d\u0259ki s\u0259firliyi qar\u015f\u0131s\u0131nda \u201cBar\u0131\u015f\u0131q \u00fc\u00e7\u00fcn etiraf et\u201d (Recognize to reconcile) \u015f\u00fcar\u0131 il\u0259 mitinq ke\u00e7irib. Mitinq zaman\u0131 indoneziyal\u0131 g\u0259ncl\u0259r Srebrenitsa Muzeyinin direktor m\u00fcavini, Srebrenitsa faci\u0259sinin qurbanlar\u0131ndan olan Amra Beqi\u00e7in bir ne\u00e7\u0259 g\u00fcn \u00f6nc\u0259 Vyanada ke\u00e7iril\u0259n \u201cS\u00fclh v\u0259 \u0259dal\u0259t\u201d beyn\u0259lxalq konfrans\u0131nda Erm\u0259nistan h\u00f6kum\u0259tinin Xocal\u0131 faci\u0259sini tan\u0131mas\u0131 il\u0259 ba\u011fl\u0131 ir\u0259liy\u0259 s\u00fcrd\u00fcy\u00fc v\u0259 \u0130slam \u018fm\u0259kda\u015fl\u0131q T\u0259\u015fkilat\u0131 G\u0259ncl\u0259r Forumu Avrasiya regional M\u0259rk\u0259zinin beyn\u0259lxalq kampaniyaya \u00e7evirdiyi&hellip;<\/p>\n","protected":false},"author":2,"featured_media":444254,"comment_status":"closed","ping_status":"closed","sticky":false,"template":"","format":"standard","meta":{"om_disable_all_campaigns":false,"_monsterinsights_skip_tracking":false,"_monsterinsights_sitenote_active":false,"_monsterinsights_sitenote_note":"","_monsterinsights_sitenote_category":0},"categories":[7],"tags":[],"aioseo_notices":[],"gutentor_comment":0,"rttpg_featured_image_url":{"full":["https:\/\/arantv.az\/wp-content\/uploads\/2022\/02\/273910131_942046106453657_2024063965214737413_n.jpg",620,413,false],"landscape":["https:\/\/arantv.az\/wp-content\/uploads\/2022\/02\/273910131_942046106453657_2024063965214737413_n.jpg",620,413,false],"portraits":["https:\/\/arantv.az\/wp-content\/uploads\/2022\/02\/273910131_942046106453657_2024063965214737413_n.jpg",620,413,false],"thumbnail":["https:\/\/arantv.az\/wp-content\/uploads\/2022\/02\/273910131_942046106453657_2024063965214737413_n-500x280.jpg",500,280,true],"medium":["https:\/\/arantv.az\/wp-content\/uploads\/2022\/02\/273910131_942046106453657_2024063965214737413_n-548x365.jpg",548,365,true],"large":["https:\/\/arantv.az\/wp-content\/uploads\/2022\/02\/273910131_942046106453657_2024063965214737413_n.jpg",620,413,false],"1536x1536":["https:\/\/arantv.az\/wp-content\/uploads\/2022\/02\/273910131_942046106453657_2024063965214737413_n.jpg",620,413,false],"2048x2048":["https:\/\/arantv.az\/wp-content\/uploads\/2022\/02\/273910131_942046106453657_2024063965214737413_n.jpg",620,413,false],"post-thumbnail":["https:\/\/arantv.az\/wp-content\/uploads\/2022\/02\/273910131_942046106453657_2024063965214737413_n-240x172.jpg",240,172,true],"advps-thumb-one":["https:\/\/arantv.az\/wp-content\/uploads\/2022\/02\/273910131_942046106453657_2024063965214737413_n.jpg",620,413,false]},"rttpg_author":{"display_name":"V\u00fcsal Rafiqo\u011flu","author_link":"https:\/\/arantv.az\/?author=2"},"rttpg_comment":0,"rttpg_category":"<a href=\"https:\/\/arantv.az\/?cat=7\" rel=\"category\">D\u00fcnya<\/a>","rttpg_excerpt":"\u0130ndoneziyan\u0131n paytaxt\u0131 Cakarta \u015f\u0259h\u0259rind\u0259 yerli g\u0259nc f\u0259allar t\u0259r\u0259find\u0259n Xocal\u0131 faci\u0259sinin 30 illiyi il\u0259 ba\u011fl\u0131 bir s\u0131ra t\u0259dbirl\u0259r ke\u00e7irib. T\u0259dbirl\u0259r \u00e7\u0259r\u00e7iv\u0259sind\u0259 bu g\u00fcn Cakarta \u015f\u0259h\u0259rind\u0259 bir qrup indoneziyal\u0131 etiraz\u00e7\u0131 Erm\u0259nistan\u0131n bu \u00f6lk\u0259d\u0259ki s\u0259firliyi qar\u015f\u0131s\u0131nda \u201cBar\u0131\u015f\u0131q \u00fc\u00e7\u00fcn etiraf et\u201d (Recognize to reconcile) \u015f\u00fcar\u0131 il\u0259 mitinq ke\u00e7irib. Mitinq zaman\u0131 indoneziyal\u0131 g\u0259ncl\u0259r Srebrenitsa Muzeyinin direktor m\u00fcavini, Srebrenitsa faci\u0259sinin qurbanlar\u0131ndan&hellip;","_links":{"self":[{"href":"https:\/\/arantv.az\/index.php?rest_route=\/wp\/v2\/posts\/444253"}],"collection":[{"href":"https:\/\/arantv.az\/index.php?rest_route=\/wp\/v2\/posts"}],"about":[{"href":"https:\/\/arantv.az\/index.php?rest_route=\/wp\/v2\/types\/post"}],"author":[{"embeddable":true,"href":"https:\/\/arantv.az\/index.php?rest_route=\/wp\/v2\/users\/2"}],"replies":[{"embeddable":true,"href":"https:\/\/arantv.az\/index.php?rest_route=%2Fwp%2Fv2%2Fcomments&post=444253"}],"version-history":[{"count":0,"href":"https:\/\/arantv.az\/index.php?rest_route=\/wp\/v2\/posts\/444253\/revisions"}],"wp:featuredmedia":[{"embeddable":true,"href":"https:\/\/arantv.az\/index.php?rest_route=\/wp\/v2\/media\/444254"}],"wp:attachment":[{"href":"https:\/\/arantv.az\/index.php?rest_route=%2Fwp%2Fv2%2Fmedia&parent=444253"}],"wp:term":[{"taxonomy":"category","embeddable":true,"href":"https:\/\/arantv.az\/index.php?rest_route=%2Fwp%2Fv2%2Fcategories&post=444253"},{"taxonomy":"post_tag","embeddable":true,"href":"https:\/\/arantv.az\/index.php?rest_route=%2Fwp%2Fv2%2Ftags&post=444253"}],"curies":[{"name":"wp","href":"https:\/\/api.w.org\/{rel}","templated":true}]}}