{"id":44484,"date":"2019-03-11T15:23:44","date_gmt":"2019-03-11T12:23:44","guid":{"rendered":"http:\/\/arantv.az\/?p=44484"},"modified":"2019-03-11T15:23:44","modified_gmt":"2019-03-11T12:23:44","slug":"ilham-%c9%99liyev-s%c9%99r%c9%99ncam-imzaladi-3","status":"publish","type":"post","link":"https:\/\/arantv.az\/?p=44484","title":{"rendered":"\u0130lham \u018fliyev s\u0259r\u0259ncam imzalad\u0131"},"content":{"rendered":"<p><strong>Az\u0259rbaycan Respublikas\u0131 Prezidenti \u0130lham \u018fliyev El\u00e7in Babayevin Bak\u0131 D\u00f6vl\u0259t Universitetinin rektoru t\u0259yin edilm\u0259si haqq\u0131nda s\u0259r\u0259ncam imzalay\u0131b.<\/strong><\/p>\n<p><strong>ARANTV.AZ<\/strong> s\u0259r\u0259ncam\u0131n m\u0259tnini t\u0259qdim edir:<\/p>\n<p>El\u00e7in S\u0259f\u0259ral\u0131 o\u011flu Babayev Bak\u0131 D\u00f6vl\u0259t Universitetinin rektoru t\u0259yin edilsin.axar.az<\/p>\n","protected":false},"excerpt":{"rendered":"<p>Az\u0259rbaycan Respublikas\u0131 Prezidenti \u0130lham \u018fliyev El\u00e7in Babayevin Bak\u0131 D\u00f6vl\u0259t Universitetinin rektoru t\u0259yin edilm\u0259si haqq\u0131nda s\u0259r\u0259ncam imzalay\u0131b. ARANTV.AZ s\u0259r\u0259ncam\u0131n m\u0259tnini t\u0259qdim edir: El\u00e7in S\u0259f\u0259ral\u0131 o\u011flu Babayev Bak\u0131 D\u00f6vl\u0259t Universitetinin rektoru t\u0259yin edilsin.axar.az<\/p>\n","protected":false},"author":2,"featured_media":44485,"comment_status":"closed","ping_status":"closed","sticky":false,"template":"","format":"standard","meta":{"om_disable_all_campaigns":false,"_monsterinsights_skip_tracking":false,"_monsterinsights_sitenote_active":false,"_monsterinsights_sitenote_note":"","_monsterinsights_sitenote_category":0},"categories":[4],"tags":[],"aioseo_notices":[],"gutentor_comment":0,"rttpg_featured_image_url":{"full":["https:\/\/arantv.az\/wp-content\/uploads\/2019\/03\/ilham-serencam.jpg",620,363,false],"landscape":["https:\/\/arantv.az\/wp-content\/uploads\/2019\/03\/ilham-serencam.jpg",620,363,false],"portraits":["https:\/\/arantv.az\/wp-content\/uploads\/2019\/03\/ilham-serencam.jpg",620,363,false],"thumbnail":["https:\/\/arantv.az\/wp-content\/uploads\/2019\/03\/ilham-serencam-150x150.jpg",150,150,true],"medium":["https:\/\/arantv.az\/wp-content\/uploads\/2019\/03\/ilham-serencam-300x176.jpg",300,176,true],"large":["https:\/\/arantv.az\/wp-content\/uploads\/2019\/03\/ilham-serencam.jpg",620,363,false],"1536x1536":["https:\/\/arantv.az\/wp-content\/uploads\/2019\/03\/ilham-serencam.jpg",620,363,false],"2048x2048":["https:\/\/arantv.az\/wp-content\/uploads\/2019\/03\/ilham-serencam.jpg",620,363,false],"post-thumbnail":["https:\/\/arantv.az\/wp-content\/uploads\/2019\/03\/ilham-serencam-240x172.jpg",240,172,true],"advps-thumb-one":["https:\/\/arantv.az\/wp-content\/uploads\/2019\/03\/ilham-serencam.jpg",620,363,false]},"rttpg_author":{"display_name":"V\u00fcsal Rafiqo\u011flu","author_link":"https:\/\/arantv.az\/?author=2"},"rttpg_comment":0,"rttpg_category":"<a href=\"https:\/\/arantv.az\/?cat=4\" rel=\"category\">Siyas\u0259t<\/a>","rttpg_excerpt":"Az\u0259rbaycan Respublikas\u0131 Prezidenti \u0130lham \u018fliyev El\u00e7in Babayevin Bak\u0131 D\u00f6vl\u0259t Universitetinin rektoru t\u0259yin edilm\u0259si haqq\u0131nda s\u0259r\u0259ncam imzalay\u0131b. ARANTV.AZ s\u0259r\u0259ncam\u0131n m\u0259tnini t\u0259qdim edir: El\u00e7in S\u0259f\u0259ral\u0131 o\u011flu Babayev Bak\u0131 D\u00f6vl\u0259t Universitetinin rektoru t\u0259yin edilsin.axar.az","_links":{"self":[{"href":"https:\/\/arantv.az\/index.php?rest_route=\/wp\/v2\/posts\/44484"}],"collection":[{"href":"https:\/\/arantv.az\/index.php?rest_route=\/wp\/v2\/posts"}],"about":[{"href":"https:\/\/arantv.az\/index.php?rest_route=\/wp\/v2\/types\/post"}],"author":[{"embeddable":true,"href":"https:\/\/arantv.az\/index.php?rest_route=\/wp\/v2\/users\/2"}],"replies":[{"embeddable":true,"href":"https:\/\/arantv.az\/index.php?rest_route=%2Fwp%2Fv2%2Fcomments&post=44484"}],"version-history":[{"count":0,"href":"https:\/\/arantv.az\/index.php?rest_route=\/wp\/v2\/posts\/44484\/revisions"}],"wp:featuredmedia":[{"embeddable":true,"href":"https:\/\/arantv.az\/index.php?rest_route=\/wp\/v2\/media\/44485"}],"wp:attachment":[{"href":"https:\/\/arantv.az\/index.php?rest_route=%2Fwp%2Fv2%2Fmedia&parent=44484"}],"wp:term":[{"taxonomy":"category","embeddable":true,"href":"https:\/\/arantv.az\/index.php?rest_route=%2Fwp%2Fv2%2Fcategories&post=44484"},{"taxonomy":"post_tag","embeddable":true,"href":"https:\/\/arantv.az\/index.php?rest_route=%2Fwp%2Fv2%2Ftags&post=44484"}],"curies":[{"name":"wp","href":"https:\/\/api.w.org\/{rel}","templated":true}]}}