{"id":44493,"date":"2019-03-11T15:34:18","date_gmt":"2019-03-11T12:34:18","guid":{"rendered":"http:\/\/arantv.az\/?p=44493"},"modified":"2019-03-11T15:34:18","modified_gmt":"2019-03-11T12:34:18","slug":"hadi-r%c9%99c%c9%99bli-usaq-pulunun-b%c9%99rpasina-etiraz-etdi","status":"publish","type":"post","link":"https:\/\/arantv.az\/?p=44493","title":{"rendered":"Hadi R\u0259c\u0259bli u\u015faq pulunun b\u0259rpas\u0131na ET\u0130RAZ ETD\u0130"},"content":{"rendered":"<p>\u0130qtisadi v\u0259 Sosial \u0130nki\u015faf M\u0259rk\u0259zi u\u015faqpulunun b\u0259rpas\u0131 \u00fc\u00e7\u00fcn h\u00f6kum\u0259t\u0259 t\u0259klif g\u00f6nd\u0259rib.<\/p>\n<p>M\u0259rk\u0259zin r\u0259hb\u0259ri V\u00fcqar Bayramov bildirib ki, t\u0259klif edil\u0259n mexanizm\u0259 g\u00f6r\u0259, u\u015faqpulunun m\u0259bl\u0259\u011fi \u00fc\u00e7 ya\u015f qruplar\u0131na g\u00f6r\u0259 m\u00fc\u0259yy\u0259nl\u0259\u015fdirilir:<br \/>\n\u201c3 ya\u015f\u0131nad\u0259k u\u015faqlara ayl\u0131q 80 manat \u00f6d\u0259nilm\u0259sini t\u0259klif edirik. Haz\u0131rda bu ya\u015fad\u0259k u\u015faqlar\u0131n say\u0131 634.4 min n\u0259f\u0259rdir. Bel\u0259 ki, ya\u015f\u0131 tamam olmayan u\u015faqlar\u0131n say\u0131 144 min n\u0259f\u0259r, 1 ya\u015fda olanlar 157.8 min n\u0259f\u0259r, 2 ya\u015fda olanlar 164.4 min n\u0259f\u0259r v\u0259 3 ya\u015f\u0131 tamam olanlar 168.2 min n\u0259f\u0259rd\u0131r. 3 ya\u015fad\u0259k u\u015faqlara t\u0259klif edil\u0259n ayl\u0131q u\u015faqpulunun m\u0259bl\u0259\u011fi 50 milyon 752 min manat edir\u201d.<br \/>\nV.Bayramovun s\u00f6zl\u0259rin\u0259 g\u00f6r\u0259, dig\u0259r differensial u\u015faqpulu m\u0259bl\u0259\u011fi 4 ya\u015fdan m\u0259kt\u0259b ya\u015f\u0131nad\u0259k olan u\u015fqalar\u0131 \u0259hat\u0259 edir:<br \/>\n\u201cH\u0259min u\u015faqlar \u00fc\u00e7\u00fcn ayda 50 manat \u00f6d\u0259nilm\u0259sini t\u0259klif edirik. Bu ya\u015f qrupunda \u00f6lk\u0259mizd\u0259 516.8 min u\u015faq var. Bel\u0259 ki, 170.7 min u\u015fa\u011f\u0131n 4, 172.3 min u\u015fa\u011f\u0131n 5 v\u0259 173.8 min u\u015fa\u011f\u0131n is\u0259 6 ya\u015f\u0131 var. Bu ya\u015f qrupu \u00fc\u00e7\u00fcn t\u0259klif edil\u0259n u\u015faq pulunun ayl\u0131q m\u0259bl\u0259\u011fi 25 milyon 840 min manatd\u0131r.<\/p>\n<p>Dig\u0259r u\u015faqpulu \u00f6d\u0259nil\u0259c\u0259k qrup m\u0259kt\u0259blil\u0259rdir. Bu ya\u015fda olanlar \u00fc\u00e7\u00fcn ayl\u0131q 40 manat \u00f6d\u0259nilm\u0259si m\u00fcmk\u00fcnd\u00fcr. Haz\u0131rda 1 milyon 462 min 800 m\u0259kt\u0259bli var. Bu ya\u015f \u00fczr\u0259 u\u015faqlar\u0131n say\u0131 bel\u0259dir: 7 ya\u015f 163.3 min, 8 ya\u015f 149.8 min, 9 ya\u015f 150 min, 10 ya\u015f 124.7 min, 11 ya\u015f 121 min, 12 ya\u015f 120.8 min, 13 ya\u015f 121.1 min, 14 ya\u015f 132.3 min, 15 ya\u015f 126.9 min, 16 ya\u015f 124.2 min, 17 ya\u015f 129.4 min m\u0259kt\u0259bli. Bu ya\u015f kateqoriyas\u0131na daxil olacaq u\u015faqlara \u00f6d\u0259nil\u0259c\u0259k ayl\u0131q u\u015faqpulu m\u0259bl\u0259\u011fi 58 milyon 512 min manat edir\u201d.<\/p>\n<p>Ekspert qeyd edib ki, b\u00fct\u00f6vl\u00fckd\u0259, b\u00fct\u00fcn u\u015faqlara \u00f6d\u0259nilm\u0259si t\u0259klif edil\u0259n ayl\u0131q u\u015faqpulunun m\u0259bl\u0259\u011fi 135 milyon 104 min manat edir ki, bu da illik 1 milyard 612 milyon manat dem\u0259kdir.<\/p>\n<div id=\"AdributorNativeVideo0\" class=\"AdributorNativeVideo\"><\/div>\n<p><ins><\/ins><\/p>\n<div id=\"beacon_85767794d2\"><img loading=\"lazy\" src=\"https:\/\/ads2.newmedia.az\/www\/delivery\/lg.php?bannerid=0&amp;campaignid=0&amp;zoneid=975&amp;loc=https%3A%2F%2Fbig.az%2F347374-hadi_recebli_usaq_pulunun_berpasina_etiraz_etdi.html&amp;referer=https%3A%2F%2Fbig.az%2F&amp;cb=85767794d2\" alt=\"\" width=\"0\" height=\"0\" \/><\/div>\n<p><b>ARANTV.AZ\u00a0<\/b>\u00a0x\u0259b\u0259r verir ki, m\u0259s\u0259l\u0259 il\u0259 ba\u011fl\u0131 Milli M\u0259clisin \u018fm\u0259k v\u0259 sosial siyas\u0259t komit\u0259sinin s\u0259dri Hadi R\u0259c\u0259bli modern.az-a deyib ki, bu g\u00fcn 18 ya\u015fad\u0259k olanlar \u00fc\u00e7\u00fcn u\u015faqpulunun b\u0259rpas\u0131 g\u00fcnd\u0259md\u0259 deyil:<br \/>\n\u201c\u00dcnvanl\u0131 yard\u0131m\u0131n u\u015faqpulu il\u0259 \u0259v\u0259z olunmas\u0131 mexanizmini \u00fcz\u0259rind\u0259 i\u015f getmir. Bildiyiniz kimi, m\u0259n h\u0259r d\u0259f\u0259 parlamentin iclaslar\u0131nda 3 ya\u015fad\u0259k u\u015faqlar \u00fc\u00e7\u00fcn u\u015faqpulunun art\u0131r\u0131lmas\u0131 t\u0259klifl\u0259rini s\u0259sl\u0259ndirmi\u015f\u0259m. V\u0259 h\u0259r zaman dediyim odur ki, 4 v\u0259 daha \u00e7ox \u00f6vlad\u0131 olanlar \u00e7oxu\u015faql\u0131 hesab olunsunlar.<\/p>\n<p>Prezident \u00e7oxu\u015faql\u0131 ail\u0259l\u0259r\u0259l\u0259 m\u00fcavin\u0259t ay\u0131rd\u0131, I qrup \u0259lilliyi olan \u015f\u0259xsl\u0259r\u0259 v\u0259 sa\u011flaml\u0131q imkanlar\u0131 m\u0259hdud 18 ya\u015f\u0131nad\u0259k u\u015faqlara qulluq ed\u0259nl\u0259r\u0259 50 manat veril\u0259c\u0259k. U\u015faqpulu il\u0259 ba\u011fl\u0131 b\u0259zi m\u0259s\u0259l\u0259l\u0259r var\u201d.<\/p>\n<p>H.R\u0259c\u0259bli bildirib ki, 18 ya\u015fad\u0259k b\u00fct\u00fcn t\u0259b\u0259q\u0259l\u0259rd\u0259n olan u\u015faqlara u\u015faqpulu verilm\u0259si do\u011fru deyil:<br \/>\n\u201cBu bel\u0259 ola bilm\u0259z. U\u015faqpulu b\u0259rpa olunsa, varl\u0131-kas\u0131b ham\u0131ya bu m\u00fcavin\u0259t verilm\u0259lidir. Ax\u0131 azt\u0259minatl\u0131 ail\u0259 il\u0259 imkanl\u0131 ail\u0259ni bir tutmaq olmaz, d\u00fcnyada bel\u0259 texnologiya yoxdur. Milyonerin u\u015fa\u011f\u0131na niy\u0259 d\u00f6vl\u0259t u\u015faqpulu verm\u0259lidir?! Bel\u0259 olan t\u0259qdird\u0259 \u00fcnvanl\u0131l\u0131q pozular.<\/p>\n<p>3 ya\u015fad\u0259k u\u015faqlara g\u00f6r\u0259 u\u015faqpulu veril\u0259 bil\u0259r, do\u011fu\u015fa g\u00f6r\u0259 bird\u0259f\u0259lik m\u00fcavin\u0259t verilir. Amma bunu 18 ya\u015fad\u0259k b\u00fct\u00fcn t\u0259b\u0259q\u0259l\u0259rd\u0259n olan u\u015faqlara \u015famil etm\u0259k olmaz\u201d.<\/p>\n<p>Komit\u0259 s\u0259dri qeyd edib ki, u\u015faqpulunun b\u0259rpas\u0131 il\u0259 ba\u011fl\u0131 \u018fm\u0259k v\u0259 \u018fhalinin Sosial M\u00fcdafi\u0259si Nazirliyind\u0259 d\u0259 h\u0259r hans\u0131 m\u0259lumat yoxdur.big.az<\/p>\n<p>&nbsp;<\/p>\n","protected":false},"excerpt":{"rendered":"<p>\u0130qtisadi v\u0259 Sosial \u0130nki\u015faf M\u0259rk\u0259zi u\u015faqpulunun b\u0259rpas\u0131 \u00fc\u00e7\u00fcn h\u00f6kum\u0259t\u0259 t\u0259klif g\u00f6nd\u0259rib. M\u0259rk\u0259zin r\u0259hb\u0259ri V\u00fcqar Bayramov bildirib ki, t\u0259klif edil\u0259n mexanizm\u0259 g\u00f6r\u0259, u\u015faqpulunun m\u0259bl\u0259\u011fi \u00fc\u00e7 ya\u015f qruplar\u0131na g\u00f6r\u0259 m\u00fc\u0259yy\u0259nl\u0259\u015fdirilir: \u201c3 ya\u015f\u0131nad\u0259k u\u015faqlara ayl\u0131q 80 manat \u00f6d\u0259nilm\u0259sini t\u0259klif edirik. Haz\u0131rda bu ya\u015fad\u0259k u\u015faqlar\u0131n say\u0131 634.4 min n\u0259f\u0259rdir. Bel\u0259 ki, ya\u015f\u0131 tamam olmayan u\u015faqlar\u0131n say\u0131 144 min n\u0259f\u0259r, 1 ya\u015fda olanlar 157.8 min n\u0259f\u0259r, 2 ya\u015fda olanlar 164.4 min n\u0259f\u0259r v\u0259 3 ya\u015f\u0131 tamam olanlar 168.2 min n\u0259f\u0259rd\u0131r. 3 ya\u015fad\u0259k u\u015faqlara t\u0259klif edil\u0259n ayl\u0131q u\u015faqpulunun m\u0259bl\u0259\u011fi 50 milyon 752 min manat edir\u201d. V.Bayramovun&hellip;<\/p>\n","protected":false},"author":2,"featured_media":44494,"comment_status":"closed","ping_status":"closed","sticky":false,"template":"","format":"standard","meta":{"om_disable_all_campaigns":false,"_monsterinsights_skip_tracking":false,"_monsterinsights_sitenote_active":false,"_monsterinsights_sitenote_note":"","_monsterinsights_sitenote_category":0},"categories":[1],"tags":[],"aioseo_notices":[],"gutentor_comment":0,"rttpg_featured_image_url":{"full":["https:\/\/arantv.az\/wp-content\/uploads\/2019\/03\/hadi-recebli-deputat.jpg",500,314,false],"landscape":["https:\/\/arantv.az\/wp-content\/uploads\/2019\/03\/hadi-recebli-deputat.jpg",500,314,false],"portraits":["https:\/\/arantv.az\/wp-content\/uploads\/2019\/03\/hadi-recebli-deputat.jpg",500,314,false],"thumbnail":["https:\/\/arantv.az\/wp-content\/uploads\/2019\/03\/hadi-recebli-deputat-150x150.jpg",150,150,true],"medium":["https:\/\/arantv.az\/wp-content\/uploads\/2019\/03\/hadi-recebli-deputat-300x188.jpg",300,188,true],"large":["https:\/\/arantv.az\/wp-content\/uploads\/2019\/03\/hadi-recebli-deputat.jpg",500,314,false],"1536x1536":["https:\/\/arantv.az\/wp-content\/uploads\/2019\/03\/hadi-recebli-deputat.jpg",500,314,false],"2048x2048":["https:\/\/arantv.az\/wp-content\/uploads\/2019\/03\/hadi-recebli-deputat.jpg",500,314,false],"post-thumbnail":["https:\/\/arantv.az\/wp-content\/uploads\/2019\/03\/hadi-recebli-deputat-240x172.jpg",240,172,true],"advps-thumb-one":["https:\/\/arantv.az\/wp-content\/uploads\/2019\/03\/hadi-recebli-deputat.jpg",500,314,false]},"rttpg_author":{"display_name":"V\u00fcsal Rafiqo\u011flu","author_link":"https:\/\/arantv.az\/?author=2"},"rttpg_comment":0,"rttpg_category":"<a href=\"https:\/\/arantv.az\/?cat=1\" rel=\"category\">C\u0259miyy\u0259t<\/a>","rttpg_excerpt":"\u0130qtisadi v\u0259 Sosial \u0130nki\u015faf M\u0259rk\u0259zi u\u015faqpulunun b\u0259rpas\u0131 \u00fc\u00e7\u00fcn h\u00f6kum\u0259t\u0259 t\u0259klif g\u00f6nd\u0259rib. M\u0259rk\u0259zin r\u0259hb\u0259ri V\u00fcqar Bayramov bildirib ki, t\u0259klif edil\u0259n mexanizm\u0259 g\u00f6r\u0259, u\u015faqpulunun m\u0259bl\u0259\u011fi \u00fc\u00e7 ya\u015f qruplar\u0131na g\u00f6r\u0259 m\u00fc\u0259yy\u0259nl\u0259\u015fdirilir: \u201c3 ya\u015f\u0131nad\u0259k u\u015faqlara ayl\u0131q 80 manat \u00f6d\u0259nilm\u0259sini t\u0259klif edirik. Haz\u0131rda bu ya\u015fad\u0259k u\u015faqlar\u0131n say\u0131 634.4 min n\u0259f\u0259rdir. Bel\u0259 ki, ya\u015f\u0131 tamam olmayan u\u015faqlar\u0131n say\u0131 144 min n\u0259f\u0259r,&hellip;","_links":{"self":[{"href":"https:\/\/arantv.az\/index.php?rest_route=\/wp\/v2\/posts\/44493"}],"collection":[{"href":"https:\/\/arantv.az\/index.php?rest_route=\/wp\/v2\/posts"}],"about":[{"href":"https:\/\/arantv.az\/index.php?rest_route=\/wp\/v2\/types\/post"}],"author":[{"embeddable":true,"href":"https:\/\/arantv.az\/index.php?rest_route=\/wp\/v2\/users\/2"}],"replies":[{"embeddable":true,"href":"https:\/\/arantv.az\/index.php?rest_route=%2Fwp%2Fv2%2Fcomments&post=44493"}],"version-history":[{"count":0,"href":"https:\/\/arantv.az\/index.php?rest_route=\/wp\/v2\/posts\/44493\/revisions"}],"wp:featuredmedia":[{"embeddable":true,"href":"https:\/\/arantv.az\/index.php?rest_route=\/wp\/v2\/media\/44494"}],"wp:attachment":[{"href":"https:\/\/arantv.az\/index.php?rest_route=%2Fwp%2Fv2%2Fmedia&parent=44493"}],"wp:term":[{"taxonomy":"category","embeddable":true,"href":"https:\/\/arantv.az\/index.php?rest_route=%2Fwp%2Fv2%2Fcategories&post=44493"},{"taxonomy":"post_tag","embeddable":true,"href":"https:\/\/arantv.az\/index.php?rest_route=%2Fwp%2Fv2%2Ftags&post=44493"}],"curies":[{"name":"wp","href":"https:\/\/api.w.org\/{rel}","templated":true}]}}