{"id":44497,"date":"2019-03-11T15:35:55","date_gmt":"2019-03-11T12:35:55","guid":{"rendered":"http:\/\/arantv.az\/?p=44497"},"modified":"2019-03-11T15:35:55","modified_gmt":"2019-03-11T12:35:55","slug":"az%c9%99rbaycanin-birinci-vitse-prezidenti-mehriban-%c9%99liyeva-fransanin-milli-x%c9%99rc%c9%99ng-institutunun-t%c9%99siscisi-professor-david-hayat-il%c9%99-gorusub-foto","status":"publish","type":"post","link":"https:\/\/arantv.az\/?p=44497","title":{"rendered":"Az\u0259rbaycan\u0131n Birinci vitse-prezidenti Mehriban \u018fliyeva Fransan\u0131n Milli X\u0259r\u00e7\u0259ng \u0130nstitutunun t\u0259sis\u00e7isi professor David Hayat il\u0259 g\u00f6r\u00fc\u015f\u00fcb &#8211; FOTO"},"content":{"rendered":"<p>Az\u0259rbaycan Respublikas\u0131n\u0131n Birinci vitse-prezidenti Mehriban \u018fliyeva mart\u0131n 11-d\u0259 Parisd\u0259 Fransan\u0131n Milli X\u0259r\u00e7\u0259ng \u0130nstitutunun t\u0259sis\u00e7isi v\u0259 ke\u00e7mi\u015f prezidenti professor David Hayat il\u0259 g\u00f6r\u00fc\u015f\u00fcb.<\/p>\n<p><strong>ARANTV.AZ<\/strong> az\u0259rtac-a istinad\u0259n bildirir ki, g\u00f6r\u00fc\u015fd\u0259 onkoloji x\u0259st\u0259likl\u0259rin qar\u015f\u0131s\u0131n\u0131n al\u0131nmas\u0131, bu sah\u0259d\u0259 t\u0259cr\u00fcb\u0259 m\u00fcbadil\u0259sinin apar\u0131lmas\u0131 v\u0259 yeni \u0259m\u0259kda\u015fl\u0131q istiqam\u0259tl\u0259rinin m\u00fc\u0259yy\u0259nl\u0259\u015fdirilm\u0259si il\u0259 ba\u011fl\u0131 geni\u015f fikir m\u00fcbadil\u0259si apar\u0131ld\u0131.<\/p>\n<p>H\u0259m\u00e7inin g\u00f6r\u00fc\u015fd\u0259 iki \u00f6lk\u0259nin onkologiya m\u0259rk\u0259zl\u0259ri aras\u0131nda s\u0131x \u0259m\u0259kda\u015fl\u0131\u011f\u0131n qurulmas\u0131n\u0131n v\u0259 birg\u0259 layih\u0259l\u0259rin h\u0259yata ke\u00e7irilm\u0259sinin z\u0259ruriliyi vur\u011fuland\u0131.<\/p>\n<p><img loading=\"lazy\" class=\"alignnone size-medium wp-image-44498\" src=\"https:\/\/arantv.az\/wp-content\/uploads\/2019\/03\/737941-300x225.jpg\" alt=\"\" width=\"300\" height=\"225\" \/><img loading=\"lazy\" class=\"alignnone size-full wp-image-44499\" src=\"https:\/\/arantv.az\/wp-content\/uploads\/2019\/03\/737941_03.jpg\" alt=\"\" width=\"250\" height=\"149\" \/><\/p>\n","protected":false},"excerpt":{"rendered":"<p>Az\u0259rbaycan Respublikas\u0131n\u0131n Birinci vitse-prezidenti Mehriban \u018fliyeva mart\u0131n 11-d\u0259 Parisd\u0259 Fransan\u0131n Milli X\u0259r\u00e7\u0259ng \u0130nstitutunun t\u0259sis\u00e7isi v\u0259 ke\u00e7mi\u015f prezidenti professor David Hayat il\u0259 g\u00f6r\u00fc\u015f\u00fcb. ARANTV.AZ az\u0259rtac-a istinad\u0259n bildirir ki, g\u00f6r\u00fc\u015fd\u0259 onkoloji x\u0259st\u0259likl\u0259rin qar\u015f\u0131s\u0131n\u0131n al\u0131nmas\u0131, bu sah\u0259d\u0259 t\u0259cr\u00fcb\u0259 m\u00fcbadil\u0259sinin apar\u0131lmas\u0131 v\u0259 yeni \u0259m\u0259kda\u015fl\u0131q istiqam\u0259tl\u0259rinin m\u00fc\u0259yy\u0259nl\u0259\u015fdirilm\u0259si il\u0259 ba\u011fl\u0131 geni\u015f fikir m\u00fcbadil\u0259si apar\u0131ld\u0131. H\u0259m\u00e7inin g\u00f6r\u00fc\u015fd\u0259 iki \u00f6lk\u0259nin onkologiya m\u0259rk\u0259zl\u0259ri aras\u0131nda s\u0131x \u0259m\u0259kda\u015fl\u0131\u011f\u0131n qurulmas\u0131n\u0131n v\u0259 birg\u0259 layih\u0259l\u0259rin h\u0259yata ke\u00e7irilm\u0259sinin z\u0259ruriliyi vur\u011fuland\u0131.<\/p>\n","protected":false},"author":2,"featured_media":44499,"comment_status":"closed","ping_status":"closed","sticky":false,"template":"","format":"standard","meta":{"om_disable_all_campaigns":false,"_monsterinsights_skip_tracking":false,"_monsterinsights_sitenote_active":false,"_monsterinsights_sitenote_note":"","_monsterinsights_sitenote_category":0},"categories":[4],"tags":[],"aioseo_notices":[],"gutentor_comment":0,"rttpg_featured_image_url":{"full":["https:\/\/arantv.az\/wp-content\/uploads\/2019\/03\/737941_03.jpg",250,149,false],"landscape":["https:\/\/arantv.az\/wp-content\/uploads\/2019\/03\/737941_03.jpg",250,149,false],"portraits":["https:\/\/arantv.az\/wp-content\/uploads\/2019\/03\/737941_03.jpg",250,149,false],"thumbnail":["https:\/\/arantv.az\/wp-content\/uploads\/2019\/03\/737941_03-150x149.jpg",150,149,true],"medium":["https:\/\/arantv.az\/wp-content\/uploads\/2019\/03\/737941_03.jpg",250,149,false],"large":["https:\/\/arantv.az\/wp-content\/uploads\/2019\/03\/737941_03.jpg",250,149,false],"1536x1536":["https:\/\/arantv.az\/wp-content\/uploads\/2019\/03\/737941_03.jpg",250,149,false],"2048x2048":["https:\/\/arantv.az\/wp-content\/uploads\/2019\/03\/737941_03.jpg",250,149,false],"post-thumbnail":["https:\/\/arantv.az\/wp-content\/uploads\/2019\/03\/737941_03-240x149.jpg",240,149,true],"advps-thumb-one":["https:\/\/arantv.az\/wp-content\/uploads\/2019\/03\/737941_03.jpg",250,149,false]},"rttpg_author":{"display_name":"V\u00fcsal Rafiqo\u011flu","author_link":"https:\/\/arantv.az\/?author=2"},"rttpg_comment":0,"rttpg_category":"<a href=\"https:\/\/arantv.az\/?cat=4\" rel=\"category\">Siyas\u0259t<\/a>","rttpg_excerpt":"Az\u0259rbaycan Respublikas\u0131n\u0131n Birinci vitse-prezidenti Mehriban \u018fliyeva mart\u0131n 11-d\u0259 Parisd\u0259 Fransan\u0131n Milli X\u0259r\u00e7\u0259ng \u0130nstitutunun t\u0259sis\u00e7isi v\u0259 ke\u00e7mi\u015f prezidenti professor David Hayat il\u0259 g\u00f6r\u00fc\u015f\u00fcb. ARANTV.AZ az\u0259rtac-a istinad\u0259n bildirir ki, g\u00f6r\u00fc\u015fd\u0259 onkoloji x\u0259st\u0259likl\u0259rin qar\u015f\u0131s\u0131n\u0131n al\u0131nmas\u0131, bu sah\u0259d\u0259 t\u0259cr\u00fcb\u0259 m\u00fcbadil\u0259sinin apar\u0131lmas\u0131 v\u0259 yeni \u0259m\u0259kda\u015fl\u0131q istiqam\u0259tl\u0259rinin m\u00fc\u0259yy\u0259nl\u0259\u015fdirilm\u0259si il\u0259 ba\u011fl\u0131 geni\u015f fikir m\u00fcbadil\u0259si apar\u0131ld\u0131. H\u0259m\u00e7inin g\u00f6r\u00fc\u015fd\u0259 iki \u00f6lk\u0259nin onkologiya m\u0259rk\u0259zl\u0259ri aras\u0131nda&hellip;","_links":{"self":[{"href":"https:\/\/arantv.az\/index.php?rest_route=\/wp\/v2\/posts\/44497"}],"collection":[{"href":"https:\/\/arantv.az\/index.php?rest_route=\/wp\/v2\/posts"}],"about":[{"href":"https:\/\/arantv.az\/index.php?rest_route=\/wp\/v2\/types\/post"}],"author":[{"embeddable":true,"href":"https:\/\/arantv.az\/index.php?rest_route=\/wp\/v2\/users\/2"}],"replies":[{"embeddable":true,"href":"https:\/\/arantv.az\/index.php?rest_route=%2Fwp%2Fv2%2Fcomments&post=44497"}],"version-history":[{"count":0,"href":"https:\/\/arantv.az\/index.php?rest_route=\/wp\/v2\/posts\/44497\/revisions"}],"wp:featuredmedia":[{"embeddable":true,"href":"https:\/\/arantv.az\/index.php?rest_route=\/wp\/v2\/media\/44499"}],"wp:attachment":[{"href":"https:\/\/arantv.az\/index.php?rest_route=%2Fwp%2Fv2%2Fmedia&parent=44497"}],"wp:term":[{"taxonomy":"category","embeddable":true,"href":"https:\/\/arantv.az\/index.php?rest_route=%2Fwp%2Fv2%2Fcategories&post=44497"},{"taxonomy":"post_tag","embeddable":true,"href":"https:\/\/arantv.az\/index.php?rest_route=%2Fwp%2Fv2%2Ftags&post=44497"}],"curies":[{"name":"wp","href":"https:\/\/api.w.org\/{rel}","templated":true}]}}