{"id":44538,"date":"2019-03-11T16:15:35","date_gmt":"2019-03-11T13:15:35","guid":{"rendered":"http:\/\/arantv.az\/?p=44538"},"modified":"2019-03-11T16:15:35","modified_gmt":"2019-03-11T13:15:35","slug":"bakida-q%c9%99za-bmw-ev%c9%99-cirpildi-video","status":"publish","type":"post","link":"https:\/\/arantv.az\/?p=44538","title":{"rendered":"Bak\u0131da q\u0259za: &#8220;BMW&#8221; ev\u0259 \u00e7\u0131rp\u0131ld\u0131 &#8211; V\u0130DEO"},"content":{"rendered":"<div id=\"entry\" class=\"entry\">S\u0259bail rayonunda yol-n\u0259qliyyat hadis\u0259si zaman\u0131 bir n\u0259f\u0259r x\u0259sar\u0259t al\u0131b.<\/p>\n<p><b>ARANTV.AZ<\/b>-\u0131n ona-ya istinad\u0259n m\u0259lumat\u0131na g\u00f6r\u0259, hadis\u0259 Badamdar q\u0259s\u0259b\u0259si, 1-ci massivd\u0259 ba\u015f verib.<\/p>\n<p>Bel\u0259 ki, Abdullayev El\u015f\u0259n y\u00fcks\u0259k s\u00fcr\u0259tl\u0259 idar\u0259 etdiyi \u201cBMW\u201d markal\u0131 avtomobill\u0259 idar\u0259etm\u0259ni itir\u0259r\u0259k, f\u0259rdi ya\u015fay\u0131\u015f evinin giri\u015fin\u0259 \u00e7\u0131rp\u0131l\u0131b.<\/p>\n<div id=\"AdributorNativeVideo0\" class=\"AdributorNativeVideo\"><\/div>\n<p>S\u00fcr\u00fcc\u00fc m\u00fcxt\u0259lif d\u0259r\u0259c\u0259li s\u0131n\u0131q x\u0259sar\u0259tl\u0259ri al\u0131b v\u0259 x\u0259st\u0259xanaya yerl\u0259\u015fdirilib.<br \/>\n<ins><\/p>\n<div id=\"beacon_92c5e10b85\"><img loading=\"lazy\" src=\"https:\/\/ads2.newmedia.az\/www\/delivery\/lg.php?bannerid=0&amp;campaignid=0&amp;zoneid=975&amp;loc=https%3A%2F%2Fbig.az%2F347389-bakida_qeza_bmw_eve_cirpildi_-_video.html&amp;referer=https%3A%2F%2Fbig.az%2F&amp;cb=92c5e10b85\" alt=\"\" width=\"0\" height=\"0\" \/><\/div>\n<p><\/ins><br \/>\nEvin\u0259 z\u0259r\u0259r d\u0259y\u0259n \u015f\u0259xsin s\u00f6zl\u0259rin\u0259 g\u00f6r\u0259, s\u00fcr\u00fcc\u00fc onlar\u0131n qon\u015fulu\u011funda ya\u015fay\u0131r.<\/p>\n<p>Faktla ba\u011fl\u0131 ara\u015fd\u0131rma apar\u0131l\u0131r.<\/p>\n<div class=\"embed-responsive embed-responsive-16by9\"><iframe loading=\"lazy\" id=\"nmqembedid\" class=\"embed-responsive-item\" title=\"video player\" src=\"https:\/\/izle.az\/embed\/qyyxdc3SLQorKw-vcswGAA~~\" width=\"600\" height=\"340\" frameborder=\"0\" scrolling=\"no\" allowfullscreen=\"allowfullscreen\" data-mce-fragment=\"1\"><\/iframe><\/div>\n<div id=\"myrekopen\">\n<div id=\"SC_TBlock_127697\" class=\"SC_TBlock\"><\/div>\n<\/div>\n<\/div>\n<p><b>\u015ei<\/b><\/p>\n","protected":false},"excerpt":{"rendered":"<p>S\u0259bail rayonunda yol-n\u0259qliyyat hadis\u0259si zaman\u0131 bir n\u0259f\u0259r x\u0259sar\u0259t al\u0131b. ARANTV.AZ-\u0131n ona-ya istinad\u0259n m\u0259lumat\u0131na g\u00f6r\u0259, hadis\u0259 Badamdar q\u0259s\u0259b\u0259si, 1-ci massivd\u0259 ba\u015f verib. Bel\u0259 ki, Abdullayev El\u015f\u0259n y\u00fcks\u0259k s\u00fcr\u0259tl\u0259 idar\u0259 etdiyi \u201cBMW\u201d markal\u0131 avtomobill\u0259 idar\u0259etm\u0259ni itir\u0259r\u0259k, f\u0259rdi ya\u015fay\u0131\u015f evinin giri\u015fin\u0259 \u00e7\u0131rp\u0131l\u0131b. S\u00fcr\u00fcc\u00fc m\u00fcxt\u0259lif d\u0259r\u0259c\u0259li s\u0131n\u0131q x\u0259sar\u0259tl\u0259ri al\u0131b v\u0259 x\u0259st\u0259xanaya yerl\u0259\u015fdirilib. Evin\u0259 z\u0259r\u0259r d\u0259y\u0259n \u015f\u0259xsin s\u00f6zl\u0259rin\u0259 g\u00f6r\u0259, s\u00fcr\u00fcc\u00fc onlar\u0131n qon\u015fulu\u011funda ya\u015fay\u0131r. Faktla ba\u011fl\u0131 ara\u015fd\u0131rma apar\u0131l\u0131r. \u015ei<\/p>\n","protected":false},"author":2,"featured_media":44539,"comment_status":"closed","ping_status":"closed","sticky":false,"template":"","format":"standard","meta":{"om_disable_all_campaigns":false,"_monsterinsights_skip_tracking":false,"_monsterinsights_sitenote_active":false,"_monsterinsights_sitenote_note":"","_monsterinsights_sitenote_category":0},"categories":[5],"tags":[],"aioseo_notices":[],"gutentor_comment":0,"rttpg_featured_image_url":{"full":["https:\/\/arantv.az\/wp-content\/uploads\/2019\/03\/95c85a7cc8898b.jpg",650,433,false],"landscape":["https:\/\/arantv.az\/wp-content\/uploads\/2019\/03\/95c85a7cc8898b.jpg",650,433,false],"portraits":["https:\/\/arantv.az\/wp-content\/uploads\/2019\/03\/95c85a7cc8898b.jpg",650,433,false],"thumbnail":["https:\/\/arantv.az\/wp-content\/uploads\/2019\/03\/95c85a7cc8898b-150x150.jpg",150,150,true],"medium":["https:\/\/arantv.az\/wp-content\/uploads\/2019\/03\/95c85a7cc8898b-300x200.jpg",300,200,true],"large":["https:\/\/arantv.az\/wp-content\/uploads\/2019\/03\/95c85a7cc8898b.jpg",640,426,false],"1536x1536":["https:\/\/arantv.az\/wp-content\/uploads\/2019\/03\/95c85a7cc8898b.jpg",650,433,false],"2048x2048":["https:\/\/arantv.az\/wp-content\/uploads\/2019\/03\/95c85a7cc8898b.jpg",650,433,false],"post-thumbnail":["https:\/\/arantv.az\/wp-content\/uploads\/2019\/03\/95c85a7cc8898b-240x172.jpg",240,172,true],"advps-thumb-one":["https:\/\/arantv.az\/wp-content\/uploads\/2019\/03\/95c85a7cc8898b.jpg",650,433,false]},"rttpg_author":{"display_name":"V\u00fcsal Rafiqo\u011flu","author_link":"https:\/\/arantv.az\/?author=2"},"rttpg_comment":0,"rttpg_category":"<a href=\"https:\/\/arantv.az\/?cat=5\" rel=\"category\">Hadis\u0259<\/a>","rttpg_excerpt":"S\u0259bail rayonunda yol-n\u0259qliyyat hadis\u0259si zaman\u0131 bir n\u0259f\u0259r x\u0259sar\u0259t al\u0131b. ARANTV.AZ-\u0131n ona-ya istinad\u0259n m\u0259lumat\u0131na g\u00f6r\u0259, hadis\u0259 Badamdar q\u0259s\u0259b\u0259si, 1-ci massivd\u0259 ba\u015f verib. Bel\u0259 ki, Abdullayev El\u015f\u0259n y\u00fcks\u0259k s\u00fcr\u0259tl\u0259 idar\u0259 etdiyi \u201cBMW\u201d markal\u0131 avtomobill\u0259 idar\u0259etm\u0259ni itir\u0259r\u0259k, f\u0259rdi ya\u015fay\u0131\u015f evinin giri\u015fin\u0259 \u00e7\u0131rp\u0131l\u0131b. S\u00fcr\u00fcc\u00fc m\u00fcxt\u0259lif d\u0259r\u0259c\u0259li s\u0131n\u0131q x\u0259sar\u0259tl\u0259ri al\u0131b v\u0259 x\u0259st\u0259xanaya yerl\u0259\u015fdirilib. Evin\u0259 z\u0259r\u0259r d\u0259y\u0259n \u015f\u0259xsin s\u00f6zl\u0259rin\u0259 g\u00f6r\u0259, s\u00fcr\u00fcc\u00fc&hellip;","_links":{"self":[{"href":"https:\/\/arantv.az\/index.php?rest_route=\/wp\/v2\/posts\/44538"}],"collection":[{"href":"https:\/\/arantv.az\/index.php?rest_route=\/wp\/v2\/posts"}],"about":[{"href":"https:\/\/arantv.az\/index.php?rest_route=\/wp\/v2\/types\/post"}],"author":[{"embeddable":true,"href":"https:\/\/arantv.az\/index.php?rest_route=\/wp\/v2\/users\/2"}],"replies":[{"embeddable":true,"href":"https:\/\/arantv.az\/index.php?rest_route=%2Fwp%2Fv2%2Fcomments&post=44538"}],"version-history":[{"count":0,"href":"https:\/\/arantv.az\/index.php?rest_route=\/wp\/v2\/posts\/44538\/revisions"}],"wp:featuredmedia":[{"embeddable":true,"href":"https:\/\/arantv.az\/index.php?rest_route=\/wp\/v2\/media\/44539"}],"wp:attachment":[{"href":"https:\/\/arantv.az\/index.php?rest_route=%2Fwp%2Fv2%2Fmedia&parent=44538"}],"wp:term":[{"taxonomy":"category","embeddable":true,"href":"https:\/\/arantv.az\/index.php?rest_route=%2Fwp%2Fv2%2Fcategories&post=44538"},{"taxonomy":"post_tag","embeddable":true,"href":"https:\/\/arantv.az\/index.php?rest_route=%2Fwp%2Fv2%2Ftags&post=44538"}],"curies":[{"name":"wp","href":"https:\/\/api.w.org\/{rel}","templated":true}]}}