{"id":445593,"date":"2022-02-28T13:27:42","date_gmt":"2022-02-28T10:27:42","guid":{"rendered":"http:\/\/arantv.az\/?p=445593"},"modified":"2022-02-28T13:27:42","modified_gmt":"2022-02-28T10:27:42","slug":"ukrayna-rusiya-numay%c9%99nd%c9%99-hey%c9%99tl%c9%99rinin-gorusu-baslayir-yenil%c9%99nib","status":"publish","type":"post","link":"https:\/\/arantv.az\/?p=445593","title":{"rendered":"Ukrayna Rusiya n\u00fcmay\u0259nd\u0259 hey\u0259tl\u0259rinin g\u00f6r\u00fc\u015f\u00fc ba\u015flay\u0131r &#8211; YEN\u0130L\u018fN\u0130B"},"content":{"rendered":"<p>Belarusun Qomel vilay\u0259tind\u0259 Rusiya il\u0259 Ukrayna aras\u0131nda dan\u0131\u015f\u0131qlar ba\u015flay\u0131r.<\/p>\n<p>N\u00fcmay\u0259nd\u0259 hey\u0259tl\u0259rinin g\u00f6r\u00fc\u015f\u00fc Ukrayna s\u0259rh\u0259di yax\u0131nl\u0131\u011f\u0131nda, Pripyat \u00e7ay\u0131n\u0131n sahilind\u0259 ke\u00e7irilir.<\/p>\n<div class=\"AdviadNativeVideo\"><\/div>\n<p>T\u0259hl\u00fck\u0259sizlik s\u0259b\u0259bi il\u0259 d\u0259qiq g\u00f6r\u00fc\u015f yerinin ad\u0131 a\u00e7\u0131qlanm\u0131r.<\/p>\n<p><strong>13:02<\/strong><\/p>\n<p>Ukrayna n\u00fcmay\u0259nd\u0259 hey\u0259ti Belarusla s\u0259rh\u0259dd\u0259 Rusiya il\u0259 dan\u0131\u015f\u0131qlar\u0131n ke\u00e7iril\u0259c\u0259yi rayona g\u0259lib.<\/p>\n<p>Bu bar\u0259d\u0259 Ukrayna Prezidenti Ofisinin m\u0259tbuat xidm\u0259ti m\u0259lumat yay\u0131b.<\/p>\n<p>N\u00fcmay\u0259nd\u0259 hey\u0259tin\u0259 \u201cXalq\u0131n xidm\u0259t\u00e7isi\u201d fraksiyas\u0131n\u0131n s\u0259dri David Araxamiya, Ukraynan\u0131n m\u00fcdafi\u0259 naziri Aleksey Reznikov, Ukrayna Prezidenti Ofisinin r\u0259hb\u0259rinin m\u00fc\u015faviri Mixail Podolyak, Ukraynan\u0131n \u00fc\u00e7t\u0259r\u0259fli t\u0259mas qrupundak\u0131 n\u00fcmay\u0259nd\u0259 hey\u0259tinin s\u0259dri Andrey Kostin, deputat R\u00fcst\u0259m Umerov v\u0259 xarici i\u015fl\u0259r nazirinin m\u00fcavini Nikolay To\u00e7itski daxil olub.<\/p>\n<p>Dan\u0131\u015f\u0131qlarda \u0259sas t\u0259l\u0259bin at\u0259\u015fin d\u0259rhal dayand\u0131r\u0131lmas\u0131 v\u0259 qo\u015funlar\u0131n Ukrayna \u0259razisind\u0259n \u00e7\u0131xar\u0131lmas\u0131 oldu\u011fu bildirilir.<\/p>\n<p>M\u0259nb\u0259: Unian.net<\/p>\n","protected":false},"excerpt":{"rendered":"<p>Belarusun Qomel vilay\u0259tind\u0259 Rusiya il\u0259 Ukrayna aras\u0131nda dan\u0131\u015f\u0131qlar ba\u015flay\u0131r. N\u00fcmay\u0259nd\u0259 hey\u0259tl\u0259rinin g\u00f6r\u00fc\u015f\u00fc Ukrayna s\u0259rh\u0259di yax\u0131nl\u0131\u011f\u0131nda, Pripyat \u00e7ay\u0131n\u0131n sahilind\u0259 ke\u00e7irilir. T\u0259hl\u00fck\u0259sizlik s\u0259b\u0259bi il\u0259 d\u0259qiq g\u00f6r\u00fc\u015f yerinin ad\u0131 a\u00e7\u0131qlanm\u0131r. 13:02 Ukrayna n\u00fcmay\u0259nd\u0259 hey\u0259ti Belarusla s\u0259rh\u0259dd\u0259 Rusiya il\u0259 dan\u0131\u015f\u0131qlar\u0131n ke\u00e7iril\u0259c\u0259yi rayona g\u0259lib. Bu bar\u0259d\u0259 Ukrayna Prezidenti Ofisinin m\u0259tbuat xidm\u0259ti m\u0259lumat yay\u0131b. N\u00fcmay\u0259nd\u0259 hey\u0259tin\u0259 \u201cXalq\u0131n xidm\u0259t\u00e7isi\u201d fraksiyas\u0131n\u0131n s\u0259dri David Araxamiya, Ukraynan\u0131n m\u00fcdafi\u0259 naziri Aleksey Reznikov, Ukrayna Prezidenti Ofisinin r\u0259hb\u0259rinin m\u00fc\u015faviri Mixail Podolyak, Ukraynan\u0131n \u00fc\u00e7t\u0259r\u0259fli t\u0259mas qrupundak\u0131 n\u00fcmay\u0259nd\u0259 hey\u0259tinin s\u0259dri Andrey Kostin, deputat R\u00fcst\u0259m Umerov v\u0259 xarici i\u015fl\u0259r nazirinin m\u00fcavini Nikolay To\u00e7itski daxil olub. Dan\u0131\u015f\u0131qlarda&hellip;<\/p>\n","protected":false},"author":2,"featured_media":445518,"comment_status":"closed","ping_status":"closed","sticky":false,"template":"","format":"standard","meta":{"om_disable_all_campaigns":false,"_monsterinsights_skip_tracking":false,"_monsterinsights_sitenote_active":false,"_monsterinsights_sitenote_note":"","_monsterinsights_sitenote_category":0},"categories":[7],"tags":[],"aioseo_notices":[],"gutentor_comment":0,"rttpg_featured_image_url":{"full":["https:\/\/arantv.az\/wp-content\/uploads\/2022\/02\/274806938_1020486261896172_8595287560948242944_n.jpg",620,410,false],"landscape":["https:\/\/arantv.az\/wp-content\/uploads\/2022\/02\/274806938_1020486261896172_8595287560948242944_n.jpg",620,410,false],"portraits":["https:\/\/arantv.az\/wp-content\/uploads\/2022\/02\/274806938_1020486261896172_8595287560948242944_n.jpg",620,410,false],"thumbnail":["https:\/\/arantv.az\/wp-content\/uploads\/2022\/02\/274806938_1020486261896172_8595287560948242944_n-500x280.jpg",500,280,true],"medium":["https:\/\/arantv.az\/wp-content\/uploads\/2022\/02\/274806938_1020486261896172_8595287560948242944_n-552x365.jpg",552,365,true],"large":["https:\/\/arantv.az\/wp-content\/uploads\/2022\/02\/274806938_1020486261896172_8595287560948242944_n.jpg",620,410,false],"1536x1536":["https:\/\/arantv.az\/wp-content\/uploads\/2022\/02\/274806938_1020486261896172_8595287560948242944_n.jpg",620,410,false],"2048x2048":["https:\/\/arantv.az\/wp-content\/uploads\/2022\/02\/274806938_1020486261896172_8595287560948242944_n.jpg",620,410,false],"post-thumbnail":["https:\/\/arantv.az\/wp-content\/uploads\/2022\/02\/274806938_1020486261896172_8595287560948242944_n-240x172.jpg",240,172,true],"advps-thumb-one":["https:\/\/arantv.az\/wp-content\/uploads\/2022\/02\/274806938_1020486261896172_8595287560948242944_n.jpg",620,410,false]},"rttpg_author":{"display_name":"V\u00fcsal Rafiqo\u011flu","author_link":"https:\/\/arantv.az\/?author=2"},"rttpg_comment":0,"rttpg_category":"<a href=\"https:\/\/arantv.az\/?cat=7\" rel=\"category\">D\u00fcnya<\/a>","rttpg_excerpt":"Belarusun Qomel vilay\u0259tind\u0259 Rusiya il\u0259 Ukrayna aras\u0131nda dan\u0131\u015f\u0131qlar ba\u015flay\u0131r. N\u00fcmay\u0259nd\u0259 hey\u0259tl\u0259rinin g\u00f6r\u00fc\u015f\u00fc Ukrayna s\u0259rh\u0259di yax\u0131nl\u0131\u011f\u0131nda, Pripyat \u00e7ay\u0131n\u0131n sahilind\u0259 ke\u00e7irilir. T\u0259hl\u00fck\u0259sizlik s\u0259b\u0259bi il\u0259 d\u0259qiq g\u00f6r\u00fc\u015f yerinin ad\u0131 a\u00e7\u0131qlanm\u0131r. 13:02 Ukrayna n\u00fcmay\u0259nd\u0259 hey\u0259ti Belarusla s\u0259rh\u0259dd\u0259 Rusiya il\u0259 dan\u0131\u015f\u0131qlar\u0131n ke\u00e7iril\u0259c\u0259yi rayona g\u0259lib. Bu bar\u0259d\u0259 Ukrayna Prezidenti Ofisinin m\u0259tbuat xidm\u0259ti m\u0259lumat yay\u0131b. N\u00fcmay\u0259nd\u0259 hey\u0259tin\u0259 \u201cXalq\u0131n xidm\u0259t\u00e7isi\u201d fraksiyas\u0131n\u0131n s\u0259dri David&hellip;","_links":{"self":[{"href":"https:\/\/arantv.az\/index.php?rest_route=\/wp\/v2\/posts\/445593"}],"collection":[{"href":"https:\/\/arantv.az\/index.php?rest_route=\/wp\/v2\/posts"}],"about":[{"href":"https:\/\/arantv.az\/index.php?rest_route=\/wp\/v2\/types\/post"}],"author":[{"embeddable":true,"href":"https:\/\/arantv.az\/index.php?rest_route=\/wp\/v2\/users\/2"}],"replies":[{"embeddable":true,"href":"https:\/\/arantv.az\/index.php?rest_route=%2Fwp%2Fv2%2Fcomments&post=445593"}],"version-history":[{"count":0,"href":"https:\/\/arantv.az\/index.php?rest_route=\/wp\/v2\/posts\/445593\/revisions"}],"wp:featuredmedia":[{"embeddable":true,"href":"https:\/\/arantv.az\/index.php?rest_route=\/wp\/v2\/media\/445518"}],"wp:attachment":[{"href":"https:\/\/arantv.az\/index.php?rest_route=%2Fwp%2Fv2%2Fmedia&parent=445593"}],"wp:term":[{"taxonomy":"category","embeddable":true,"href":"https:\/\/arantv.az\/index.php?rest_route=%2Fwp%2Fv2%2Fcategories&post=445593"},{"taxonomy":"post_tag","embeddable":true,"href":"https:\/\/arantv.az\/index.php?rest_route=%2Fwp%2Fv2%2Ftags&post=445593"}],"curies":[{"name":"wp","href":"https:\/\/api.w.org\/{rel}","templated":true}]}}