{"id":445601,"date":"2022-02-28T13:39:26","date_gmt":"2022-02-28T10:39:26","guid":{"rendered":"http:\/\/arantv.az\/?p=445601"},"modified":"2022-02-28T13:39:26","modified_gmt":"2022-02-28T10:39:26","slug":"gurcustan-rusiyaya-qarsi-sanksiyalara-qosulmamasinin-s%c9%99b%c9%99bini-aciqladi","status":"publish","type":"post","link":"https:\/\/arantv.az\/?p=445601","title":{"rendered":"G\u00fcrc\u00fcstan Rusiyaya qar\u015f\u0131 sanksiyalara qo\u015fulmamas\u0131n\u0131n s\u0259b\u0259bini a\u00e7\u0131qlad\u0131"},"content":{"rendered":"<p>\u201cG\u00fcrc\u00fcstan Rusiyaya qar\u015f\u0131 Q\u0259rbin sanksiyalar\u0131na qo\u015fulmay\u0131b, \u00e7\u00fcnki bu, \u00f6lk\u0259nin turizmin\u0259, \u015f\u0259rab\u00e7\u0131lar\u0131na, ixracat\u00e7\u0131lar\u0131na v\u0259 fermerl\u0259rin\u0259 z\u0259r\u0259r ver\u0259r\u201d.<\/p>\n<p>Bu bar\u0259d\u0259 G\u00fcrc\u00fcstan\u0131n ba\u015f nazir \u0130rakli Qariba\u015fvili b\u0259yan edib.<\/p>\n<div class=\"AdviadNativeVideo\"><\/div>\n<p>\u201cM\u00fcxalif\u0259t m\u0259nd\u0259n n\u0259 t\u0259l\u0259b edir? Xalq\u0131ma qar\u015f\u0131 sanksiya t\u0259tbiq edim? B\u0259s bundan kim itir\u0259c\u0259k? \u018fhalimiz, iqtisadiyyat\u0131m\u0131z, maliyy\u0259 \u0259m\u0259liyyatlar\u0131n\u0131 h\u0259yata ke\u00e7ir\u0259 bilm\u0259y\u0259c\u0259k bir milyondan \u00e7ox soyda\u015f\u0131m\u0131z\u201d, &#8211; dey\u0259 o, bildirib.<\/p>\n<p>H\u00f6kum\u0259t ba\u015f\u00e7\u0131s\u0131 \u0259lav\u0259 edib ki, h\u0259ddind\u0259n art\u0131q emosiya G\u00fcrc\u00fcstan\u0131n milli maraqlar\u0131na z\u0259r\u0259r verm\u0259kd\u0259n ba\u015fqa he\u00e7 n\u0259 verm\u0259y\u0259c\u0259k.<\/p>\n<p>Xat\u0131rladaq ki,\u00a0Qariba\u015fvili \u00f6lk\u0259sinin Q\u0259rbin Rusiyaya qar\u015f\u0131 t\u0259tbiq etdiyi maliyy\u0259-iqtisadi sanksiyalara qo\u015fulmayaca\u011f\u0131n\u0131 b\u0259yan etmi\u015fdi.<\/p>\n<p>M\u0259nb\u0259: RT<\/p>\n","protected":false},"excerpt":{"rendered":"<p>\u201cG\u00fcrc\u00fcstan Rusiyaya qar\u015f\u0131 Q\u0259rbin sanksiyalar\u0131na qo\u015fulmay\u0131b, \u00e7\u00fcnki bu, \u00f6lk\u0259nin turizmin\u0259, \u015f\u0259rab\u00e7\u0131lar\u0131na, ixracat\u00e7\u0131lar\u0131na v\u0259 fermerl\u0259rin\u0259 z\u0259r\u0259r ver\u0259r\u201d. Bu bar\u0259d\u0259 G\u00fcrc\u00fcstan\u0131n ba\u015f nazir \u0130rakli Qariba\u015fvili b\u0259yan edib. \u201cM\u00fcxalif\u0259t m\u0259nd\u0259n n\u0259 t\u0259l\u0259b edir? Xalq\u0131ma qar\u015f\u0131 sanksiya t\u0259tbiq edim? B\u0259s bundan kim itir\u0259c\u0259k? \u018fhalimiz, iqtisadiyyat\u0131m\u0131z, maliyy\u0259 \u0259m\u0259liyyatlar\u0131n\u0131 h\u0259yata ke\u00e7ir\u0259 bilm\u0259y\u0259c\u0259k bir milyondan \u00e7ox soyda\u015f\u0131m\u0131z\u201d, &#8211; dey\u0259 o, bildirib. H\u00f6kum\u0259t ba\u015f\u00e7\u0131s\u0131 \u0259lav\u0259 edib ki, h\u0259ddind\u0259n art\u0131q emosiya G\u00fcrc\u00fcstan\u0131n milli maraqlar\u0131na z\u0259r\u0259r verm\u0259kd\u0259n ba\u015fqa he\u00e7 n\u0259 verm\u0259y\u0259c\u0259k. Xat\u0131rladaq ki,\u00a0Qariba\u015fvili \u00f6lk\u0259sinin Q\u0259rbin Rusiyaya qar\u015f\u0131 t\u0259tbiq etdiyi maliyy\u0259-iqtisadi sanksiyalara qo\u015fulmayaca\u011f\u0131n\u0131 b\u0259yan etmi\u015fdi. M\u0259nb\u0259: RT<\/p>\n","protected":false},"author":2,"featured_media":445602,"comment_status":"closed","ping_status":"closed","sticky":false,"template":"","format":"standard","meta":{"om_disable_all_campaigns":false,"_monsterinsights_skip_tracking":false,"_monsterinsights_sitenote_active":false,"_monsterinsights_sitenote_note":"","_monsterinsights_sitenote_category":0},"categories":[7],"tags":[],"aioseo_notices":[],"gutentor_comment":0,"rttpg_featured_image_url":{"full":["https:\/\/arantv.az\/wp-content\/uploads\/2022\/02\/Irakli_Gharibashvili_223.jpg",620,413,false],"landscape":["https:\/\/arantv.az\/wp-content\/uploads\/2022\/02\/Irakli_Gharibashvili_223.jpg",620,413,false],"portraits":["https:\/\/arantv.az\/wp-content\/uploads\/2022\/02\/Irakli_Gharibashvili_223.jpg",620,413,false],"thumbnail":["https:\/\/arantv.az\/wp-content\/uploads\/2022\/02\/Irakli_Gharibashvili_223-500x280.jpg",500,280,true],"medium":["https:\/\/arantv.az\/wp-content\/uploads\/2022\/02\/Irakli_Gharibashvili_223-548x365.jpg",548,365,true],"large":["https:\/\/arantv.az\/wp-content\/uploads\/2022\/02\/Irakli_Gharibashvili_223.jpg",620,413,false],"1536x1536":["https:\/\/arantv.az\/wp-content\/uploads\/2022\/02\/Irakli_Gharibashvili_223.jpg",620,413,false],"2048x2048":["https:\/\/arantv.az\/wp-content\/uploads\/2022\/02\/Irakli_Gharibashvili_223.jpg",620,413,false],"post-thumbnail":["https:\/\/arantv.az\/wp-content\/uploads\/2022\/02\/Irakli_Gharibashvili_223-240x172.jpg",240,172,true],"advps-thumb-one":["https:\/\/arantv.az\/wp-content\/uploads\/2022\/02\/Irakli_Gharibashvili_223.jpg",620,413,false]},"rttpg_author":{"display_name":"V\u00fcsal Rafiqo\u011flu","author_link":"https:\/\/arantv.az\/?author=2"},"rttpg_comment":0,"rttpg_category":"<a href=\"https:\/\/arantv.az\/?cat=7\" rel=\"category\">D\u00fcnya<\/a>","rttpg_excerpt":"\u201cG\u00fcrc\u00fcstan Rusiyaya qar\u015f\u0131 Q\u0259rbin sanksiyalar\u0131na qo\u015fulmay\u0131b, \u00e7\u00fcnki bu, \u00f6lk\u0259nin turizmin\u0259, \u015f\u0259rab\u00e7\u0131lar\u0131na, ixracat\u00e7\u0131lar\u0131na v\u0259 fermerl\u0259rin\u0259 z\u0259r\u0259r ver\u0259r\u201d. Bu bar\u0259d\u0259 G\u00fcrc\u00fcstan\u0131n ba\u015f nazir \u0130rakli Qariba\u015fvili b\u0259yan edib. \u201cM\u00fcxalif\u0259t m\u0259nd\u0259n n\u0259 t\u0259l\u0259b edir? Xalq\u0131ma qar\u015f\u0131 sanksiya t\u0259tbiq edim? B\u0259s bundan kim itir\u0259c\u0259k? \u018fhalimiz, iqtisadiyyat\u0131m\u0131z, maliyy\u0259 \u0259m\u0259liyyatlar\u0131n\u0131 h\u0259yata ke\u00e7ir\u0259 bilm\u0259y\u0259c\u0259k bir milyondan \u00e7ox soyda\u015f\u0131m\u0131z\u201d, &#8211; dey\u0259 o, bildirib. H\u00f6kum\u0259t&hellip;","_links":{"self":[{"href":"https:\/\/arantv.az\/index.php?rest_route=\/wp\/v2\/posts\/445601"}],"collection":[{"href":"https:\/\/arantv.az\/index.php?rest_route=\/wp\/v2\/posts"}],"about":[{"href":"https:\/\/arantv.az\/index.php?rest_route=\/wp\/v2\/types\/post"}],"author":[{"embeddable":true,"href":"https:\/\/arantv.az\/index.php?rest_route=\/wp\/v2\/users\/2"}],"replies":[{"embeddable":true,"href":"https:\/\/arantv.az\/index.php?rest_route=%2Fwp%2Fv2%2Fcomments&post=445601"}],"version-history":[{"count":0,"href":"https:\/\/arantv.az\/index.php?rest_route=\/wp\/v2\/posts\/445601\/revisions"}],"wp:featuredmedia":[{"embeddable":true,"href":"https:\/\/arantv.az\/index.php?rest_route=\/wp\/v2\/media\/445602"}],"wp:attachment":[{"href":"https:\/\/arantv.az\/index.php?rest_route=%2Fwp%2Fv2%2Fmedia&parent=445601"}],"wp:term":[{"taxonomy":"category","embeddable":true,"href":"https:\/\/arantv.az\/index.php?rest_route=%2Fwp%2Fv2%2Fcategories&post=445601"},{"taxonomy":"post_tag","embeddable":true,"href":"https:\/\/arantv.az\/index.php?rest_route=%2Fwp%2Fv2%2Ftags&post=445601"}],"curies":[{"name":"wp","href":"https:\/\/api.w.org\/{rel}","templated":true}]}}