{"id":445613,"date":"2022-02-28T13:55:27","date_gmt":"2022-02-28T10:55:27","guid":{"rendered":"http:\/\/arantv.az\/?p=445613"},"modified":"2022-02-28T13:55:27","modified_gmt":"2022-02-28T10:55:27","slug":"rusiya-il%c9%99-ukrayna-arasinda-danisiqlar-baslayib","status":"publish","type":"post","link":"https:\/\/arantv.az\/?p=445613","title":{"rendered":"Rusiya il\u0259 Ukrayna aras\u0131nda dan\u0131\u015f\u0131qlar ba\u015flay\u0131b"},"content":{"rendered":"<p>Belarusun ONT telekanal\u0131 x\u0259b\u0259r verir ki, Rusiya v\u0259 Ukrayna n\u00fcmay\u0259nd\u0259 hey\u0259tl\u0259rinin n\u00fcmay\u0259nd\u0259l\u0259ri aras\u0131nda dan\u0131\u015f\u0131qlar ba\u015flay\u0131b.<\/p>\n<p><strong>ARANTV.AZ<\/strong>-\u0131n &#8220;\u0130nterfaks&#8221;a istinad\u0259n verdiyi m\u0259lumata g\u00f6r\u0259, Rusiya n\u00fcmay\u0259nd\u0259 hey\u0259tin\u0259 Xarici \u0130\u015fl\u0259r Nazirliyi, M\u00fcdafi\u0259 Nazirliyi, prezident administrasiyas\u0131 v\u0259 dig\u0259r idar\u0259l\u0259rin n\u00fcmay\u0259nd\u0259l\u0259ri daxil olub. Ona Rusiya prezidentinin k\u00f6m\u0259k\u00e7isi Vladimir Medinskiy r\u0259hb\u0259rlik edir.<\/p>\n<p>Ukrayna n\u00fcmay\u0259nd\u0259 hey\u0259tinin t\u0259rkibin\u0259 &#8220;Xalq\u0131n qulluq\u00e7usu&#8221; fraksiyas\u0131n\u0131n r\u0259hb\u0259ri David Araxamiya, Ukraynan\u0131n m\u00fcdafi\u0259 naziri Aleksiy Reznikov, Prezident Aparat\u0131n\u0131n r\u0259hb\u0259rinin m\u00fc\u015faviri Mixail Podolyak, \u00dc\u00e7t\u0259r\u0259fli T\u0259mas Qrupunda Ukrayna n\u00fcmay\u0259nd\u0259 hey\u0259ti r\u0259hb\u0259rinin birinci m\u00fcavini Andrey Kostin, Xalq deputat\u0131 Rustem Umerov v\u0259 Ukrayna xarici i\u015fl\u0259r nazirinin m\u00fcavini Nikolay To\u00e7itski qat\u0131ld\u0131lar.<\/p>\n","protected":false},"excerpt":{"rendered":"<p>Belarusun ONT telekanal\u0131 x\u0259b\u0259r verir ki, Rusiya v\u0259 Ukrayna n\u00fcmay\u0259nd\u0259 hey\u0259tl\u0259rinin n\u00fcmay\u0259nd\u0259l\u0259ri aras\u0131nda dan\u0131\u015f\u0131qlar ba\u015flay\u0131b. ARANTV.AZ-\u0131n &#8220;\u0130nterfaks&#8221;a istinad\u0259n verdiyi m\u0259lumata g\u00f6r\u0259, Rusiya n\u00fcmay\u0259nd\u0259 hey\u0259tin\u0259 Xarici \u0130\u015fl\u0259r Nazirliyi, M\u00fcdafi\u0259 Nazirliyi, prezident administrasiyas\u0131 v\u0259 dig\u0259r idar\u0259l\u0259rin n\u00fcmay\u0259nd\u0259l\u0259ri daxil olub. Ona Rusiya prezidentinin k\u00f6m\u0259k\u00e7isi Vladimir Medinskiy r\u0259hb\u0259rlik edir. Ukrayna n\u00fcmay\u0259nd\u0259 hey\u0259tinin t\u0259rkibin\u0259 &#8220;Xalq\u0131n qulluq\u00e7usu&#8221; fraksiyas\u0131n\u0131n r\u0259hb\u0259ri David Araxamiya, Ukraynan\u0131n m\u00fcdafi\u0259 naziri Aleksiy Reznikov, Prezident Aparat\u0131n\u0131n r\u0259hb\u0259rinin m\u00fc\u015faviri Mixail Podolyak, \u00dc\u00e7t\u0259r\u0259fli T\u0259mas Qrupunda Ukrayna n\u00fcmay\u0259nd\u0259 hey\u0259ti r\u0259hb\u0259rinin birinci m\u00fcavini Andrey Kostin, Xalq deputat\u0131 Rustem Umerov v\u0259 Ukrayna xarici i\u015fl\u0259r nazirinin m\u00fcavini Nikolay To\u00e7itski qat\u0131ld\u0131lar.<\/p>\n","protected":false},"author":2,"featured_media":445614,"comment_status":"closed","ping_status":"closed","sticky":false,"template":"","format":"standard","meta":{"om_disable_all_campaigns":false,"_monsterinsights_skip_tracking":false,"_monsterinsights_sitenote_active":false,"_monsterinsights_sitenote_note":"","_monsterinsights_sitenote_category":0},"categories":[7],"tags":[],"aioseo_notices":[],"gutentor_comment":0,"rttpg_featured_image_url":{"full":["https:\/\/arantv.az\/wp-content\/uploads\/2022\/02\/1023149.jpg",800,550,false],"landscape":["https:\/\/arantv.az\/wp-content\/uploads\/2022\/02\/1023149.jpg",800,550,false],"portraits":["https:\/\/arantv.az\/wp-content\/uploads\/2022\/02\/1023149.jpg",800,550,false],"thumbnail":["https:\/\/arantv.az\/wp-content\/uploads\/2022\/02\/1023149-500x280.jpg",500,280,true],"medium":["https:\/\/arantv.az\/wp-content\/uploads\/2022\/02\/1023149-531x365.jpg",531,365,true],"large":["https:\/\/arantv.az\/wp-content\/uploads\/2022\/02\/1023149.jpg",640,440,false],"1536x1536":["https:\/\/arantv.az\/wp-content\/uploads\/2022\/02\/1023149.jpg",800,550,false],"2048x2048":["https:\/\/arantv.az\/wp-content\/uploads\/2022\/02\/1023149.jpg",800,550,false],"post-thumbnail":["https:\/\/arantv.az\/wp-content\/uploads\/2022\/02\/1023149-240x172.jpg",240,172,true],"advps-thumb-one":["https:\/\/arantv.az\/wp-content\/uploads\/2022\/02\/1023149.jpg",800,550,false]},"rttpg_author":{"display_name":"V\u00fcsal Rafiqo\u011flu","author_link":"https:\/\/arantv.az\/?author=2"},"rttpg_comment":0,"rttpg_category":"<a href=\"https:\/\/arantv.az\/?cat=7\" rel=\"category\">D\u00fcnya<\/a>","rttpg_excerpt":"Belarusun ONT telekanal\u0131 x\u0259b\u0259r verir ki, Rusiya v\u0259 Ukrayna n\u00fcmay\u0259nd\u0259 hey\u0259tl\u0259rinin n\u00fcmay\u0259nd\u0259l\u0259ri aras\u0131nda dan\u0131\u015f\u0131qlar ba\u015flay\u0131b. ARANTV.AZ-\u0131n &#8220;\u0130nterfaks&#8221;a istinad\u0259n verdiyi m\u0259lumata g\u00f6r\u0259, Rusiya n\u00fcmay\u0259nd\u0259 hey\u0259tin\u0259 Xarici \u0130\u015fl\u0259r Nazirliyi, M\u00fcdafi\u0259 Nazirliyi, prezident administrasiyas\u0131 v\u0259 dig\u0259r idar\u0259l\u0259rin n\u00fcmay\u0259nd\u0259l\u0259ri daxil olub. Ona Rusiya prezidentinin k\u00f6m\u0259k\u00e7isi Vladimir Medinskiy r\u0259hb\u0259rlik edir. Ukrayna n\u00fcmay\u0259nd\u0259 hey\u0259tinin t\u0259rkibin\u0259 &#8220;Xalq\u0131n qulluq\u00e7usu&#8221; fraksiyas\u0131n\u0131n r\u0259hb\u0259ri David Araxamiya,&hellip;","_links":{"self":[{"href":"https:\/\/arantv.az\/index.php?rest_route=\/wp\/v2\/posts\/445613"}],"collection":[{"href":"https:\/\/arantv.az\/index.php?rest_route=\/wp\/v2\/posts"}],"about":[{"href":"https:\/\/arantv.az\/index.php?rest_route=\/wp\/v2\/types\/post"}],"author":[{"embeddable":true,"href":"https:\/\/arantv.az\/index.php?rest_route=\/wp\/v2\/users\/2"}],"replies":[{"embeddable":true,"href":"https:\/\/arantv.az\/index.php?rest_route=%2Fwp%2Fv2%2Fcomments&post=445613"}],"version-history":[{"count":0,"href":"https:\/\/arantv.az\/index.php?rest_route=\/wp\/v2\/posts\/445613\/revisions"}],"wp:featuredmedia":[{"embeddable":true,"href":"https:\/\/arantv.az\/index.php?rest_route=\/wp\/v2\/media\/445614"}],"wp:attachment":[{"href":"https:\/\/arantv.az\/index.php?rest_route=%2Fwp%2Fv2%2Fmedia&parent=445613"}],"wp:term":[{"taxonomy":"category","embeddable":true,"href":"https:\/\/arantv.az\/index.php?rest_route=%2Fwp%2Fv2%2Fcategories&post=445613"},{"taxonomy":"post_tag","embeddable":true,"href":"https:\/\/arantv.az\/index.php?rest_route=%2Fwp%2Fv2%2Ftags&post=445613"}],"curies":[{"name":"wp","href":"https:\/\/api.w.org\/{rel}","templated":true}]}}