{"id":445616,"date":"2022-02-28T13:56:29","date_gmt":"2022-02-28T10:56:29","guid":{"rendered":"http:\/\/arantv.az\/?p=445616"},"modified":"2022-02-28T13:56:29","modified_gmt":"2022-02-28T10:56:29","slug":"saxlanilan-s%c9%99xsl%c9%99rl%c9%99-bagli-basc%c9%99km%c9%99l%c9%99rin-sayi-aciqlanib","status":"publish","type":"post","link":"https:\/\/arantv.az\/?p=445616","title":{"rendered":"Saxlan\u0131lan \u015f\u0259xsl\u0259rl\u0259 ba\u011fl\u0131 ba\u015f\u00e7\u0259km\u0259l\u0259rin say\u0131 a\u00e7\u0131qlan\u0131b"},"content":{"rendered":"<p>2021-ci il \u0259rzind\u0259 Ombudsman v\u0259 onun Milli Preventiv Qrupu (MPQ) t\u0259r\u0259find\u0259n saxlan\u0131lan \u015f\u0259xsl\u0259rin \u00f6z irad\u0259si il\u0259 t\u0259rk ed\u0259 bilm\u0259diyi yerl\u0259rd\u0259 saxlanma \u015f\u0259raiti, r\u0259ftar m\u0259s\u0259l\u0259l\u0259ri v\u0259 daxil olmu\u015f m\u00fcraci\u0259tl\u0259rin, s\u0259n\u0259dl\u0259\u015fm\u0259nin ara\u015fd\u0131r\u0131lmas\u0131, habel\u0259 pandemiya \u015f\u0259raitind\u0259 koronavirus infeksiyas\u0131n\u0131n yay\u0131lmas\u0131 il\u0259 ba\u011fl\u0131 g\u00f6r\u00fcl\u0259n qabaqlay\u0131c\u0131 t\u0259dbirl\u0259rin, m\u00f6vcud sanitariya v\u0259ziyy\u0259tinin ara\u015fd\u0131r\u0131lmas\u0131 m\u0259qs\u0259dil\u0259 184 ba\u015f\u00e7\u0259km\u0259 h\u0259yata ke\u00e7irilib.<\/p>\n<p><strong>ARANTV.AZ\u00a0 x\u0259b\u0259r verir ki,<\/strong>\u00a0bu, Parlamentin \u0130nsan h\u00fcquqlar\u0131 komit\u0259sind\u0259 1 martda m\u00fczakir\u0259y\u0259 \u00e7\u0131xar\u0131lacaq Az\u0259rbaycan Respublikas\u0131n\u0131n \u0130nsan h\u00fcquqlar\u0131 \u00fczr\u0259 m\u00fcv\u0259kkilinin (Ombudsman\u0131n) 2021-ci il \u00fczr\u0259 m\u0259ruz\u0259sind\u0259 \u0259ksini tap\u0131b.<\/p>\n<p>Qeyd olunub ki, \u018fdliyy\u0259 Nazirliyinin Penitensiar Xidm\u0259tinin m\u00fc\u0259ssis\u0259l\u0259rin\u0259 59, Daxili \u0130\u015fl\u0259r Nazirliyinin tabeliyind\u0259 olan m\u00fc\u0259ssis\u0259l\u0259r\u0259 53, T\u0259hsil Nazirliyinin m\u00fc\u0259ssis\u0259l\u0259rin\u0259 33, S\u0259hiyy\u0259 Nazirliyinin m\u00fc\u0259ssis\u0259l\u0259rin\u0259 14, \u018fm\u0259k v\u0259 \u018fhalinin Sosial M\u00fcdafi\u0259si Nazirliyinin m\u00fc\u0259ssis\u0259l\u0259rin\u0259 6, D\u00f6vl\u0259t T\u0259hl\u00fck\u0259sizliyi Xidm\u0259tinin m\u00fc\u0259ssis\u0259l\u0259rin\u0259 4, D\u00f6vl\u0259t Miqrasiya Xidm\u0259tinin m\u00fc\u0259ssis\u0259l\u0259rin\u0259 2, yerli icra hakimiyy\u0259tl\u0259rinin tabeli m\u00fc\u0259ssis\u0259l\u0259rin\u0259 11, h\u0259m\u00e7inin QHT-l\u0259rin tabeliyind\u0259ki 2 m\u00fc\u0259ssis\u0259y\u0259 ba\u015f\u00e7\u0259km\u0259 h\u0259yata ke\u00e7irilib.<\/p>\n<p>Ba\u015f\u00e7\u0259km\u0259l\u0259r zaman\u0131 1334 saxlan\u0131lan \u015f\u0259xs f\u0259rdi q\u0259bul edilib, h\u00fcquqlar\u0131n\u0131n t\u0259mini v\u0259ziyy\u0259ti ara\u015fd\u0131r\u0131l\u0131b, qald\u0131rd\u0131qlar\u0131 m\u0259s\u0259l\u0259l\u0259r dinl\u0259nilib, m\u00fcxt\u0259lif m\u00fcraci\u0259tl\u0259ri t\u0259min edilib. Bununla yana\u015f\u0131, Ombudsmana \u00fcnvanlanan m\u00fcraci\u0259tl\u0259rin h\u0259lli istiqam\u0259tind\u0259 t\u0259dbirl\u0259r g\u00f6r\u00fcl\u00fcb, a\u015fkar edilmi\u015f \u00e7at\u0131\u015fmazl\u0131qlar m\u00fcvafiq m\u00fc\u0259ssis\u0259l\u0259rin r\u0259hb\u0259rliyi qar\u015f\u0131s\u0131nda qald\u0131r\u0131l\u0131b, yerind\u0259 h\u0259ll edilm\u0259si m\u00fcmk\u00fcn olan m\u00fcraci\u0259tl\u0259r el\u0259 ba\u015f\u00e7\u0259km\u0259 \u00e7\u0259r\u00e7iv\u0259sind\u0259 t\u0259min edilib.<\/p>\n<p>M\u00fc\u015fahid\u0259 edilmi\u015f dig\u0259r n\u00f6qsanlarla ba\u011fl\u0131 m\u00fcvafiq m\u0259rk\u0259zi v\u0259 yerli icra hakimiyy\u0259ti orqanlar\u0131na m\u00fcraci\u0259tl\u0259r \u00fcnvanlan\u0131b, n\u00f6vb\u0259ti ba\u015f\u00e7\u0259km\u0259l\u0259r\u0259 kimi probleml\u0259rin aradan qald\u0131r\u0131lmas\u0131na y\u00f6n\u0259lmi\u015f t\u0259dbirl\u0259r g\u00f6r\u00fclm\u0259si \u00fc\u00e7\u00fcn z\u0259ruri t\u0259klif v\u0259 t\u00f6vsiy\u0259l\u0259r verilib.<\/p>\n","protected":false},"excerpt":{"rendered":"<p>2021-ci il \u0259rzind\u0259 Ombudsman v\u0259 onun Milli Preventiv Qrupu (MPQ) t\u0259r\u0259find\u0259n saxlan\u0131lan \u015f\u0259xsl\u0259rin \u00f6z irad\u0259si il\u0259 t\u0259rk ed\u0259 bilm\u0259diyi yerl\u0259rd\u0259 saxlanma \u015f\u0259raiti, r\u0259ftar m\u0259s\u0259l\u0259l\u0259ri v\u0259 daxil olmu\u015f m\u00fcraci\u0259tl\u0259rin, s\u0259n\u0259dl\u0259\u015fm\u0259nin ara\u015fd\u0131r\u0131lmas\u0131, habel\u0259 pandemiya \u015f\u0259raitind\u0259 koronavirus infeksiyas\u0131n\u0131n yay\u0131lmas\u0131 il\u0259 ba\u011fl\u0131 g\u00f6r\u00fcl\u0259n qabaqlay\u0131c\u0131 t\u0259dbirl\u0259rin, m\u00f6vcud sanitariya v\u0259ziyy\u0259tinin ara\u015fd\u0131r\u0131lmas\u0131 m\u0259qs\u0259dil\u0259 184 ba\u015f\u00e7\u0259km\u0259 h\u0259yata ke\u00e7irilib. ARANTV.AZ\u00a0 x\u0259b\u0259r verir ki,\u00a0bu, Parlamentin \u0130nsan h\u00fcquqlar\u0131 komit\u0259sind\u0259 1 martda m\u00fczakir\u0259y\u0259 \u00e7\u0131xar\u0131lacaq Az\u0259rbaycan Respublikas\u0131n\u0131n \u0130nsan h\u00fcquqlar\u0131 \u00fczr\u0259 m\u00fcv\u0259kkilinin (Ombudsman\u0131n) 2021-ci il \u00fczr\u0259 m\u0259ruz\u0259sind\u0259 \u0259ksini tap\u0131b. Qeyd olunub ki, \u018fdliyy\u0259 Nazirliyinin Penitensiar Xidm\u0259tinin m\u00fc\u0259ssis\u0259l\u0259rin\u0259 59, Daxili \u0130\u015fl\u0259r Nazirliyinin tabeliyind\u0259 olan m\u00fc\u0259ssis\u0259l\u0259r\u0259&hellip;<\/p>\n","protected":false},"author":2,"featured_media":445617,"comment_status":"closed","ping_status":"closed","sticky":false,"template":"","format":"standard","meta":{"om_disable_all_campaigns":false,"_monsterinsights_skip_tracking":false,"_monsterinsights_sitenote_active":false,"_monsterinsights_sitenote_note":"","_monsterinsights_sitenote_category":0},"categories":[26],"tags":[],"aioseo_notices":[],"gutentor_comment":0,"rttpg_featured_image_url":{"full":["https:\/\/arantv.az\/wp-content\/uploads\/2022\/02\/4a71e49f164604100522061753110574908.jpg",975,540,false],"landscape":["https:\/\/arantv.az\/wp-content\/uploads\/2022\/02\/4a71e49f164604100522061753110574908.jpg",975,540,false],"portraits":["https:\/\/arantv.az\/wp-content\/uploads\/2022\/02\/4a71e49f164604100522061753110574908.jpg",975,540,false],"thumbnail":["https:\/\/arantv.az\/wp-content\/uploads\/2022\/02\/4a71e49f164604100522061753110574908-500x280.jpg",500,280,true],"medium":["https:\/\/arantv.az\/wp-content\/uploads\/2022\/02\/4a71e49f164604100522061753110574908-660x365.jpg",660,365,true],"large":["https:\/\/arantv.az\/wp-content\/uploads\/2022\/02\/4a71e49f164604100522061753110574908-840x465.jpg",640,354,true],"1536x1536":["https:\/\/arantv.az\/wp-content\/uploads\/2022\/02\/4a71e49f164604100522061753110574908.jpg",975,540,false],"2048x2048":["https:\/\/arantv.az\/wp-content\/uploads\/2022\/02\/4a71e49f164604100522061753110574908.jpg",975,540,false],"post-thumbnail":["https:\/\/arantv.az\/wp-content\/uploads\/2022\/02\/4a71e49f164604100522061753110574908-240x172.jpg",240,172,true],"advps-thumb-one":["https:\/\/arantv.az\/wp-content\/uploads\/2022\/02\/4a71e49f164604100522061753110574908.jpg",975,540,false]},"rttpg_author":{"display_name":"V\u00fcsal Rafiqo\u011flu","author_link":"https:\/\/arantv.az\/?author=2"},"rttpg_comment":0,"rttpg_category":"<a href=\"https:\/\/arantv.az\/?cat=26\" rel=\"category\">Sosial<\/a>","rttpg_excerpt":"2021-ci il \u0259rzind\u0259 Ombudsman v\u0259 onun Milli Preventiv Qrupu (MPQ) t\u0259r\u0259find\u0259n saxlan\u0131lan \u015f\u0259xsl\u0259rin \u00f6z irad\u0259si il\u0259 t\u0259rk ed\u0259 bilm\u0259diyi yerl\u0259rd\u0259 saxlanma \u015f\u0259raiti, r\u0259ftar m\u0259s\u0259l\u0259l\u0259ri v\u0259 daxil olmu\u015f m\u00fcraci\u0259tl\u0259rin, s\u0259n\u0259dl\u0259\u015fm\u0259nin ara\u015fd\u0131r\u0131lmas\u0131, habel\u0259 pandemiya \u015f\u0259raitind\u0259 koronavirus infeksiyas\u0131n\u0131n yay\u0131lmas\u0131 il\u0259 ba\u011fl\u0131 g\u00f6r\u00fcl\u0259n qabaqlay\u0131c\u0131 t\u0259dbirl\u0259rin, m\u00f6vcud sanitariya v\u0259ziyy\u0259tinin ara\u015fd\u0131r\u0131lmas\u0131 m\u0259qs\u0259dil\u0259 184 ba\u015f\u00e7\u0259km\u0259 h\u0259yata ke\u00e7irilib. ARANTV.AZ\u00a0 x\u0259b\u0259r verir ki,\u00a0bu, Parlamentin&hellip;","_links":{"self":[{"href":"https:\/\/arantv.az\/index.php?rest_route=\/wp\/v2\/posts\/445616"}],"collection":[{"href":"https:\/\/arantv.az\/index.php?rest_route=\/wp\/v2\/posts"}],"about":[{"href":"https:\/\/arantv.az\/index.php?rest_route=\/wp\/v2\/types\/post"}],"author":[{"embeddable":true,"href":"https:\/\/arantv.az\/index.php?rest_route=\/wp\/v2\/users\/2"}],"replies":[{"embeddable":true,"href":"https:\/\/arantv.az\/index.php?rest_route=%2Fwp%2Fv2%2Fcomments&post=445616"}],"version-history":[{"count":0,"href":"https:\/\/arantv.az\/index.php?rest_route=\/wp\/v2\/posts\/445616\/revisions"}],"wp:featuredmedia":[{"embeddable":true,"href":"https:\/\/arantv.az\/index.php?rest_route=\/wp\/v2\/media\/445617"}],"wp:attachment":[{"href":"https:\/\/arantv.az\/index.php?rest_route=%2Fwp%2Fv2%2Fmedia&parent=445616"}],"wp:term":[{"taxonomy":"category","embeddable":true,"href":"https:\/\/arantv.az\/index.php?rest_route=%2Fwp%2Fv2%2Fcategories&post=445616"},{"taxonomy":"post_tag","embeddable":true,"href":"https:\/\/arantv.az\/index.php?rest_route=%2Fwp%2Fv2%2Ftags&post=445616"}],"curies":[{"name":"wp","href":"https:\/\/api.w.org\/{rel}","templated":true}]}}