{"id":445619,"date":"2022-02-28T14:10:05","date_gmt":"2022-02-28T11:10:05","guid":{"rendered":"http:\/\/arantv.az\/?p=445619"},"modified":"2022-02-28T14:10:05","modified_gmt":"2022-02-28T11:10:05","slug":"traceca-az%c9%99rbaycandan-ukraynaya-yuk-dasimalar-dayandirilib","status":"publish","type":"post","link":"https:\/\/arantv.az\/?p=445619","title":{"rendered":"TRACECA: \u201cAz\u0259rbaycandan Ukraynaya y\u00fck da\u015f\u0131malar dayand\u0131r\u0131l\u0131b\u201d"},"content":{"rendered":"<p>Haz\u0131rda Ukrayna \u0259razisind\u0259 ba\u015f ver\u0259n h\u0259rbi \u0259m\u0259liyyatlar y\u00fck da\u015f\u0131malar\u0131na ciddi t\u0259sir g\u00f6st\u0259rib.<\/p>\n<p>Bu bar\u0259d\u0259 Avropa-Qafqaz-Asiya n\u0259qliyyat d\u0259hlizinin (TRACECA) H\u00f6kum\u0259tl\u0259raras\u0131 Komissiyas\u0131n\u0131n Az\u0259rbaycan \u00fczr\u0259 milli katibi R\u00fcf\u0259t Bayramov \u201cReport\u201dun sor\u011fusuna cavab olaraq bildirib.<\/p>\n<div class=\"AdviadNativeVideo\"><\/div>\n<p>O qeyd edib ki, TRACECA katibliyi t\u0259r\u0259find\u0259n Ukrayna il\u0259 \u0259laq\u0259 saxlan\u0131l\u0131b.<\/p>\n<p>\u201cHaz\u0131rda v\u0259ziyy\u0259t olduqca g\u0259rgindir. Limanlar\u0131n f\u0259aliyy\u0259ti dem\u0259k olar ki, dayan\u0131b. Haz\u0131rda Ukrayna t\u0259r\u0259fi y\u00fckl\u0259ri g\u00f6nd\u0259rmir v\u0259 yeni y\u00fckl\u0259r q\u0259bul etmir. Sad\u0259c\u0259, \u00f6lk\u0259d\u0259 qalan avtomobill\u0259rin \u00e7\u0131xar\u0131lmas\u0131 \u00fcz\u0259rind\u0259 i\u015f gedir\u201d, \u2013 dey\u0259 R.Bayramov \u0259lav\u0259 edib.<\/p>\n<p>Xat\u0131rladaq ki, Ukrayna parlamenti 2017-ci ild\u0259 Qara v\u0259 X\u0259z\u0259r d\u0259nizl\u0259ri b\u00f6lg\u0259sind\u0259 d\u0259mir yolu-b\u0259r\u0259 n\u0259qliyyat\u0131ndan istifad\u0259 etm\u0259kl\u0259 Avropa-Qafqaz-Asiya beyn\u0259lxalq n\u0259qliyyat d\u0259hlizinin inki\u015faf\u0131 haqq\u0131nda sazi\u015fi ratifikasiya edib. Ukrayna \u201cYeni \u0130p\u0259k yolu\u201d (Ukrayna-G\u00fcrc\u00fcstan-Az\u0259rbaycan-Qazax\u0131stan x\u0259tti) d\u0259hlizi \u00e7\u0259r\u00e7iv\u0259sind\u0259 d\u0259miryol-b\u0259r\u0259 y\u00fckda\u015f\u0131malar\u0131 h\u0259yata ke\u00e7irir. 2019-cu ild\u0259 is\u0259 Ukrayna Transx\u0259z\u0259r Beyn\u0259lxalq N\u0259qliyyat D\u0259hlizin\u0259 qo\u015fulub.<\/p>\n<p>Qeyd ed\u0259k ki, TRACECA \u00e7\u0259r\u00e7iv\u0259sind\u0259 13 \u00f6lk\u0259 f\u0259aliyy\u0259t g\u00f6st\u0259rir. Bunlar M\u0259rk\u0259zi Asiya, Qafqaz v\u0259 Avropa \u00f6lk\u0259l\u0259ridir.<\/p>\n","protected":false},"excerpt":{"rendered":"<p>Haz\u0131rda Ukrayna \u0259razisind\u0259 ba\u015f ver\u0259n h\u0259rbi \u0259m\u0259liyyatlar y\u00fck da\u015f\u0131malar\u0131na ciddi t\u0259sir g\u00f6st\u0259rib. Bu bar\u0259d\u0259 Avropa-Qafqaz-Asiya n\u0259qliyyat d\u0259hlizinin (TRACECA) H\u00f6kum\u0259tl\u0259raras\u0131 Komissiyas\u0131n\u0131n Az\u0259rbaycan \u00fczr\u0259 milli katibi R\u00fcf\u0259t Bayramov \u201cReport\u201dun sor\u011fusuna cavab olaraq bildirib. O qeyd edib ki, TRACECA katibliyi t\u0259r\u0259find\u0259n Ukrayna il\u0259 \u0259laq\u0259 saxlan\u0131l\u0131b. \u201cHaz\u0131rda v\u0259ziyy\u0259t olduqca g\u0259rgindir. Limanlar\u0131n f\u0259aliyy\u0259ti dem\u0259k olar ki, dayan\u0131b. Haz\u0131rda Ukrayna t\u0259r\u0259fi y\u00fckl\u0259ri g\u00f6nd\u0259rmir v\u0259 yeni y\u00fckl\u0259r q\u0259bul etmir. Sad\u0259c\u0259, \u00f6lk\u0259d\u0259 qalan avtomobill\u0259rin \u00e7\u0131xar\u0131lmas\u0131 \u00fcz\u0259rind\u0259 i\u015f gedir\u201d, \u2013 dey\u0259 R.Bayramov \u0259lav\u0259 edib. Xat\u0131rladaq ki, Ukrayna parlamenti 2017-ci ild\u0259 Qara v\u0259 X\u0259z\u0259r d\u0259nizl\u0259ri b\u00f6lg\u0259sind\u0259 d\u0259mir yolu-b\u0259r\u0259 n\u0259qliyyat\u0131ndan istifad\u0259&hellip;<\/p>\n","protected":false},"author":2,"featured_media":445620,"comment_status":"closed","ping_status":"closed","sticky":false,"template":"","format":"standard","meta":{"om_disable_all_campaigns":false,"_monsterinsights_skip_tracking":false,"_monsterinsights_sitenote_active":false,"_monsterinsights_sitenote_note":"","_monsterinsights_sitenote_category":0},"categories":[19],"tags":[],"aioseo_notices":[],"gutentor_comment":0,"rttpg_featured_image_url":{"full":["https:\/\/arantv.az\/wp-content\/uploads\/2022\/02\/651df6c0-e65a-4c02-b1da-6e96e938d35c.jpg",620,413,false],"landscape":["https:\/\/arantv.az\/wp-content\/uploads\/2022\/02\/651df6c0-e65a-4c02-b1da-6e96e938d35c.jpg",620,413,false],"portraits":["https:\/\/arantv.az\/wp-content\/uploads\/2022\/02\/651df6c0-e65a-4c02-b1da-6e96e938d35c.jpg",620,413,false],"thumbnail":["https:\/\/arantv.az\/wp-content\/uploads\/2022\/02\/651df6c0-e65a-4c02-b1da-6e96e938d35c-500x280.jpg",500,280,true],"medium":["https:\/\/arantv.az\/wp-content\/uploads\/2022\/02\/651df6c0-e65a-4c02-b1da-6e96e938d35c-548x365.jpg",548,365,true],"large":["https:\/\/arantv.az\/wp-content\/uploads\/2022\/02\/651df6c0-e65a-4c02-b1da-6e96e938d35c.jpg",620,413,false],"1536x1536":["https:\/\/arantv.az\/wp-content\/uploads\/2022\/02\/651df6c0-e65a-4c02-b1da-6e96e938d35c.jpg",620,413,false],"2048x2048":["https:\/\/arantv.az\/wp-content\/uploads\/2022\/02\/651df6c0-e65a-4c02-b1da-6e96e938d35c.jpg",620,413,false],"post-thumbnail":["https:\/\/arantv.az\/wp-content\/uploads\/2022\/02\/651df6c0-e65a-4c02-b1da-6e96e938d35c-240x172.jpg",240,172,true],"advps-thumb-one":["https:\/\/arantv.az\/wp-content\/uploads\/2022\/02\/651df6c0-e65a-4c02-b1da-6e96e938d35c.jpg",620,413,false]},"rttpg_author":{"display_name":"V\u00fcsal Rafiqo\u011flu","author_link":"https:\/\/arantv.az\/?author=2"},"rttpg_comment":0,"rttpg_category":"<a href=\"https:\/\/arantv.az\/?cat=19\" rel=\"category\">G\u00fcnd\u0259m<\/a>","rttpg_excerpt":"Haz\u0131rda Ukrayna \u0259razisind\u0259 ba\u015f ver\u0259n h\u0259rbi \u0259m\u0259liyyatlar y\u00fck da\u015f\u0131malar\u0131na ciddi t\u0259sir g\u00f6st\u0259rib. Bu bar\u0259d\u0259 Avropa-Qafqaz-Asiya n\u0259qliyyat d\u0259hlizinin (TRACECA) H\u00f6kum\u0259tl\u0259raras\u0131 Komissiyas\u0131n\u0131n Az\u0259rbaycan \u00fczr\u0259 milli katibi R\u00fcf\u0259t Bayramov \u201cReport\u201dun sor\u011fusuna cavab olaraq bildirib. O qeyd edib ki, TRACECA katibliyi t\u0259r\u0259find\u0259n Ukrayna il\u0259 \u0259laq\u0259 saxlan\u0131l\u0131b. \u201cHaz\u0131rda v\u0259ziyy\u0259t olduqca g\u0259rgindir. Limanlar\u0131n f\u0259aliyy\u0259ti dem\u0259k olar ki, dayan\u0131b. Haz\u0131rda Ukrayna t\u0259r\u0259fi&hellip;","_links":{"self":[{"href":"https:\/\/arantv.az\/index.php?rest_route=\/wp\/v2\/posts\/445619"}],"collection":[{"href":"https:\/\/arantv.az\/index.php?rest_route=\/wp\/v2\/posts"}],"about":[{"href":"https:\/\/arantv.az\/index.php?rest_route=\/wp\/v2\/types\/post"}],"author":[{"embeddable":true,"href":"https:\/\/arantv.az\/index.php?rest_route=\/wp\/v2\/users\/2"}],"replies":[{"embeddable":true,"href":"https:\/\/arantv.az\/index.php?rest_route=%2Fwp%2Fv2%2Fcomments&post=445619"}],"version-history":[{"count":0,"href":"https:\/\/arantv.az\/index.php?rest_route=\/wp\/v2\/posts\/445619\/revisions"}],"wp:featuredmedia":[{"embeddable":true,"href":"https:\/\/arantv.az\/index.php?rest_route=\/wp\/v2\/media\/445620"}],"wp:attachment":[{"href":"https:\/\/arantv.az\/index.php?rest_route=%2Fwp%2Fv2%2Fmedia&parent=445619"}],"wp:term":[{"taxonomy":"category","embeddable":true,"href":"https:\/\/arantv.az\/index.php?rest_route=%2Fwp%2Fv2%2Fcategories&post=445619"},{"taxonomy":"post_tag","embeddable":true,"href":"https:\/\/arantv.az\/index.php?rest_route=%2Fwp%2Fv2%2Ftags&post=445619"}],"curies":[{"name":"wp","href":"https:\/\/api.w.org\/{rel}","templated":true}]}}