{"id":445623,"date":"2022-02-28T14:16:24","date_gmt":"2022-02-28T11:16:24","guid":{"rendered":"http:\/\/arantv.az\/?p=445623"},"modified":"2022-02-28T14:16:24","modified_gmt":"2022-02-28T11:16:24","slug":"ukraynanin-kiberqosunlari-kremlin-bazasini-qirdi-m%c9%99lumatlar-d%c9%99rc-olundu","status":"publish","type":"post","link":"https:\/\/arantv.az\/?p=445623","title":{"rendered":"Ukraynan\u0131n kiberqo\u015funlar\u0131 Kremlin bazas\u0131n\u0131 q\u0131rd\u0131, m\u0259lumatlar d\u0259rc olundu"},"content":{"rendered":"<p>Ukraynan\u0131n hakerl\u0259r qrupu\u00a0Rusiya Prezident Administrasiyas\u0131n\u0131n kontaktlar bazas\u0131n\u0131 q\u0131r\u0131b.<\/p>\n<div class=\"AdviadNativeVideo\"><\/div>\n<p>Bu bar\u0259d\u0259 Ukrayna daxili i\u015fl\u0259r nazirinin m\u00fc\u015faviri Vadim Denisenko dan\u0131\u015f\u0131b.<\/p>\n<p>Onun s\u00f6zl\u0259rin\u0259 g\u00f6r\u0259, s\u00f6z\u00fcged\u0259n proses n\u0259tic\u0259sind\u0259 Kreml \u0259m\u0259kda\u015flar\u0131n\u0131n telefon n\u00f6mr\u0259l\u0259rin\u0259 \u00fcmumi giri\u015f a\u00e7\u0131q olub.<\/p>\n<p>\u201cBiz kiberqo\u015funlarla birlikd\u0259 Kreml sayt\u0131n\u0131 q\u0131rd\u0131q, indi Krelim b\u00fct\u00fcn telefon bazas\u0131na azad giri\u015fimiz var\u201d, &#8211; dey\u0259 o qeyd edib.<\/p>\n<p>Telefon n\u00f6mr\u0259l\u0259ri bazas\u0131nda administrasiya r\u0259hb\u0259rl\u0259rind\u0259n tutmu\u015f, jurnalistl\u0259r\u0259 q\u0259d\u0259r, h\u0259tta \u00f6ng\u00f6r\u00fcc\u00fcl\u0259rin (ekstrasens) bel\u0259 n\u00f6mr\u0259l\u0259ri var.<\/p>\n","protected":false},"excerpt":{"rendered":"<p>Ukraynan\u0131n hakerl\u0259r qrupu\u00a0Rusiya Prezident Administrasiyas\u0131n\u0131n kontaktlar bazas\u0131n\u0131 q\u0131r\u0131b. Bu bar\u0259d\u0259 Ukrayna daxili i\u015fl\u0259r nazirinin m\u00fc\u015faviri Vadim Denisenko dan\u0131\u015f\u0131b. Onun s\u00f6zl\u0259rin\u0259 g\u00f6r\u0259, s\u00f6z\u00fcged\u0259n proses n\u0259tic\u0259sind\u0259 Kreml \u0259m\u0259kda\u015flar\u0131n\u0131n telefon n\u00f6mr\u0259l\u0259rin\u0259 \u00fcmumi giri\u015f a\u00e7\u0131q olub. \u201cBiz kiberqo\u015funlarla birlikd\u0259 Kreml sayt\u0131n\u0131 q\u0131rd\u0131q, indi Krelim b\u00fct\u00fcn telefon bazas\u0131na azad giri\u015fimiz var\u201d, &#8211; dey\u0259 o qeyd edib. Telefon n\u00f6mr\u0259l\u0259ri bazas\u0131nda administrasiya r\u0259hb\u0259rl\u0259rind\u0259n tutmu\u015f, jurnalistl\u0259r\u0259 q\u0259d\u0259r, h\u0259tta \u00f6ng\u00f6r\u00fcc\u00fcl\u0259rin (ekstrasens) bel\u0259 n\u00f6mr\u0259l\u0259ri var.<\/p>\n","protected":false},"author":2,"featured_media":445624,"comment_status":"closed","ping_status":"closed","sticky":false,"template":"","format":"standard","meta":{"om_disable_all_campaigns":false,"_monsterinsights_skip_tracking":false,"_monsterinsights_sitenote_active":false,"_monsterinsights_sitenote_note":"","_monsterinsights_sitenote_category":0},"categories":[7],"tags":[],"aioseo_notices":[],"gutentor_comment":0,"rttpg_featured_image_url":{"full":["https:\/\/arantv.az\/wp-content\/uploads\/2022\/02\/274180806_1305961966554983_859808768112894027_n.jpg",620,413,false],"landscape":["https:\/\/arantv.az\/wp-content\/uploads\/2022\/02\/274180806_1305961966554983_859808768112894027_n.jpg",620,413,false],"portraits":["https:\/\/arantv.az\/wp-content\/uploads\/2022\/02\/274180806_1305961966554983_859808768112894027_n.jpg",620,413,false],"thumbnail":["https:\/\/arantv.az\/wp-content\/uploads\/2022\/02\/274180806_1305961966554983_859808768112894027_n-500x280.jpg",500,280,true],"medium":["https:\/\/arantv.az\/wp-content\/uploads\/2022\/02\/274180806_1305961966554983_859808768112894027_n-548x365.jpg",548,365,true],"large":["https:\/\/arantv.az\/wp-content\/uploads\/2022\/02\/274180806_1305961966554983_859808768112894027_n.jpg",620,413,false],"1536x1536":["https:\/\/arantv.az\/wp-content\/uploads\/2022\/02\/274180806_1305961966554983_859808768112894027_n.jpg",620,413,false],"2048x2048":["https:\/\/arantv.az\/wp-content\/uploads\/2022\/02\/274180806_1305961966554983_859808768112894027_n.jpg",620,413,false],"post-thumbnail":["https:\/\/arantv.az\/wp-content\/uploads\/2022\/02\/274180806_1305961966554983_859808768112894027_n-240x172.jpg",240,172,true],"advps-thumb-one":["https:\/\/arantv.az\/wp-content\/uploads\/2022\/02\/274180806_1305961966554983_859808768112894027_n.jpg",620,413,false]},"rttpg_author":{"display_name":"V\u00fcsal Rafiqo\u011flu","author_link":"https:\/\/arantv.az\/?author=2"},"rttpg_comment":0,"rttpg_category":"<a href=\"https:\/\/arantv.az\/?cat=7\" rel=\"category\">D\u00fcnya<\/a>","rttpg_excerpt":"Ukraynan\u0131n hakerl\u0259r qrupu\u00a0Rusiya Prezident Administrasiyas\u0131n\u0131n kontaktlar bazas\u0131n\u0131 q\u0131r\u0131b. Bu bar\u0259d\u0259 Ukrayna daxili i\u015fl\u0259r nazirinin m\u00fc\u015faviri Vadim Denisenko dan\u0131\u015f\u0131b. Onun s\u00f6zl\u0259rin\u0259 g\u00f6r\u0259, s\u00f6z\u00fcged\u0259n proses n\u0259tic\u0259sind\u0259 Kreml \u0259m\u0259kda\u015flar\u0131n\u0131n telefon n\u00f6mr\u0259l\u0259rin\u0259 \u00fcmumi giri\u015f a\u00e7\u0131q olub. \u201cBiz kiberqo\u015funlarla birlikd\u0259 Kreml sayt\u0131n\u0131 q\u0131rd\u0131q, indi Krelim b\u00fct\u00fcn telefon bazas\u0131na azad giri\u015fimiz var\u201d, &#8211; dey\u0259 o qeyd edib. Telefon n\u00f6mr\u0259l\u0259ri bazas\u0131nda administrasiya&hellip;","_links":{"self":[{"href":"https:\/\/arantv.az\/index.php?rest_route=\/wp\/v2\/posts\/445623"}],"collection":[{"href":"https:\/\/arantv.az\/index.php?rest_route=\/wp\/v2\/posts"}],"about":[{"href":"https:\/\/arantv.az\/index.php?rest_route=\/wp\/v2\/types\/post"}],"author":[{"embeddable":true,"href":"https:\/\/arantv.az\/index.php?rest_route=\/wp\/v2\/users\/2"}],"replies":[{"embeddable":true,"href":"https:\/\/arantv.az\/index.php?rest_route=%2Fwp%2Fv2%2Fcomments&post=445623"}],"version-history":[{"count":0,"href":"https:\/\/arantv.az\/index.php?rest_route=\/wp\/v2\/posts\/445623\/revisions"}],"wp:featuredmedia":[{"embeddable":true,"href":"https:\/\/arantv.az\/index.php?rest_route=\/wp\/v2\/media\/445624"}],"wp:attachment":[{"href":"https:\/\/arantv.az\/index.php?rest_route=%2Fwp%2Fv2%2Fmedia&parent=445623"}],"wp:term":[{"taxonomy":"category","embeddable":true,"href":"https:\/\/arantv.az\/index.php?rest_route=%2Fwp%2Fv2%2Fcategories&post=445623"},{"taxonomy":"post_tag","embeddable":true,"href":"https:\/\/arantv.az\/index.php?rest_route=%2Fwp%2Fv2%2Ftags&post=445623"}],"curies":[{"name":"wp","href":"https:\/\/api.w.org\/{rel}","templated":true}]}}