{"id":445626,"date":"2022-02-28T14:18:54","date_gmt":"2022-02-28T11:18:54","guid":{"rendered":"http:\/\/arantv.az\/?p=445626"},"modified":"2022-02-28T14:18:54","modified_gmt":"2022-02-28T11:18:54","slug":"%c9%99lillik-t%c9%99yinati-sah%c9%99sind%c9%99-%c9%99sas-probleml%c9%99r-aciqlanib","status":"publish","type":"post","link":"https:\/\/arantv.az\/?p=445626","title":{"rendered":"\u018flillik t\u0259yinat\u0131 sah\u0259sind\u0259 \u0259sas probleml\u0259r a\u00e7\u0131qlan\u0131b"},"content":{"rendered":"<p>Az\u0259rbaycanda \u0259lilliyin t\u0259yin olunmas\u0131 zaman\u0131 t\u0259l\u0259b olunan stasionar m\u00fcalic\u0259nin b\u00fct\u00fcn v\u0259t\u0259nda\u015flar \u00fc\u00e7\u00fcn \u0259l\u00e7atanl\u0131\u011f\u0131n\u0131n (m\u0259saf\u0259 v\u0259 maddi durum n\u0259z\u0259r\u0259 al\u0131nmaqla) t\u0259min edilm\u0259si \u00fc\u00e7\u00fcn bir s\u0131ra t\u0259klifl\u0259r ir\u0259li s\u00fcr\u00fcl\u00fcb.<\/p>\n<p><strong>ARANTV.AZ x\u0259b\u0259r verir ki,<\/strong>\u00a0bu, parlamentin \u0130nsan h\u00fcquqlar\u0131 komit\u0259sind\u0259 1 martda m\u00fczakir\u0259y\u0259 \u00e7\u0131xar\u0131lacaq Az\u0259rbaycan Respublikas\u0131n\u0131n \u0130nsan h\u00fcquqlar\u0131 \u00fczr\u0259 m\u00fcv\u0259kkilinin (Ombudsman\u0131n) 2021-ci il \u00fczr\u0259 m\u0259ruz\u0259sind\u0259 \u0259ksini tap\u0131b.<\/p>\n<p>Ombudsman \u0259lilliyin t\u0259yin olunmas\u0131 zaman\u0131 t\u0259l\u0259b olunan stasionar m\u00fcalic\u0259nin b\u00fct\u00fcn v\u0259t\u0259nda\u015flar \u00fc\u00e7\u00fcn \u0259l\u00e7atanl\u0131\u011f\u0131n\u0131n (m\u0259saf\u0259 v\u0259 maddi durum n\u0259z\u0259r\u0259 al\u0131nmaqla) t\u0259min edilm\u0259si v\u0259 ixtisasla\u015fm\u0131\u015f tibb m\u00fc\u0259ssis\u0259l\u0259rind\u0259 y\u00fckl\u00fcl\u00fcy\u00fcn (\u00e7arpay\u0131 say\u0131 n\u0259z\u0259r\u0259 al\u0131nmaqla) azald\u0131lmas\u0131 m\u0259qs\u0259dil\u0259 Bak\u0131 \u015f\u0259h\u0259ri il\u0259 yana\u015f\u0131, regionlarda da baza tibb m\u00fc\u0259ssis\u0259l\u0259rinin (ixtisasla\u015fm\u0131\u015f tibb m\u00fc\u0259ssis\u0259l\u0259rinin) m\u00fc\u0259yy\u0259n edilm\u0259sini z\u0259ruri say\u0131b. Eyni zamanda \u0259lilliyin m\u00fc\u0259yy\u0259n olunmas\u0131 il\u0259 ba\u011fl\u0131 h\u0259kim m\u0259sl\u0259h\u0259t komissiyalar\u0131n\u0131n g\u00f6nd\u0259ri\u015fl\u0259ri il\u0259 tibbi sosial ekspert komissiyalar\u0131n\u0131n r\u0259yl\u0259ri aras\u0131nda ziddiyy\u0259tl\u0259rin aradan qald\u0131r\u0131lmas\u0131 m\u0259qs\u0259di il\u0259 \u201cTibbi-Sosial Ekspert Komissiyas\u0131na g\u00f6nd\u0259ri\u015fl\u0259rin reyestri\u201dn\u0259 daxil edilm\u0259li olan m\u0259lumatlara dair t\u0259l\u0259bl\u0259rin (ayr\u0131-ayr\u0131 x\u0259st\u0259likl\u0259rl\u0259 ba\u011fl\u0131 t\u0259l\u0259b olunan stasionar m\u00fcalic\u0259 m\u00fcdd\u0259ti (\u00e7arpay\u0131 g\u00fcnl\u0259rinin say\u0131), \u0259sas x\u0259st\u0259liyi v\u0259 onun a\u011f\u0131rla\u015fmalar\u0131n\u0131 t\u0259sdiq ed\u0259n ixtisasla\u015fm\u0131\u015f m\u00fcalic\u0259, habel\u0259 funksiya pozuntular\u0131na s\u0259b\u0259b olan patoloji d\u0259yi\u015fiklikl\u0259r, diaqnozu t\u0259sdiq ed\u0259n laborator v\u0259 instrumental m\u00fcayin\u0259l\u0259r v\u0259 s.) d\u0259qiq m\u00fc\u0259yy\u0259n edilm\u0259si t\u00f6vsiy\u0259 edilir.<\/p>\n","protected":false},"excerpt":{"rendered":"<p>Az\u0259rbaycanda \u0259lilliyin t\u0259yin olunmas\u0131 zaman\u0131 t\u0259l\u0259b olunan stasionar m\u00fcalic\u0259nin b\u00fct\u00fcn v\u0259t\u0259nda\u015flar \u00fc\u00e7\u00fcn \u0259l\u00e7atanl\u0131\u011f\u0131n\u0131n (m\u0259saf\u0259 v\u0259 maddi durum n\u0259z\u0259r\u0259 al\u0131nmaqla) t\u0259min edilm\u0259si \u00fc\u00e7\u00fcn bir s\u0131ra t\u0259klifl\u0259r ir\u0259li s\u00fcr\u00fcl\u00fcb. ARANTV.AZ x\u0259b\u0259r verir ki,\u00a0bu, parlamentin \u0130nsan h\u00fcquqlar\u0131 komit\u0259sind\u0259 1 martda m\u00fczakir\u0259y\u0259 \u00e7\u0131xar\u0131lacaq Az\u0259rbaycan Respublikas\u0131n\u0131n \u0130nsan h\u00fcquqlar\u0131 \u00fczr\u0259 m\u00fcv\u0259kkilinin (Ombudsman\u0131n) 2021-ci il \u00fczr\u0259 m\u0259ruz\u0259sind\u0259 \u0259ksini tap\u0131b. Ombudsman \u0259lilliyin t\u0259yin olunmas\u0131 zaman\u0131 t\u0259l\u0259b olunan stasionar m\u00fcalic\u0259nin b\u00fct\u00fcn v\u0259t\u0259nda\u015flar \u00fc\u00e7\u00fcn \u0259l\u00e7atanl\u0131\u011f\u0131n\u0131n (m\u0259saf\u0259 v\u0259 maddi durum n\u0259z\u0259r\u0259 al\u0131nmaqla) t\u0259min edilm\u0259si v\u0259 ixtisasla\u015fm\u0131\u015f tibb m\u00fc\u0259ssis\u0259l\u0259rind\u0259 y\u00fckl\u00fcl\u00fcy\u00fcn (\u00e7arpay\u0131 say\u0131 n\u0259z\u0259r\u0259 al\u0131nmaqla) azald\u0131lmas\u0131 m\u0259qs\u0259dil\u0259 Bak\u0131 \u015f\u0259h\u0259ri il\u0259 yana\u015f\u0131, regionlarda da&hellip;<\/p>\n","protected":false},"author":2,"featured_media":445627,"comment_status":"closed","ping_status":"closed","sticky":false,"template":"","format":"standard","meta":{"om_disable_all_campaigns":false,"_monsterinsights_skip_tracking":false,"_monsterinsights_sitenote_active":false,"_monsterinsights_sitenote_note":"","_monsterinsights_sitenote_category":0},"categories":[1],"tags":[],"aioseo_notices":[],"gutentor_comment":0,"rttpg_featured_image_url":{"full":["https:\/\/arantv.az\/wp-content\/uploads\/2022\/02\/1bf50aaf162200799177231259710348420-1.jpg",975,540,false],"landscape":["https:\/\/arantv.az\/wp-content\/uploads\/2022\/02\/1bf50aaf162200799177231259710348420-1.jpg",975,540,false],"portraits":["https:\/\/arantv.az\/wp-content\/uploads\/2022\/02\/1bf50aaf162200799177231259710348420-1.jpg",975,540,false],"thumbnail":["https:\/\/arantv.az\/wp-content\/uploads\/2022\/02\/1bf50aaf162200799177231259710348420-1-500x280.jpg",500,280,true],"medium":["https:\/\/arantv.az\/wp-content\/uploads\/2022\/02\/1bf50aaf162200799177231259710348420-1-660x365.jpg",660,365,true],"large":["https:\/\/arantv.az\/wp-content\/uploads\/2022\/02\/1bf50aaf162200799177231259710348420-1-840x465.jpg",640,354,true],"1536x1536":["https:\/\/arantv.az\/wp-content\/uploads\/2022\/02\/1bf50aaf162200799177231259710348420-1.jpg",975,540,false],"2048x2048":["https:\/\/arantv.az\/wp-content\/uploads\/2022\/02\/1bf50aaf162200799177231259710348420-1.jpg",975,540,false],"post-thumbnail":["https:\/\/arantv.az\/wp-content\/uploads\/2022\/02\/1bf50aaf162200799177231259710348420-1-240x172.jpg",240,172,true],"advps-thumb-one":["https:\/\/arantv.az\/wp-content\/uploads\/2022\/02\/1bf50aaf162200799177231259710348420-1.jpg",975,540,false]},"rttpg_author":{"display_name":"V\u00fcsal Rafiqo\u011flu","author_link":"https:\/\/arantv.az\/?author=2"},"rttpg_comment":0,"rttpg_category":"<a href=\"https:\/\/arantv.az\/?cat=1\" rel=\"category\">C\u0259miyy\u0259t<\/a>","rttpg_excerpt":"Az\u0259rbaycanda \u0259lilliyin t\u0259yin olunmas\u0131 zaman\u0131 t\u0259l\u0259b olunan stasionar m\u00fcalic\u0259nin b\u00fct\u00fcn v\u0259t\u0259nda\u015flar \u00fc\u00e7\u00fcn \u0259l\u00e7atanl\u0131\u011f\u0131n\u0131n (m\u0259saf\u0259 v\u0259 maddi durum n\u0259z\u0259r\u0259 al\u0131nmaqla) t\u0259min edilm\u0259si \u00fc\u00e7\u00fcn bir s\u0131ra t\u0259klifl\u0259r ir\u0259li s\u00fcr\u00fcl\u00fcb. ARANTV.AZ x\u0259b\u0259r verir ki,\u00a0bu, parlamentin \u0130nsan h\u00fcquqlar\u0131 komit\u0259sind\u0259 1 martda m\u00fczakir\u0259y\u0259 \u00e7\u0131xar\u0131lacaq Az\u0259rbaycan Respublikas\u0131n\u0131n \u0130nsan h\u00fcquqlar\u0131 \u00fczr\u0259 m\u00fcv\u0259kkilinin (Ombudsman\u0131n) 2021-ci il \u00fczr\u0259 m\u0259ruz\u0259sind\u0259 \u0259ksini tap\u0131b. Ombudsman \u0259lilliyin t\u0259yin&hellip;","_links":{"self":[{"href":"https:\/\/arantv.az\/index.php?rest_route=\/wp\/v2\/posts\/445626"}],"collection":[{"href":"https:\/\/arantv.az\/index.php?rest_route=\/wp\/v2\/posts"}],"about":[{"href":"https:\/\/arantv.az\/index.php?rest_route=\/wp\/v2\/types\/post"}],"author":[{"embeddable":true,"href":"https:\/\/arantv.az\/index.php?rest_route=\/wp\/v2\/users\/2"}],"replies":[{"embeddable":true,"href":"https:\/\/arantv.az\/index.php?rest_route=%2Fwp%2Fv2%2Fcomments&post=445626"}],"version-history":[{"count":0,"href":"https:\/\/arantv.az\/index.php?rest_route=\/wp\/v2\/posts\/445626\/revisions"}],"wp:featuredmedia":[{"embeddable":true,"href":"https:\/\/arantv.az\/index.php?rest_route=\/wp\/v2\/media\/445627"}],"wp:attachment":[{"href":"https:\/\/arantv.az\/index.php?rest_route=%2Fwp%2Fv2%2Fmedia&parent=445626"}],"wp:term":[{"taxonomy":"category","embeddable":true,"href":"https:\/\/arantv.az\/index.php?rest_route=%2Fwp%2Fv2%2Fcategories&post=445626"},{"taxonomy":"post_tag","embeddable":true,"href":"https:\/\/arantv.az\/index.php?rest_route=%2Fwp%2Fv2%2Ftags&post=445626"}],"curies":[{"name":"wp","href":"https:\/\/api.w.org\/{rel}","templated":true}]}}