{"id":44563,"date":"2019-03-11T16:41:39","date_gmt":"2019-03-11T13:41:39","guid":{"rendered":"http:\/\/arantv.az\/?p=44563"},"modified":"2019-03-11T16:41:39","modified_gmt":"2019-03-11T13:41:39","slug":"prezident-ilham-%c9%99liyev-efiopiyali-v%c9%99-keniyali-h%c9%99mkarlarina-bassagligi-verib","status":"publish","type":"post","link":"https:\/\/arantv.az\/?p=44563","title":{"rendered":"Prezident \u0130lham \u018fliyev efiopiyal\u0131 v\u0259 keniyal\u0131 h\u0259mkarlar\u0131na ba\u015fsa\u011fl\u0131\u011f\u0131 verib"},"content":{"rendered":"<p><strong>Prezident \u0130lham \u018fliyev Efiopiya Prezident Sahle-Uork Zevdey\u0259 ba\u015fsa\u011fl\u0131\u011f\u0131 verib.<\/strong><\/p>\n<p><strong>ARANTV.AZ<\/strong> az\u0259rtac-a istinad\u0259n x\u0259b\u0259r verir ki, ba\u015fsa\u011fl\u0131\u011f\u0131nda deyilir:<\/p>\n<p>&#8220;H\u00f6rm\u0259tli xan\u0131m Prezident, &#8220;Efiopiya hava yollar\u0131&#8221;na m\u0259xsus s\u0259rni\u015fin t\u0259yyar\u0259sinin q\u0259zaya u\u011framas\u0131 n\u0259tic\u0259sind\u0259 \u00e7oxsayl\u0131 insan t\u0259l\u0259fat\u0131 x\u0259b\u0259rini k\u0259d\u0259r hissi il\u0259 qar\u015f\u0131lad\u0131m.<\/p>\n<p>Ba\u015f vermi\u015f bu faci\u0259 il\u0259 \u0259laq\u0259dar Siz\u0259, h\u0259lak olanlar\u0131n ail\u0259l\u0259rin\u0259 v\u0259 yax\u0131nlar\u0131na, b\u00fct\u00fcn Efiopiya xalq\u0131na \u015f\u0259xs\u0259n \u00f6z ad\u0131mdan v\u0259 Az\u0259rbaycan xalq\u0131 ad\u0131ndan d\u0259rin h\u00fcznl\u0259 ba\u015fsa\u011fl\u0131\u011f\u0131 verir\u0259m&#8221;.<\/p>\n<p><strong>D\u00f6vl\u0259timizin ba\u015f\u00e7\u0131s\u0131, h\u0259m\u00e7inin Keniya Prezidenti Uhuru Kenyattaya ba\u015fsa\u011fl\u0131\u011f\u0131 verib.<\/strong><\/p>\n<p>Ba\u015fsa\u011fl\u0131\u011f\u0131nda qeyd olunur: &#8220;Efiopiya hava yollar\u0131&#8221;na m\u0259xsus s\u0259rni\u015fin t\u0259yyar\u0259sinin q\u0259zaya u\u011framas\u0131 n\u0259tic\u0259sind\u0259 h\u0259mv\u0259t\u0259nl\u0259rinizin h\u0259lak olmas\u0131 x\u0259b\u0259rind\u0259n son d\u0259r\u0259c\u0259 k\u0259d\u0259rl\u0259ndim.<\/p>\n<p>Bu faci\u0259 il\u0259 \u0259laq\u0259dar Siz\u0259, h\u0259lak olanlar\u0131n ail\u0259l\u0259rin\u0259 v\u0259 yax\u0131nlar\u0131na, b\u00fct\u00fcn Keniya xalq\u0131na \u015f\u0259xs\u0259n \u00f6z ad\u0131mdan v\u0259 Az\u0259rbaycan xalq\u0131 ad\u0131ndan d\u0259rin h\u00fcznl\u0259 ba\u015fsa\u011fl\u0131\u011f\u0131 verir\u0259m&#8221;.<\/p>\n","protected":false},"excerpt":{"rendered":"<p>Prezident \u0130lham \u018fliyev Efiopiya Prezident Sahle-Uork Zevdey\u0259 ba\u015fsa\u011fl\u0131\u011f\u0131 verib. ARANTV.AZ az\u0259rtac-a istinad\u0259n x\u0259b\u0259r verir ki, ba\u015fsa\u011fl\u0131\u011f\u0131nda deyilir: &#8220;H\u00f6rm\u0259tli xan\u0131m Prezident, &#8220;Efiopiya hava yollar\u0131&#8221;na m\u0259xsus s\u0259rni\u015fin t\u0259yyar\u0259sinin q\u0259zaya u\u011framas\u0131 n\u0259tic\u0259sind\u0259 \u00e7oxsayl\u0131 insan t\u0259l\u0259fat\u0131 x\u0259b\u0259rini k\u0259d\u0259r hissi il\u0259 qar\u015f\u0131lad\u0131m. Ba\u015f vermi\u015f bu faci\u0259 il\u0259 \u0259laq\u0259dar Siz\u0259, h\u0259lak olanlar\u0131n ail\u0259l\u0259rin\u0259 v\u0259 yax\u0131nlar\u0131na, b\u00fct\u00fcn Efiopiya xalq\u0131na \u015f\u0259xs\u0259n \u00f6z ad\u0131mdan v\u0259 Az\u0259rbaycan xalq\u0131 ad\u0131ndan d\u0259rin h\u00fcznl\u0259 ba\u015fsa\u011fl\u0131\u011f\u0131 verir\u0259m&#8221;. D\u00f6vl\u0259timizin ba\u015f\u00e7\u0131s\u0131, h\u0259m\u00e7inin Keniya Prezidenti Uhuru Kenyattaya ba\u015fsa\u011fl\u0131\u011f\u0131 verib. Ba\u015fsa\u011fl\u0131\u011f\u0131nda qeyd olunur: &#8220;Efiopiya hava yollar\u0131&#8221;na m\u0259xsus s\u0259rni\u015fin t\u0259yyar\u0259sinin q\u0259zaya u\u011framas\u0131 n\u0259tic\u0259sind\u0259 h\u0259mv\u0259t\u0259nl\u0259rinizin h\u0259lak olmas\u0131 x\u0259b\u0259rind\u0259n son d\u0259r\u0259c\u0259&hellip;<\/p>\n","protected":false},"author":2,"featured_media":44564,"comment_status":"closed","ping_status":"closed","sticky":false,"template":"","format":"standard","meta":{"om_disable_all_campaigns":false,"_monsterinsights_skip_tracking":false,"_monsterinsights_sitenote_active":false,"_monsterinsights_sitenote_note":"","_monsterinsights_sitenote_category":0},"categories":[4],"tags":[],"aioseo_notices":[],"gutentor_comment":0,"rttpg_featured_image_url":{"full":["https:\/\/arantv.az\/wp-content\/uploads\/2019\/03\/2018_ilham_aliyev_05-6.jpg",1200,900,false],"landscape":["https:\/\/arantv.az\/wp-content\/uploads\/2019\/03\/2018_ilham_aliyev_05-6.jpg",1200,900,false],"portraits":["https:\/\/arantv.az\/wp-content\/uploads\/2019\/03\/2018_ilham_aliyev_05-6.jpg",1200,900,false],"thumbnail":["https:\/\/arantv.az\/wp-content\/uploads\/2019\/03\/2018_ilham_aliyev_05-6-150x150.jpg",150,150,true],"medium":["https:\/\/arantv.az\/wp-content\/uploads\/2019\/03\/2018_ilham_aliyev_05-6-300x225.jpg",300,225,true],"large":["https:\/\/arantv.az\/wp-content\/uploads\/2019\/03\/2018_ilham_aliyev_05-6-1024x768.jpg",640,480,true],"1536x1536":["https:\/\/arantv.az\/wp-content\/uploads\/2019\/03\/2018_ilham_aliyev_05-6.jpg",1200,900,false],"2048x2048":["https:\/\/arantv.az\/wp-content\/uploads\/2019\/03\/2018_ilham_aliyev_05-6.jpg",1200,900,false],"post-thumbnail":["https:\/\/arantv.az\/wp-content\/uploads\/2019\/03\/2018_ilham_aliyev_05-6-240x172.jpg",240,172,true],"advps-thumb-one":["https:\/\/arantv.az\/wp-content\/uploads\/2019\/03\/2018_ilham_aliyev_05-6-1200x620.jpg",1200,620,true]},"rttpg_author":{"display_name":"V\u00fcsal Rafiqo\u011flu","author_link":"https:\/\/arantv.az\/?author=2"},"rttpg_comment":0,"rttpg_category":"<a href=\"https:\/\/arantv.az\/?cat=4\" rel=\"category\">Siyas\u0259t<\/a>","rttpg_excerpt":"Prezident \u0130lham \u018fliyev Efiopiya Prezident Sahle-Uork Zevdey\u0259 ba\u015fsa\u011fl\u0131\u011f\u0131 verib. ARANTV.AZ az\u0259rtac-a istinad\u0259n x\u0259b\u0259r verir ki, ba\u015fsa\u011fl\u0131\u011f\u0131nda deyilir: &#8220;H\u00f6rm\u0259tli xan\u0131m Prezident, &#8220;Efiopiya hava yollar\u0131&#8221;na m\u0259xsus s\u0259rni\u015fin t\u0259yyar\u0259sinin q\u0259zaya u\u011framas\u0131 n\u0259tic\u0259sind\u0259 \u00e7oxsayl\u0131 insan t\u0259l\u0259fat\u0131 x\u0259b\u0259rini k\u0259d\u0259r hissi il\u0259 qar\u015f\u0131lad\u0131m. Ba\u015f vermi\u015f bu faci\u0259 il\u0259 \u0259laq\u0259dar Siz\u0259, h\u0259lak olanlar\u0131n ail\u0259l\u0259rin\u0259 v\u0259 yax\u0131nlar\u0131na, b\u00fct\u00fcn Efiopiya xalq\u0131na \u015f\u0259xs\u0259n \u00f6z ad\u0131mdan&hellip;","_links":{"self":[{"href":"https:\/\/arantv.az\/index.php?rest_route=\/wp\/v2\/posts\/44563"}],"collection":[{"href":"https:\/\/arantv.az\/index.php?rest_route=\/wp\/v2\/posts"}],"about":[{"href":"https:\/\/arantv.az\/index.php?rest_route=\/wp\/v2\/types\/post"}],"author":[{"embeddable":true,"href":"https:\/\/arantv.az\/index.php?rest_route=\/wp\/v2\/users\/2"}],"replies":[{"embeddable":true,"href":"https:\/\/arantv.az\/index.php?rest_route=%2Fwp%2Fv2%2Fcomments&post=44563"}],"version-history":[{"count":0,"href":"https:\/\/arantv.az\/index.php?rest_route=\/wp\/v2\/posts\/44563\/revisions"}],"wp:featuredmedia":[{"embeddable":true,"href":"https:\/\/arantv.az\/index.php?rest_route=\/wp\/v2\/media\/44564"}],"wp:attachment":[{"href":"https:\/\/arantv.az\/index.php?rest_route=%2Fwp%2Fv2%2Fmedia&parent=44563"}],"wp:term":[{"taxonomy":"category","embeddable":true,"href":"https:\/\/arantv.az\/index.php?rest_route=%2Fwp%2Fv2%2Fcategories&post=44563"},{"taxonomy":"post_tag","embeddable":true,"href":"https:\/\/arantv.az\/index.php?rest_route=%2Fwp%2Fv2%2Ftags&post=44563"}],"curies":[{"name":"wp","href":"https:\/\/api.w.org\/{rel}","templated":true}]}}