{"id":445648,"date":"2022-02-28T14:51:20","date_gmt":"2022-02-28T11:51:20","guid":{"rendered":"http:\/\/arantv.az\/?p=445648"},"modified":"2022-02-28T14:51:20","modified_gmt":"2022-02-28T11:51:20","slug":"f%c9%99xr%c9%99ddin-altun-turkiy%c9%99nin-siyas%c9%99ti-il%c9%99-bagli-coxlu-spekulyasiyalar-v%c9%99-s%c9%99rhl%c9%99r-edilir","status":"publish","type":"post","link":"https:\/\/arantv.az\/?p=445648","title":{"rendered":"F\u0259xr\u0259ddin Altun: \u201cT\u00fcrkiy\u0259nin siyas\u0259ti il\u0259 ba\u011fl\u0131 \u00e7oxlu spekulyasiyalar v\u0259 \u015f\u0259rhl\u0259r edilir\u201d"},"content":{"rendered":"<p>\u201cPrezidentimiz R\u0259c\u0259b Tayyib \u018frdo\u011fan h\u0259r iki \u00f6lk\u0259 il\u0259 g\u00fccl\u00fc \u0259laq\u0259l\u0259rimiz oldu\u011fu \u00fc\u00e7\u00fcn d\u0259f\u0259l\u0259rl\u0259 Rusiya v\u0259 Ukrayna aras\u0131nda vasit\u0259\u00e7ilik etm\u0259yi t\u0259klif edib. H\u0259m\u00e7inin m\u00fctt\u0259fiql\u0259r\u0259 ortaq m\u00f6vqe n\u00fcmayi\u015f etdirm\u0259y\u0259 \u00e7a\u011f\u0131r\u0131b. T\u00fcrkiy\u0259 olaraq m\u00f6vcud v\u0259ziyy\u0259tin qar\u015f\u0131s\u0131n\u0131 almaq \u00fc\u00e7\u00fcn diplomatik s\u0259viyy\u0259d\u0259 \u0259limizd\u0259n g\u0259l\u0259ni etdik. BMT sistemind\u0259 islahatlarla ba\u011fl\u0131 \u00e7a\u011f\u0131r\u0131\u015flar\u0131m\u0131za m\u0259h\u0259l qoyulmad\u0131 v\u0259 bunun a\u011f\u0131r n\u0259tic\u0259l\u0259rini son b\u00f6hranda g\u00f6rd\u00fck. \u018fg\u0259r \u00e7a\u011f\u0131r\u0131\u015flar\u0131m\u0131za m\u0259h\u0259l qoyulsayd\u0131 bu m\u00fcharib\u0259nin qar\u015f\u0131s\u0131n\u0131 almaq olard\u0131\u201d.<\/p>\n<p><strong>ARANTV.AZ <\/strong>\u00a0x\u0259b\u0259r verir ki, bununla ba\u011fl\u0131 T\u00fcrkiy\u0259 Prezident Administrasiyas\u0131n\u0131n Kommunikasiya \u0130dar\u0259sinin r\u0259hb\u0259ri F\u0259xr\u0259ddin Altun sosial media hesab\u0131ndan Rusiyan\u0131n Ukraynaya h\u00fccumu il\u0259 ba\u011fl\u0131 etdiyi payla\u015f\u0131mda qeyd edib.<\/p>\n<div class=\"AdviadNativeVideo\"><\/div>\n<p>O d\u0259f\u0259l\u0259rl\u0259 diplomatik h\u0259ll \u00fc\u00e7\u00fcn \u00e7a\u011f\u0131r\u0131\u015f etdikl\u0259rini lakin m\u00fcharib\u0259nin haz\u0131rda bir reall\u0131q kimi qar\u015f\u0131lar\u0131nda dayand\u0131\u011f\u0131n\u0131 xat\u0131rlad\u0131b.<\/p>\n<p>F\u0259xr\u0259ddin Altun beyn\u0259lxalq birliyin bir s\u0131ra regional v\u0259 qlobal m\u0259s\u0259l\u0259l\u0259rd\u0259 birlik olmamas\u0131n\u0131n eynil\u0259 Rusiya v\u0259 Ukrayna b\u00f6hran\u0131nda oldu\u011fu kimi b\u00f6y\u00fck problem oldu\u011funu vur\u011fulay\u0131b:<\/p>\n<p>\u201cBu m\u00fcnaqi\u015f\u0259 bizi iki faci\u0259 il\u0259 \u00fcz-\u00fcz\u0259 qoyur. Birincisi, m\u00fcnaqi\u015f\u0259nin humanitar t\u0259r\u0259fidir. T\u00fcrkiy\u0259 bu m\u0259s\u0259l\u0259d\u0259 n\u0259 laz\u0131md\u0131rsa ed\u0259c\u0259k. Dig\u0259r regional qar\u015f\u0131durmalarda oldu\u011fu kimi indi bu sah\u0259d\u0259 ilk t\u0259\u015f\u0259bb\u00fcskarlardan olaca\u011f\u0131q. \u0130kincisi is\u0259 reall\u0131\u011fa qar\u015f\u0131 amans\u0131z h\u00fccumlard\u0131r. Biz bu v\u0259ziyy\u0259tin d\u0259 f\u0259rqind\u0259yik. Dezinformasiya v\u0259 yanl\u0131\u015f m\u0259lumatland\u0131rma kampaniyalar\u0131n\u0131n qar\u015f\u0131s\u0131n\u0131 almaq \u00fc\u00e7\u00fcn \u00e7al\u0131\u015f\u0131r\u0131q. Bu informasiya m\u00fcharib\u0259sind\u0259 m\u0259nb\u0259yind\u0259n as\u0131l\u0131 olmayaraq h\u0259qiq\u0259tin yan\u0131nda olaca\u011f\u0131q. T\u00fcrkiy\u0259nin siyas\u0259ti il\u0259 ba\u011fl\u0131 \u00e7oxlu spekulyasiyalar v\u0259 \u015f\u0259rhl\u0259r edilir.<\/p>\n<p>T\u00fcrkiy\u0259nin diplomatik add\u0131mlar\u0131 v\u0259 m\u00fctt\u0259fiql\u0259ri il\u0259 koordinasiyas\u0131 h\u0259r zaman m\u00fcnaqi\u015f\u0259nin tez v\u0259 s\u00fclh yolu il\u0259 h\u0259ll edilm\u0259sin\u0259 y\u00f6n\u0259lib.\u00a0Buna he\u00e7 kimin \u015f\u00fcbh\u0259si olmas\u0131n. T\u00fcrkiy\u0259 diplomatiyan\u0131n konstruktiv, yarad\u0131c\u0131 g\u00fcc\u00fcn\u0259 inan\u0131r v\u0259 h\u0259r b\u00f6hranda b\u00fct\u00fcn diplomatik variantlardan maksimum istifad\u0259 etm\u0259y\u0259 \u00e7al\u0131\u015fmaqdad\u0131r. Bu son m\u00fcnaqi\u015f\u0259 h\u0259m u\u011fursuz, h\u0259m d\u0259 laz\u0131ms\u0131zd\u0131r. Biz bu m\u00fcharib\u0259nin indiki v\u0259 uzunm\u00fcdd\u0259tli n\u0259tic\u0259l\u0259rinin qar\u015f\u0131s\u0131n\u0131 alma\u011fa \u00e7al\u0131\u015faca\u011f\u0131q\u201d.<\/p>\n","protected":false},"excerpt":{"rendered":"<p>\u201cPrezidentimiz R\u0259c\u0259b Tayyib \u018frdo\u011fan h\u0259r iki \u00f6lk\u0259 il\u0259 g\u00fccl\u00fc \u0259laq\u0259l\u0259rimiz oldu\u011fu \u00fc\u00e7\u00fcn d\u0259f\u0259l\u0259rl\u0259 Rusiya v\u0259 Ukrayna aras\u0131nda vasit\u0259\u00e7ilik etm\u0259yi t\u0259klif edib. H\u0259m\u00e7inin m\u00fctt\u0259fiql\u0259r\u0259 ortaq m\u00f6vqe n\u00fcmayi\u015f etdirm\u0259y\u0259 \u00e7a\u011f\u0131r\u0131b. T\u00fcrkiy\u0259 olaraq m\u00f6vcud v\u0259ziyy\u0259tin qar\u015f\u0131s\u0131n\u0131 almaq \u00fc\u00e7\u00fcn diplomatik s\u0259viyy\u0259d\u0259 \u0259limizd\u0259n g\u0259l\u0259ni etdik. BMT sistemind\u0259 islahatlarla ba\u011fl\u0131 \u00e7a\u011f\u0131r\u0131\u015flar\u0131m\u0131za m\u0259h\u0259l qoyulmad\u0131 v\u0259 bunun a\u011f\u0131r n\u0259tic\u0259l\u0259rini son b\u00f6hranda g\u00f6rd\u00fck. \u018fg\u0259r \u00e7a\u011f\u0131r\u0131\u015flar\u0131m\u0131za m\u0259h\u0259l qoyulsayd\u0131 bu m\u00fcharib\u0259nin qar\u015f\u0131s\u0131n\u0131 almaq olard\u0131\u201d. ARANTV.AZ \u00a0x\u0259b\u0259r verir ki, bununla ba\u011fl\u0131 T\u00fcrkiy\u0259 Prezident Administrasiyas\u0131n\u0131n Kommunikasiya \u0130dar\u0259sinin r\u0259hb\u0259ri F\u0259xr\u0259ddin Altun sosial media hesab\u0131ndan Rusiyan\u0131n Ukraynaya h\u00fccumu il\u0259 ba\u011fl\u0131 etdiyi payla\u015f\u0131mda qeyd edib. O&hellip;<\/p>\n","protected":false},"author":2,"featured_media":445649,"comment_status":"closed","ping_status":"closed","sticky":false,"template":"","format":"standard","meta":{"om_disable_all_campaigns":false,"_monsterinsights_skip_tracking":false,"_monsterinsights_sitenote_active":false,"_monsterinsights_sitenote_note":"","_monsterinsights_sitenote_category":0},"categories":[4],"tags":[],"aioseo_notices":[],"gutentor_comment":0,"rttpg_featured_image_url":{"full":["https:\/\/arantv.az\/wp-content\/uploads\/2022\/02\/FotoJet-32-4.jpg",620,413,false],"landscape":["https:\/\/arantv.az\/wp-content\/uploads\/2022\/02\/FotoJet-32-4.jpg",620,413,false],"portraits":["https:\/\/arantv.az\/wp-content\/uploads\/2022\/02\/FotoJet-32-4.jpg",620,413,false],"thumbnail":["https:\/\/arantv.az\/wp-content\/uploads\/2022\/02\/FotoJet-32-4-500x280.jpg",500,280,true],"medium":["https:\/\/arantv.az\/wp-content\/uploads\/2022\/02\/FotoJet-32-4-548x365.jpg",548,365,true],"large":["https:\/\/arantv.az\/wp-content\/uploads\/2022\/02\/FotoJet-32-4.jpg",620,413,false],"1536x1536":["https:\/\/arantv.az\/wp-content\/uploads\/2022\/02\/FotoJet-32-4.jpg",620,413,false],"2048x2048":["https:\/\/arantv.az\/wp-content\/uploads\/2022\/02\/FotoJet-32-4.jpg",620,413,false],"post-thumbnail":["https:\/\/arantv.az\/wp-content\/uploads\/2022\/02\/FotoJet-32-4-240x172.jpg",240,172,true],"advps-thumb-one":["https:\/\/arantv.az\/wp-content\/uploads\/2022\/02\/FotoJet-32-4.jpg",620,413,false]},"rttpg_author":{"display_name":"V\u00fcsal Rafiqo\u011flu","author_link":"https:\/\/arantv.az\/?author=2"},"rttpg_comment":0,"rttpg_category":"<a href=\"https:\/\/arantv.az\/?cat=4\" rel=\"category\">Siyas\u0259t<\/a>","rttpg_excerpt":"\u201cPrezidentimiz R\u0259c\u0259b Tayyib \u018frdo\u011fan h\u0259r iki \u00f6lk\u0259 il\u0259 g\u00fccl\u00fc \u0259laq\u0259l\u0259rimiz oldu\u011fu \u00fc\u00e7\u00fcn d\u0259f\u0259l\u0259rl\u0259 Rusiya v\u0259 Ukrayna aras\u0131nda vasit\u0259\u00e7ilik etm\u0259yi t\u0259klif edib. H\u0259m\u00e7inin m\u00fctt\u0259fiql\u0259r\u0259 ortaq m\u00f6vqe n\u00fcmayi\u015f etdirm\u0259y\u0259 \u00e7a\u011f\u0131r\u0131b. T\u00fcrkiy\u0259 olaraq m\u00f6vcud v\u0259ziyy\u0259tin qar\u015f\u0131s\u0131n\u0131 almaq \u00fc\u00e7\u00fcn diplomatik s\u0259viyy\u0259d\u0259 \u0259limizd\u0259n g\u0259l\u0259ni etdik. BMT sistemind\u0259 islahatlarla ba\u011fl\u0131 \u00e7a\u011f\u0131r\u0131\u015flar\u0131m\u0131za m\u0259h\u0259l qoyulmad\u0131 v\u0259 bunun a\u011f\u0131r n\u0259tic\u0259l\u0259rini son b\u00f6hranda g\u00f6rd\u00fck. \u018fg\u0259r&hellip;","_links":{"self":[{"href":"https:\/\/arantv.az\/index.php?rest_route=\/wp\/v2\/posts\/445648"}],"collection":[{"href":"https:\/\/arantv.az\/index.php?rest_route=\/wp\/v2\/posts"}],"about":[{"href":"https:\/\/arantv.az\/index.php?rest_route=\/wp\/v2\/types\/post"}],"author":[{"embeddable":true,"href":"https:\/\/arantv.az\/index.php?rest_route=\/wp\/v2\/users\/2"}],"replies":[{"embeddable":true,"href":"https:\/\/arantv.az\/index.php?rest_route=%2Fwp%2Fv2%2Fcomments&post=445648"}],"version-history":[{"count":0,"href":"https:\/\/arantv.az\/index.php?rest_route=\/wp\/v2\/posts\/445648\/revisions"}],"wp:featuredmedia":[{"embeddable":true,"href":"https:\/\/arantv.az\/index.php?rest_route=\/wp\/v2\/media\/445649"}],"wp:attachment":[{"href":"https:\/\/arantv.az\/index.php?rest_route=%2Fwp%2Fv2%2Fmedia&parent=445648"}],"wp:term":[{"taxonomy":"category","embeddable":true,"href":"https:\/\/arantv.az\/index.php?rest_route=%2Fwp%2Fv2%2Fcategories&post=445648"},{"taxonomy":"post_tag","embeddable":true,"href":"https:\/\/arantv.az\/index.php?rest_route=%2Fwp%2Fv2%2Ftags&post=445648"}],"curies":[{"name":"wp","href":"https:\/\/api.w.org\/{rel}","templated":true}]}}