{"id":445651,"date":"2022-02-28T14:51:51","date_gmt":"2022-02-28T11:51:51","guid":{"rendered":"http:\/\/arantv.az\/?p=445651"},"modified":"2022-02-28T14:51:51","modified_gmt":"2022-02-28T11:51:51","slug":"buta-airwaysin-bakidan-kiyev%c9%99-ucusu-l%c9%99gv-edilib-2","status":"publish","type":"post","link":"https:\/\/arantv.az\/?p=445651","title":{"rendered":"\u201cButa Airways\u201din Bak\u0131dan Kiyev\u0259 u\u00e7u\u015fu l\u0259\u011fv edilib"},"content":{"rendered":"<p>\u201cButa Airways\u201d a\u015fa\u011f\u0131b\u00fcdc\u0259li avia\u015firk\u0259ti Ukraynada davam ed\u0259n qeyri-sabit v\u0259ziyy\u0259tl\u0259 \u0259laq\u0259dar mart\u0131n 3-n\u0259 planla\u015fd\u0131r\u0131lan Bak\u0131-Kiyev-Bak\u0131 mar\u015frutu \u00fczr\u0259 s\u0259rni\u015fin reysini l\u0259\u011fv edib.<\/p>\n<div class=\"AdviadNativeVideo\"><\/div>\n<p>Bu bar\u0259d\u0259 \u015firk\u0259t m\u0259lumat yay\u0131b.<\/p>\n<p>\u201cL\u0259\u011fv edilmi\u015f reysl\u0259rin s\u0259rni\u015finl\u0259ri u\u00e7u\u015f tarixini d\u0259yi\u015f\u0259 v\u0259 ya c\u0259rim\u0259 t\u0259tbiq edilm\u0259d\u0259n aviabiletl\u0259ri geri qaytara bil\u0259rl\u0259r.<\/p>\n<p>B\u00fct\u00fcn s\u0259rni\u015finl\u0259rimizd\u0259n \u0259n son u\u00e7u\u015f m\u0259lumatlar\u0131n\u0131 avia\u015firk\u0259tin r\u0259smi sosial \u015f\u0259b\u0259k\u0259 s\u0259hif\u0259l\u0259rind\u0259 izl\u0259m\u0259l\u0259rini xahi\u015f edirik\u201d, &#8211; dey\u0259 m\u0259lumatda qeyd edilib.<\/p>\n","protected":false},"excerpt":{"rendered":"<p>\u201cButa Airways\u201d a\u015fa\u011f\u0131b\u00fcdc\u0259li avia\u015firk\u0259ti Ukraynada davam ed\u0259n qeyri-sabit v\u0259ziyy\u0259tl\u0259 \u0259laq\u0259dar mart\u0131n 3-n\u0259 planla\u015fd\u0131r\u0131lan Bak\u0131-Kiyev-Bak\u0131 mar\u015frutu \u00fczr\u0259 s\u0259rni\u015fin reysini l\u0259\u011fv edib. Bu bar\u0259d\u0259 \u015firk\u0259t m\u0259lumat yay\u0131b. \u201cL\u0259\u011fv edilmi\u015f reysl\u0259rin s\u0259rni\u015finl\u0259ri u\u00e7u\u015f tarixini d\u0259yi\u015f\u0259 v\u0259 ya c\u0259rim\u0259 t\u0259tbiq edilm\u0259d\u0259n aviabiletl\u0259ri geri qaytara bil\u0259rl\u0259r. B\u00fct\u00fcn s\u0259rni\u015finl\u0259rimizd\u0259n \u0259n son u\u00e7u\u015f m\u0259lumatlar\u0131n\u0131 avia\u015firk\u0259tin r\u0259smi sosial \u015f\u0259b\u0259k\u0259 s\u0259hif\u0259l\u0259rind\u0259 izl\u0259m\u0259l\u0259rini xahi\u015f edirik\u201d, &#8211; dey\u0259 m\u0259lumatda qeyd edilib.<\/p>\n","protected":false},"author":2,"featured_media":445652,"comment_status":"closed","ping_status":"closed","sticky":false,"template":"","format":"standard","meta":{"om_disable_all_campaigns":false,"_monsterinsights_skip_tracking":false,"_monsterinsights_sitenote_active":false,"_monsterinsights_sitenote_note":"","_monsterinsights_sitenote_category":0},"categories":[1],"tags":[],"aioseo_notices":[],"gutentor_comment":0,"rttpg_featured_image_url":{"full":["https:\/\/arantv.az\/wp-content\/uploads\/2022\/02\/kiyev-1024x683-2.jpg",620,414,false],"landscape":["https:\/\/arantv.az\/wp-content\/uploads\/2022\/02\/kiyev-1024x683-2.jpg",620,414,false],"portraits":["https:\/\/arantv.az\/wp-content\/uploads\/2022\/02\/kiyev-1024x683-2.jpg",620,414,false],"thumbnail":["https:\/\/arantv.az\/wp-content\/uploads\/2022\/02\/kiyev-1024x683-2-500x280.jpg",500,280,true],"medium":["https:\/\/arantv.az\/wp-content\/uploads\/2022\/02\/kiyev-1024x683-2-547x365.jpg",547,365,true],"large":["https:\/\/arantv.az\/wp-content\/uploads\/2022\/02\/kiyev-1024x683-2.jpg",620,414,false],"1536x1536":["https:\/\/arantv.az\/wp-content\/uploads\/2022\/02\/kiyev-1024x683-2.jpg",620,414,false],"2048x2048":["https:\/\/arantv.az\/wp-content\/uploads\/2022\/02\/kiyev-1024x683-2.jpg",620,414,false],"post-thumbnail":["https:\/\/arantv.az\/wp-content\/uploads\/2022\/02\/kiyev-1024x683-2-240x172.jpg",240,172,true],"advps-thumb-one":["https:\/\/arantv.az\/wp-content\/uploads\/2022\/02\/kiyev-1024x683-2.jpg",620,414,false]},"rttpg_author":{"display_name":"V\u00fcsal Rafiqo\u011flu","author_link":"https:\/\/arantv.az\/?author=2"},"rttpg_comment":0,"rttpg_category":"<a href=\"https:\/\/arantv.az\/?cat=1\" rel=\"category\">C\u0259miyy\u0259t<\/a>","rttpg_excerpt":"\u201cButa Airways\u201d a\u015fa\u011f\u0131b\u00fcdc\u0259li avia\u015firk\u0259ti Ukraynada davam ed\u0259n qeyri-sabit v\u0259ziyy\u0259tl\u0259 \u0259laq\u0259dar mart\u0131n 3-n\u0259 planla\u015fd\u0131r\u0131lan Bak\u0131-Kiyev-Bak\u0131 mar\u015frutu \u00fczr\u0259 s\u0259rni\u015fin reysini l\u0259\u011fv edib. Bu bar\u0259d\u0259 \u015firk\u0259t m\u0259lumat yay\u0131b. \u201cL\u0259\u011fv edilmi\u015f reysl\u0259rin s\u0259rni\u015finl\u0259ri u\u00e7u\u015f tarixini d\u0259yi\u015f\u0259 v\u0259 ya c\u0259rim\u0259 t\u0259tbiq edilm\u0259d\u0259n aviabiletl\u0259ri geri qaytara bil\u0259rl\u0259r. B\u00fct\u00fcn s\u0259rni\u015finl\u0259rimizd\u0259n \u0259n son u\u00e7u\u015f m\u0259lumatlar\u0131n\u0131 avia\u015firk\u0259tin r\u0259smi sosial \u015f\u0259b\u0259k\u0259 s\u0259hif\u0259l\u0259rind\u0259 izl\u0259m\u0259l\u0259rini xahi\u015f edirik\u201d,&hellip;","_links":{"self":[{"href":"https:\/\/arantv.az\/index.php?rest_route=\/wp\/v2\/posts\/445651"}],"collection":[{"href":"https:\/\/arantv.az\/index.php?rest_route=\/wp\/v2\/posts"}],"about":[{"href":"https:\/\/arantv.az\/index.php?rest_route=\/wp\/v2\/types\/post"}],"author":[{"embeddable":true,"href":"https:\/\/arantv.az\/index.php?rest_route=\/wp\/v2\/users\/2"}],"replies":[{"embeddable":true,"href":"https:\/\/arantv.az\/index.php?rest_route=%2Fwp%2Fv2%2Fcomments&post=445651"}],"version-history":[{"count":0,"href":"https:\/\/arantv.az\/index.php?rest_route=\/wp\/v2\/posts\/445651\/revisions"}],"wp:featuredmedia":[{"embeddable":true,"href":"https:\/\/arantv.az\/index.php?rest_route=\/wp\/v2\/media\/445652"}],"wp:attachment":[{"href":"https:\/\/arantv.az\/index.php?rest_route=%2Fwp%2Fv2%2Fmedia&parent=445651"}],"wp:term":[{"taxonomy":"category","embeddable":true,"href":"https:\/\/arantv.az\/index.php?rest_route=%2Fwp%2Fv2%2Fcategories&post=445651"},{"taxonomy":"post_tag","embeddable":true,"href":"https:\/\/arantv.az\/index.php?rest_route=%2Fwp%2Fv2%2Ftags&post=445651"}],"curies":[{"name":"wp","href":"https:\/\/api.w.org\/{rel}","templated":true}]}}