{"id":445707,"date":"2022-02-28T16:06:20","date_gmt":"2022-02-28T13:06:20","guid":{"rendered":"http:\/\/arantv.az\/?p=445707"},"modified":"2022-02-28T16:06:20","modified_gmt":"2022-02-28T13:06:20","slug":"ai-nin-c%c9%99nubi-qafqaz-uzr%c9%99-xususi-numay%c9%99nd%c9%99si-az%c9%99rbaycana-t%c9%99s%c9%99kkur-edib","status":"publish","type":"post","link":"https:\/\/arantv.az\/?p=445707","title":{"rendered":"A\u0130-nin C\u0259nubi Qafqaz \u00fczr\u0259 x\u00fcsusi n\u00fcmay\u0259nd\u0259si Az\u0259rbaycana t\u0259\u015f\u0259kk\u00fcr edib"},"content":{"rendered":"<p>Avropa \u0130ttifaq\u0131n\u0131n (A\u0130) C\u0259nubi Qafqaz \u00fczr\u0259 x\u00fcsusi n\u00fcmay\u0259nd\u0259si Toivo Klaar Ukrayana g\u00f6st\u0259ril\u0259n humanitar yard\u0131ma g\u00f6r\u0259 Az\u0259rbaycana t\u0259\u015f\u0259kk\u00fcr edib.<\/p>\n<p><strong>ARANTV.AZ\u00a0 x\u0259b\u0259r verir ki,<\/strong>\u00a0\u00a0bu bar\u0259d\u0259 T.Klaar \u00f6z\u00fcn\u00fcn &#8220;Twitter&#8221; s\u0259hif\u0259sind\u0259 yaz\u0131b.<\/p>\n<p>Qeyd ed\u0259k ki, Az\u0259rbayan Respublikas\u0131n\u0131n Prezidenti \u0130lham \u018fliyevin tap\u015f\u0131r\u0131\u011f\u0131 il\u0259 \u0130cbari Tibbi S\u0131\u011forta \u00fczr\u0259 D\u00f6vl\u0259t Agentliyi v\u0259 Tibbi \u018frazi B\u00f6lm\u0259l\u0259rini \u0130dar\u0259etm\u0259 Birliyi (T\u018fB\u0130B) t\u0259r\u0259find\u0259n Ukraynaya humanitar yard\u0131m m\u0259qs\u0259dil\u0259 t\u0259cili v\u0259 t\u0259xir\u0259sal\u0131nmaz hallarda tibbi yard\u0131m\u0131n g\u00f6st\u0259rilm\u0259si \u00fc\u00e7\u00fcn d\u0259rman preparatlar\u0131 v\u0259 tibbi avadanl\u0131qlar g\u00f6nd\u0259rilib.<\/p>\n<p>Tibbi vasit\u0259l\u0259rin y\u00fckl\u0259ndiyi t\u0259yyar\u0259 27 fevral tarixind\u0259 yola d\u00fc\u015f\u00fcb.<\/p>\n","protected":false},"excerpt":{"rendered":"<p>Avropa \u0130ttifaq\u0131n\u0131n (A\u0130) C\u0259nubi Qafqaz \u00fczr\u0259 x\u00fcsusi n\u00fcmay\u0259nd\u0259si Toivo Klaar Ukrayana g\u00f6st\u0259ril\u0259n humanitar yard\u0131ma g\u00f6r\u0259 Az\u0259rbaycana t\u0259\u015f\u0259kk\u00fcr edib. ARANTV.AZ\u00a0 x\u0259b\u0259r verir ki,\u00a0\u00a0bu bar\u0259d\u0259 T.Klaar \u00f6z\u00fcn\u00fcn &#8220;Twitter&#8221; s\u0259hif\u0259sind\u0259 yaz\u0131b. Qeyd ed\u0259k ki, Az\u0259rbayan Respublikas\u0131n\u0131n Prezidenti \u0130lham \u018fliyevin tap\u015f\u0131r\u0131\u011f\u0131 il\u0259 \u0130cbari Tibbi S\u0131\u011forta \u00fczr\u0259 D\u00f6vl\u0259t Agentliyi v\u0259 Tibbi \u018frazi B\u00f6lm\u0259l\u0259rini \u0130dar\u0259etm\u0259 Birliyi (T\u018fB\u0130B) t\u0259r\u0259find\u0259n Ukraynaya humanitar yard\u0131m m\u0259qs\u0259dil\u0259 t\u0259cili v\u0259 t\u0259xir\u0259sal\u0131nmaz hallarda tibbi yard\u0131m\u0131n g\u00f6st\u0259rilm\u0259si \u00fc\u00e7\u00fcn d\u0259rman preparatlar\u0131 v\u0259 tibbi avadanl\u0131qlar g\u00f6nd\u0259rilib. Tibbi vasit\u0259l\u0259rin y\u00fckl\u0259ndiyi t\u0259yyar\u0259 27 fevral tarixind\u0259 yola d\u00fc\u015f\u00fcb.<\/p>\n","protected":false},"author":2,"featured_media":445708,"comment_status":"closed","ping_status":"closed","sticky":false,"template":"","format":"standard","meta":{"om_disable_all_campaigns":false,"_monsterinsights_skip_tracking":false,"_monsterinsights_sitenote_active":false,"_monsterinsights_sitenote_note":"","_monsterinsights_sitenote_category":0},"categories":[4],"tags":[],"aioseo_notices":[],"gutentor_comment":0,"rttpg_featured_image_url":{"full":["https:\/\/arantv.az\/wp-content\/uploads\/2022\/02\/8f822ac8164605334632427270510167002.jpg",975,540,false],"landscape":["https:\/\/arantv.az\/wp-content\/uploads\/2022\/02\/8f822ac8164605334632427270510167002.jpg",975,540,false],"portraits":["https:\/\/arantv.az\/wp-content\/uploads\/2022\/02\/8f822ac8164605334632427270510167002.jpg",975,540,false],"thumbnail":["https:\/\/arantv.az\/wp-content\/uploads\/2022\/02\/8f822ac8164605334632427270510167002-500x280.jpg",500,280,true],"medium":["https:\/\/arantv.az\/wp-content\/uploads\/2022\/02\/8f822ac8164605334632427270510167002-660x365.jpg",660,365,true],"large":["https:\/\/arantv.az\/wp-content\/uploads\/2022\/02\/8f822ac8164605334632427270510167002-840x465.jpg",640,354,true],"1536x1536":["https:\/\/arantv.az\/wp-content\/uploads\/2022\/02\/8f822ac8164605334632427270510167002.jpg",975,540,false],"2048x2048":["https:\/\/arantv.az\/wp-content\/uploads\/2022\/02\/8f822ac8164605334632427270510167002.jpg",975,540,false],"post-thumbnail":["https:\/\/arantv.az\/wp-content\/uploads\/2022\/02\/8f822ac8164605334632427270510167002-240x172.jpg",240,172,true],"advps-thumb-one":["https:\/\/arantv.az\/wp-content\/uploads\/2022\/02\/8f822ac8164605334632427270510167002.jpg",975,540,false]},"rttpg_author":{"display_name":"V\u00fcsal Rafiqo\u011flu","author_link":"https:\/\/arantv.az\/?author=2"},"rttpg_comment":0,"rttpg_category":"<a href=\"https:\/\/arantv.az\/?cat=4\" rel=\"category\">Siyas\u0259t<\/a>","rttpg_excerpt":"Avropa \u0130ttifaq\u0131n\u0131n (A\u0130) C\u0259nubi Qafqaz \u00fczr\u0259 x\u00fcsusi n\u00fcmay\u0259nd\u0259si Toivo Klaar Ukrayana g\u00f6st\u0259ril\u0259n humanitar yard\u0131ma g\u00f6r\u0259 Az\u0259rbaycana t\u0259\u015f\u0259kk\u00fcr edib. ARANTV.AZ\u00a0 x\u0259b\u0259r verir ki,\u00a0\u00a0bu bar\u0259d\u0259 T.Klaar \u00f6z\u00fcn\u00fcn &#8220;Twitter&#8221; s\u0259hif\u0259sind\u0259 yaz\u0131b. Qeyd ed\u0259k ki, Az\u0259rbayan Respublikas\u0131n\u0131n Prezidenti \u0130lham \u018fliyevin tap\u015f\u0131r\u0131\u011f\u0131 il\u0259 \u0130cbari Tibbi S\u0131\u011forta \u00fczr\u0259 D\u00f6vl\u0259t Agentliyi v\u0259 Tibbi \u018frazi B\u00f6lm\u0259l\u0259rini \u0130dar\u0259etm\u0259 Birliyi (T\u018fB\u0130B) t\u0259r\u0259find\u0259n Ukraynaya humanitar yard\u0131m&hellip;","_links":{"self":[{"href":"https:\/\/arantv.az\/index.php?rest_route=\/wp\/v2\/posts\/445707"}],"collection":[{"href":"https:\/\/arantv.az\/index.php?rest_route=\/wp\/v2\/posts"}],"about":[{"href":"https:\/\/arantv.az\/index.php?rest_route=\/wp\/v2\/types\/post"}],"author":[{"embeddable":true,"href":"https:\/\/arantv.az\/index.php?rest_route=\/wp\/v2\/users\/2"}],"replies":[{"embeddable":true,"href":"https:\/\/arantv.az\/index.php?rest_route=%2Fwp%2Fv2%2Fcomments&post=445707"}],"version-history":[{"count":0,"href":"https:\/\/arantv.az\/index.php?rest_route=\/wp\/v2\/posts\/445707\/revisions"}],"wp:featuredmedia":[{"embeddable":true,"href":"https:\/\/arantv.az\/index.php?rest_route=\/wp\/v2\/media\/445708"}],"wp:attachment":[{"href":"https:\/\/arantv.az\/index.php?rest_route=%2Fwp%2Fv2%2Fmedia&parent=445707"}],"wp:term":[{"taxonomy":"category","embeddable":true,"href":"https:\/\/arantv.az\/index.php?rest_route=%2Fwp%2Fv2%2Fcategories&post=445707"},{"taxonomy":"post_tag","embeddable":true,"href":"https:\/\/arantv.az\/index.php?rest_route=%2Fwp%2Fv2%2Ftags&post=445707"}],"curies":[{"name":"wp","href":"https:\/\/api.w.org\/{rel}","templated":true}]}}