{"id":445721,"date":"2022-02-28T17:13:16","date_gmt":"2022-02-28T14:13:16","guid":{"rendered":"http:\/\/arantv.az\/?p=445721"},"modified":"2022-02-28T17:13:16","modified_gmt":"2022-02-28T14:13:16","slug":"klicko-kiyevd%c9%99-gec%c9%99-doyusl%c9%99rind%c9%99n-danisdi-video","status":"publish","type":"post","link":"https:\/\/arantv.az\/?p=445721","title":{"rendered":"Kli\u00e7ko Kiyevd\u0259 gec\u0259 d\u00f6y\u00fc\u015fl\u0259rind\u0259n dan\u0131\u015fd\u0131 &#8211; V\u0130DEO"},"content":{"rendered":"<p>Kiyevd\u0259 v\u0259ziyy\u0259t\u0259 Ukrayna Silahl\u0131 Q\u00fcvv\u0259l\u0259ri v\u0259 \u0259razi m\u00fcdafi\u0259 q\u00fcvv\u0259l\u0259ri n\u0259zar\u0259t edir.<\/p>\n<div class=\"AdviadNativeVideo\"><\/div>\n<p>Bu s\u00f6zl\u0259ri Kiyev meri Vitali Kli\u00e7ko deyib.<\/p>\n<p>O, qeyd edib ki, gec\u0259 \u0259rzind\u0259 toqqu\u015fmalar v\u0259 Rusiya qo\u015funlar\u0131n\u0131n diversiya qruplar\u0131 il\u0259 at\u0131\u015fmalar ba\u015f verib.<\/p>\n<p>\u201cGec\u0259 yenid\u0259n toqqu\u015fma v\u0259 at\u0131\u015fmalar oldu. Bizim d\u00f6y\u00fc\u015f\u00e7\u00fcl\u0259r, o c\u00fcml\u0259d\u0259n \u0259razi m\u00fcdafi\u0259 q\u00fcvv\u0259l\u0259rimiz bir ne\u00e7\u0259 diversiya qrupunu z\u0259r\u0259rsizl\u0259\u015fdirdi v\u0259 \u0259sir g\u00f6t\u00fcrd\u00fc\u201d, &#8211; dey\u0259 V.Kli\u00e7ko bildirib.<\/p>\n<div><iframe loading=\"lazy\" src=\"https:\/\/player.baku.tv\/embed\/51022\" width=\"560\" height=\"315\" frameborder=\"0\" allowfullscreen=\"allowfullscreen\" data-mce-fragment=\"1\"><\/iframe><\/div>\n<p>M\u0259nb\u0259: Segodnya.ua<\/p>\n","protected":false},"excerpt":{"rendered":"<p>Kiyevd\u0259 v\u0259ziyy\u0259t\u0259 Ukrayna Silahl\u0131 Q\u00fcvv\u0259l\u0259ri v\u0259 \u0259razi m\u00fcdafi\u0259 q\u00fcvv\u0259l\u0259ri n\u0259zar\u0259t edir. Bu s\u00f6zl\u0259ri Kiyev meri Vitali Kli\u00e7ko deyib. O, qeyd edib ki, gec\u0259 \u0259rzind\u0259 toqqu\u015fmalar v\u0259 Rusiya qo\u015funlar\u0131n\u0131n diversiya qruplar\u0131 il\u0259 at\u0131\u015fmalar ba\u015f verib. \u201cGec\u0259 yenid\u0259n toqqu\u015fma v\u0259 at\u0131\u015fmalar oldu. Bizim d\u00f6y\u00fc\u015f\u00e7\u00fcl\u0259r, o c\u00fcml\u0259d\u0259n \u0259razi m\u00fcdafi\u0259 q\u00fcvv\u0259l\u0259rimiz bir ne\u00e7\u0259 diversiya qrupunu z\u0259r\u0259rsizl\u0259\u015fdirdi v\u0259 \u0259sir g\u00f6t\u00fcrd\u00fc\u201d, &#8211; dey\u0259 V.Kli\u00e7ko bildirib. M\u0259nb\u0259: Segodnya.ua<\/p>\n","protected":false},"author":2,"featured_media":445722,"comment_status":"closed","ping_status":"closed","sticky":false,"template":"","format":"standard","meta":{"om_disable_all_campaigns":false,"_monsterinsights_skip_tracking":false,"_monsterinsights_sitenote_active":false,"_monsterinsights_sitenote_note":"","_monsterinsights_sitenote_category":0},"categories":[7],"tags":[],"aioseo_notices":[],"gutentor_comment":0,"rttpg_featured_image_url":{"full":["https:\/\/arantv.az\/wp-content\/uploads\/2022\/02\/FotoJet-46-1.jpg",620,414,false],"landscape":["https:\/\/arantv.az\/wp-content\/uploads\/2022\/02\/FotoJet-46-1.jpg",620,414,false],"portraits":["https:\/\/arantv.az\/wp-content\/uploads\/2022\/02\/FotoJet-46-1.jpg",620,414,false],"thumbnail":["https:\/\/arantv.az\/wp-content\/uploads\/2022\/02\/FotoJet-46-1-500x280.jpg",500,280,true],"medium":["https:\/\/arantv.az\/wp-content\/uploads\/2022\/02\/FotoJet-46-1-547x365.jpg",547,365,true],"large":["https:\/\/arantv.az\/wp-content\/uploads\/2022\/02\/FotoJet-46-1.jpg",620,414,false],"1536x1536":["https:\/\/arantv.az\/wp-content\/uploads\/2022\/02\/FotoJet-46-1.jpg",620,414,false],"2048x2048":["https:\/\/arantv.az\/wp-content\/uploads\/2022\/02\/FotoJet-46-1.jpg",620,414,false],"post-thumbnail":["https:\/\/arantv.az\/wp-content\/uploads\/2022\/02\/FotoJet-46-1-240x172.jpg",240,172,true],"advps-thumb-one":["https:\/\/arantv.az\/wp-content\/uploads\/2022\/02\/FotoJet-46-1.jpg",620,414,false]},"rttpg_author":{"display_name":"V\u00fcsal Rafiqo\u011flu","author_link":"https:\/\/arantv.az\/?author=2"},"rttpg_comment":0,"rttpg_category":"<a href=\"https:\/\/arantv.az\/?cat=7\" rel=\"category\">D\u00fcnya<\/a>","rttpg_excerpt":"Kiyevd\u0259 v\u0259ziyy\u0259t\u0259 Ukrayna Silahl\u0131 Q\u00fcvv\u0259l\u0259ri v\u0259 \u0259razi m\u00fcdafi\u0259 q\u00fcvv\u0259l\u0259ri n\u0259zar\u0259t edir. Bu s\u00f6zl\u0259ri Kiyev meri Vitali Kli\u00e7ko deyib. O, qeyd edib ki, gec\u0259 \u0259rzind\u0259 toqqu\u015fmalar v\u0259 Rusiya qo\u015funlar\u0131n\u0131n diversiya qruplar\u0131 il\u0259 at\u0131\u015fmalar ba\u015f verib. \u201cGec\u0259 yenid\u0259n toqqu\u015fma v\u0259 at\u0131\u015fmalar oldu. Bizim d\u00f6y\u00fc\u015f\u00e7\u00fcl\u0259r, o c\u00fcml\u0259d\u0259n \u0259razi m\u00fcdafi\u0259 q\u00fcvv\u0259l\u0259rimiz bir ne\u00e7\u0259 diversiya qrupunu z\u0259r\u0259rsizl\u0259\u015fdirdi v\u0259 \u0259sir g\u00f6t\u00fcrd\u00fc\u201d,&hellip;","_links":{"self":[{"href":"https:\/\/arantv.az\/index.php?rest_route=\/wp\/v2\/posts\/445721"}],"collection":[{"href":"https:\/\/arantv.az\/index.php?rest_route=\/wp\/v2\/posts"}],"about":[{"href":"https:\/\/arantv.az\/index.php?rest_route=\/wp\/v2\/types\/post"}],"author":[{"embeddable":true,"href":"https:\/\/arantv.az\/index.php?rest_route=\/wp\/v2\/users\/2"}],"replies":[{"embeddable":true,"href":"https:\/\/arantv.az\/index.php?rest_route=%2Fwp%2Fv2%2Fcomments&post=445721"}],"version-history":[{"count":0,"href":"https:\/\/arantv.az\/index.php?rest_route=\/wp\/v2\/posts\/445721\/revisions"}],"wp:featuredmedia":[{"embeddable":true,"href":"https:\/\/arantv.az\/index.php?rest_route=\/wp\/v2\/media\/445722"}],"wp:attachment":[{"href":"https:\/\/arantv.az\/index.php?rest_route=%2Fwp%2Fv2%2Fmedia&parent=445721"}],"wp:term":[{"taxonomy":"category","embeddable":true,"href":"https:\/\/arantv.az\/index.php?rest_route=%2Fwp%2Fv2%2Fcategories&post=445721"},{"taxonomy":"post_tag","embeddable":true,"href":"https:\/\/arantv.az\/index.php?rest_route=%2Fwp%2Fv2%2Ftags&post=445721"}],"curies":[{"name":"wp","href":"https:\/\/api.w.org\/{rel}","templated":true}]}}