{"id":445724,"date":"2022-02-28T17:17:01","date_gmt":"2022-02-28T14:17:01","guid":{"rendered":"http:\/\/arantv.az\/?p=445724"},"modified":"2022-02-28T17:17:01","modified_gmt":"2022-02-28T14:17:01","slug":"vuqar-r%c9%99himzad%c9%99-az%c9%99rbaycan-covid-19-peyv%c9%99ndl%c9%99rini-ian%c9%99-ed%c9%99n-olk%c9%99l%c9%99rin-s%c9%99yl%c9%99rini-alqislayir","status":"publish","type":"post","link":"https:\/\/arantv.az\/?p=445724","title":{"rendered":"V\u00fcqar R\u0259himzad\u0259: Az\u0259rbaycan COVID-19 peyv\u0259ndl\u0259rini ian\u0259 ed\u0259n \u00f6lk\u0259l\u0259rin s\u0259yl\u0259rini alq\u0131\u015flay\u0131r"},"content":{"rendered":"<p>\u201c\u0130ki ild\u0259n art\u0131qd\u0131r ki, d\u00fcnya koronavirus infeksiyas\u0131na qar\u015f\u0131 m\u00fcbariz\u0259 t\u0259dbirl\u0259rini g\u00fccl\u0259ndirm\u0259kl\u0259 bu b\u0259lan\u0131n sona \u00e7atmas\u0131n\u0131 s\u0259birsizlikl\u0259 g\u00f6zl\u0259yir. B\u0259lk\u0259 d\u0259 ilk vaxtlar bu m\u00fcbariz\u0259 t\u0259dbirl\u0259ri d\u00fcnyan\u0131n \u0259ks\u0259r d\u00f6vl\u0259tl\u0259ri \u00fc\u00e7\u00fcn m\u00f6c\u00fcz\u0259 kimi g\u00f6r\u00fcn\u00fcrd\u00fc. \u00c7\u00fcnki\u00a0 h\u0259min d\u00f6vr\u0259 diqq\u0259t yetirs\u0259k, h\u0259tta inki\u015faf etmi\u015f d\u00f6vl\u0259tl\u0259rin bel\u0259\u00a0 qapanmaya \u00fcst\u00fcnl\u00fck verdikl\u0259rini, m\u00fcbariz\u0259 t\u0259dbirl\u0259ri bar\u0259d\u0259 d\u00fc\u015f\u00fcnm\u0259k ist\u0259m\u0259dikl\u0259rini g\u00f6r\u0259rik. Qlobal m\u00fcbariz\u0259 il\u0259 ba\u011fl\u0131 ilk \u00e7a\u011f\u0131r\u0131\u015f ed\u0259nl\u0259r aras\u0131nda Az\u0259rbaycan d\u00f6vl\u0259ti d\u0259 oldu. D\u00f6vl\u0259t ba\u015f\u00e7\u0131s\u0131 \u0130lham \u018fliyev bu m\u0259s\u0259l\u0259 il\u0259 ba\u011fl\u0131 b\u00fct\u00fcn \u00e7\u0131x\u0131\u015flar\u0131nda bu \u00e7a\u011f\u0131r\u0131\u015f\u0131 etdi ki,\u00a0 COVID-19 pandemiyas\u0131 kimi qlobal f\u00f6vq\u0259lad\u0259 v\u0259ziyy\u0259t qlobal yana\u015fma t\u0259l\u0259b edir. Az\u0259rbaycan\u0131n, Prezident \u0130lham \u018fliyevin\u00a0 t\u0259\u015f\u0259bb\u00fcs\u00fc il\u0259 ke\u00e7iril\u0259n T\u00fcrk \u015euras\u0131n\u0131n, Qo\u015fulmama H\u0259r\u0259kat\u0131n\u0131n Zirv\u0259 g\u00f6r\u00fc\u015fl\u0259ri, BMT\u00a0 Ba\u015f Assambleyas\u0131n\u0131n X\u00fcsusi Sessiyas\u0131 qlobal m\u00fcbariz\u0259 sah\u0259sind\u0259 s\u0259yl\u0259rin birl\u0259\u015fdirilm\u0259sin\u0259, bu b\u0259ladan az itki il\u0259 \u00e7\u0131xma\u011f\u0131n yollar\u0131n\u0131n ara\u015fd\u0131r\u0131lmas\u0131na xidm\u0259t etdi. \u00d6lk\u0259mizin bu t\u0259\u015f\u0259bb\u00fcsl\u0259rin\u0259 veril\u0259n d\u0259st\u0259k t\u0259bii ki, beyn\u0259lxalq m\u00fcnasib\u0259tl\u0259r sistemind\u0259 artan n\u00fcfuzuna v\u0259\u00a0 \u00e7\u0259kisin\u0259\u00a0 s\u00f6yk\u0259nir. Bug\u00fcnl\u0259rd\u0259 d\u00f6vl\u0259t ba\u015f\u00e7\u0131s\u0131 \u0130lham \u018fliyevin Rusiya Federasiyas\u0131na r\u0259smi s\u0259f\u0259ri \u00e7\u0259r\u00e7iv\u0259sind\u0259 TASS agentliyind\u0259 bu \u00f6lk\u0259nin apar\u0131c\u0131 k\u00fctl\u0259vi informasiya vasit\u0259l\u0259rinin r\u0259hb\u0259rl\u0259ri il\u0259 g\u00f6r\u00fc\u015f\u00fcnd\u0259, eyni zamanda, \u00a0\u00a0\u00a0BMT Ba\u015f Assambleyas\u0131n\u0131n \u201cUniversal peyv\u0259ndl\u0259nm\u0259 \u00fc\u00e7\u00fcn s\u0259yl\u0259rin art\u0131r\u0131lmas\u0131\u201d m\u00f6vzusunda ke\u00e7irilmi\u015f y\u00fcks\u0259k s\u0259viyy\u0259li tematik m\u00fczakir\u0259l\u0259rind\u0259 videoformatda t\u0259qdim olunan \u00e7\u0131x\u0131\u015f\u0131nda\u00a0 pandemiya il\u0259 \u0259laq\u0259dar h\u0259m \u00f6lk\u0259 daxilind\u0259, h\u0259m d\u0259 beyn\u0259lxalq al\u0259md\u0259 h\u0259yata ke\u00e7iril\u0259n t\u0259dbirl\u0259r geni\u015f \u015f\u0259kild\u0259\u00a0 t\u0259qdim olundu.\u201d<\/p>\n<p><em><strong>Bu fikirl\u0259ri Yeni Az\u0259rbaycan Partiyas\u0131 (YAP) X\u0259tai rayon t\u0259\u015fkilat\u0131n\u0131n s\u0259dri, siyasi elml\u0259r doktoru V\u00fcqar R\u0259himzad\u0259 K\u0130V-\u0259 a\u00e7\u0131qlamas\u0131nda bildirib.<\/strong><\/em><\/p>\n<p>V.R\u0259himzad\u0259 qeyd edib ki, pandemiyaya qar\u015f\u0131 m\u00fcbariz\u0259 t\u0259dbirl\u0259rin\u0259 ba\u015fland\u0131\u011f\u0131 g\u00fcnd\u0259n Qo\u015fulmama H\u0259r\u0259kat\u0131n\u0131n t\u0259\u015f\u0259bb\u00fcsl\u0259ri diqq\u0259td\u0259n k\u0259narda qalm\u0131r: \u201cQurum \u0259m\u0259kda\u015fl\u0131q v\u0259 h\u0259mr\u0259ylik ruhunda geni\u015f beyn\u0259lxalq ictimaiyy\u0259tin s\u0259yl\u0259rini f\u0259al \u015f\u0259kild\u0259 s\u0259f\u0259rb\u0259r ed\u0259r\u0259k, pandemiya il\u0259 m\u00fcbariz\u0259 v\u0259 onun m\u0259nfi n\u0259tic\u0259l\u0259rinin aradan qald\u0131r\u0131lmas\u0131 bax\u0131m\u0131ndan bir s\u0131ra u\u011furlu t\u0259\u015f\u0259bb\u00fcsl\u0259r ir\u0259li s\u00fcrm\u00fc\u015fd\u00fcr. 2020-ci ilin dekabr\u0131nda d\u00f6vl\u0259t ba\u015f\u00e7\u0131s\u0131 \u0130lham \u018fliyevin t\u0259\u015f\u0259bb\u00fcs\u00fc \u0259sas\u0131nda \u00a0BMT Ba\u015f Assambleyas\u0131n\u0131n COVID-19 pandemiyas\u0131 il\u0259 m\u00fcbariz\u0259y\u0259 h\u0259sr edilmi\u015f X\u00fcsusi Sessiyas\u0131n\u0131n ke\u00e7irilm\u0259si, habel\u0259 \u00f6t\u0259n ilin mart v\u0259 dekabr aylar\u0131nda \u0130nsan H\u00fcquqlar\u0131 \u015euras\u0131 v\u0259 Ba\u015f Assambleya t\u0259r\u0259find\u0259n q\u0259bul edilmi\u015f \u201cCOVID-19 pandemiyas\u0131 il\u0259 m\u00fcbariz\u0259d\u0259 b\u00fct\u00fcn \u00f6lk\u0259l\u0259r \u00fc\u00e7\u00fcn peyv\u0259ndl\u0259r\u0259 b\u0259rab\u0259r, m\u0259qbul qiym\u0259t\u0259, vaxt\u0131nda v\u0259 universal \u0259l\u00e7atanl\u0131\u011f\u0131n t\u0259min edilm\u0259si\u201dn\u0259 dair q\u0259tnam\u0259l\u0259r Qo\u015fulmama H\u0259r\u0259kat\u0131na \u00fczv d\u00f6vl\u0259tl\u0259r ad\u0131ndan ir\u0259li s\u00fcr\u00fclm\u00fc\u015fd\u00fcr.\u201d<\/p>\n<p>YAP X\u0259tai rayon t\u0259\u015fkilat\u0131n\u0131n s\u0259dri vur\u011flay\u0131b ki, bu m\u00fcbariz\u0259d\u0259 h\u0259r bir d\u00f6vl\u0259tin s\u0259hiyy\u0259 sistemi d\u0259 \u0259sas rol oynay\u0131r: \u201cYaranm\u0131\u015f v\u0259ziyy\u0259t \u0259n inki\u015faf etmi\u015f \u00f6lk\u0259l\u0259rin s\u0259hiyy\u0259sinin pandemiyaya qar\u015f\u0131 m\u00fcbariz\u0259y\u0259 tam haz\u0131r olmad\u0131\u011f\u0131n\u0131 n\u00fcmayi\u015f etdirdi. Az\u0259rbaycan\u0131n bu sah\u0259d\u0259 d\u0259 t\u0259cr\u00fcb\u0259si t\u0259qdir edilir. Bel\u0259 ki, ilk g\u00fcnd\u0259n insanlar\u0131n sa\u011flaml\u0131\u011f\u0131n\u0131n prioritetliyi \u00a0\u00f6n\u0259 \u00e7\u0259kil\u0259r\u0259k\u00a0\u00a0 s\u0259hiyy\u0259nin t\u0259kmill\u0259\u015fdirilm\u0259si, maddi-texniki bazas\u0131n\u0131n m\u00f6hk\u0259ml\u0259ndirilm\u0259si, pe\u015f\u0259kar h\u0259kim hey\u0259tinin formala\u015fd\u0131r\u0131lmas\u0131 istiqam\u0259tind\u0259 m\u00fch\u00fcm add\u0131mlar \u00a0at\u0131ld\u0131. Xaricd\u0259n pe\u015f\u0259kar h\u0259kim hey\u0259tinin m\u00fcbariz\u0259y\u0259 c\u0259lb edilm\u0259si d\u0259 \u00f6lk\u0259mizd\u0259 insanlar\u0131n sa\u011flaml\u0131\u011f\u0131na, \u00fcmumilikd\u0259 \u00a0insan amlin\u0259 \u00a0veril\u0259n y\u00fcks\u0259k d\u0259y\u0259ri n\u00fcmayi\u015f etdirir. Haz\u0131rk\u0131 d\u00f6vr\u00fcn \u0259sas t\u0259l\u0259bi vaksinasiya prosesinin y\u00fcks\u0259k s\u0259viyy\u0259d\u0259 h\u0259yata ke\u00e7irilm\u0259sidir. D\u00f6vl\u0259t ba\u015f\u00e7\u0131s\u0131 \u0130lham \u018fliyevin qeyd olunan videoformatda t\u0259qdim olunan \u00e7\u0131x\u0131\u015f\u0131nda s\u0259sl\u0259ndirdiyi\u00a0 r\u0259q\u0259ml\u0259r\u0259 diqq\u0259t yetir\u0259k. Az\u0259rbaycan peyv\u0259ndl\u0259nm\u0259 kampaniyas\u0131na 2021-ci ilin yanvar\u0131nda ba\u015flay\u0131b.\u00a0 Bu g\u00fcn\u0259d\u0259k \u00f6lk\u0259d\u0259 yetkin \u0259halinin 68 faizin\u0259 peyv\u0259ndin h\u0259r iki dozas\u0131 vurulub.\u00a0 H\u0259mr\u0259ylik \u0259lam\u0259ti olaraq, koronavirusla m\u00fcbariz\u0259ni d\u0259st\u0259kl\u0259m\u0259k m\u0259qs\u0259dil\u0259 Az\u0259rbaycan birba\u015fa v\u0259 ya \u00dcmumd\u00fcnya S\u0259hiyy\u0259 T\u0259\u015fkilat\u0131 vasit\u0259sil\u0259 80-\u0259 q\u0259d\u0259r \u00f6lk\u0259y\u0259 maliyy\u0259 v\u0259 humanitar yard\u0131m\u0131 etmi\u015fdir. Bununla yana\u015f\u0131, 5 \u00f6lk\u0259y\u0259 peyv\u0259nd ian\u0259si edilib v\u0259 bu i\u015f davam etdiril\u0259c\u0259k. Haz\u0131rda Qo\u015fulmama H\u0259r\u0259kat\u0131na \u00fczv olan 14 \u00f6lk\u0259y\u0259 t\u0259qrib\u0259n bir milyon doza peyv\u0259ndin ian\u0259 edilm\u0259si prosesi davam edir.\u201d<\/p>\n<p>V\u00fcqar R\u0259himzad\u0259 bildirib ki, Az\u0259rbaycan COVID-19 peyv\u0259ndl\u0259rini ian\u0259 ed\u0259n \u00f6lk\u0259l\u0259rin s\u0259yl\u0259rini alq\u0131\u015flay\u0131r \u00a0v\u0259 inki\u015faf etmi\u015f d\u00f6vl\u0259tl\u0259rin ehtiyac\u0131 olan az v\u0259 orta g\u0259lirli \u00f6lk\u0259l\u0259rl\u0259 peyv\u0259nd dozalar\u0131n\u0131 b\u00f6l\u00fc\u015fm\u0259yi f\u0259al \u015f\u0259kild\u0259 t\u0259\u015fviq edir. \u00a0Prezident \u0130lham \u018fliyevin \u00e7\u0131x\u0131\u015f\u0131nda da qeyd etdiyi kimi, bu kontekstd\u0259 Az\u0259rbaycan b\u00fct\u00fcn \u00f6lk\u0259l\u0259r \u00fc\u00e7\u00fcn COVID-19 peyv\u0259ndl\u0259rinin m\u0259qbul qiym\u0259t\u0259, b\u0259rab\u0259r, universal v\u0259 vaxt\u0131nda \u0259l\u00e7atanl\u0131\u011f\u0131n t\u0259min olunmas\u0131na xidm\u0259t ed\u0259n COVAX Mexanizmi, COVAX \u00d6nc\u0259d\u0259n Bazar \u00d6hd\u0259liyi, COVAX \u00d6nc\u0259d\u0259n Bazar \u00d6hd\u0259liyi Forumu v\u0259 dig\u0259r aidiyy\u0259ti konstruktiv t\u0259\u015f\u0259bb\u00fcsl\u0259ri y\u00fcks\u0259k qiym\u0259tl\u0259ndirir v\u0259 d\u0259st\u0259kl\u0259yir.<\/p>\n<p>YAP X\u0259tai rayon t\u0259\u015fkilat\u0131n\u0131n s\u0259dri qeyd edib ki, Az\u0259rbaycan\u0131n s\u0259drlik etdiyi Qo\u015fulmama H\u0259r\u0259kat\u0131n\u0131n pandemiyan\u0131n tezlikl\u0259 aradan qald\u0131r\u0131lmas\u0131 il\u0259 ba\u011fl\u0131 t\u0259\u015f\u0259bb\u00fcsl\u0259ri davaml\u0131l\u0131\u011f\u0131 il\u0259 diqq\u0259t \u00e7\u0259kir: \u201cBeyn\u0259lxalq h\u0259mr\u0259yliyin g\u00fccl\u0259ndirilm\u0259si \u00fc\u00e7\u00fcn f\u0259al \u015f\u0259kild\u0259 s\u0259yl\u0259rin birl\u0259\u015fdirilm\u0259si \u0259sas amil kimi qeyd edilir. Bu fikir d\u0259 x\u00fcsusi qeyd olunur ki,\u00a0 Qo\u015fulmama H\u0259r\u0259kat\u0131na \u00fczv d\u00f6vl\u0259tl\u0259rin, h\u0259m\u00e7inin b\u00fct\u00fcn d\u00fcnyan\u0131n \u00a0koronavirus infeksiyas\u0131na qar\u015f\u0131 m\u00fcbariz\u0259 t\u0259dbirl\u0259rinin g\u00fccl\u0259ndirildiyi zamanlarda n\u00fcmayi\u015f etdirdikl\u0259ri birlik, h\u0259mr\u0259ylik, s\u0259yl\u0259rin birl\u0259\u015fdirilm\u0259si \u00a0postpandemiya d\u00f6vr\u00fcnd\u0259 d\u0259 \u0259sas \u00e7a\u011f\u0131r\u0131\u015flardan olacaq.\u201d<\/p>\n<p>V\u00fcqar R\u0259himzad\u0259 \u00a0q\u0131sa t\u0259hlil \u0259sas\u0131nda bu q\u0259na\u0259tini a\u00e7\u0131qlay\u0131b ki, Az\u0259rbaycan pandemiya, \u201cpeyv\u0259nd mill\u0259t\u00e7iliyi\u201d v\u0259 peyv\u0259ndl\u0259rd\u0259n istifad\u0259 il\u0259 ba\u011fl\u0131 inki\u015faf etmi\u015f v\u0259 inki\u015faf etm\u0259kd\u0259 olan \u00f6lk\u0259l\u0259r aras\u0131nda qeyri-b\u0259rab\u0259rliy\u0259 qar\u015f\u0131 beyn\u0259lxalq h\u0259mr\u0259yliyin g\u00fccl\u0259ndirilm\u0259si istiqam\u0259tind\u0259 vacib qlobal t\u0259\u015f\u0259bb\u00fcsl\u0259rl\u0259 \u00e7\u0131x\u0131\u015f edib. BMT Ba\u015f Assambleyas\u0131n\u0131n X\u00fcsusi Sessiyas\u0131, peyv\u0259ndl\u0259rd\u0259n b\u0259rab\u0259r v\u0259 universal istifad\u0259nin t\u0259min edilm\u0259sin\u0259 dair q\u0259tnam\u0259l\u0259r bunun bariz n\u00fcmun\u0259sidir.<\/p>\n<p>YAP X\u0259tai\u00a0 rayon t\u0259\u015fkilat\u0131n\u0131n s\u0259dri bu m\u0259qama da x\u00fcsusi diqq\u0259t \u00e7\u0259kib ki, \u00a0koronavirus infeksiyas\u0131na qar\u015f\u0131 m\u00fcbariz\u0259 t\u0259dbirl\u0259rin\u0259 ba\u015flananda \u201cCOVID-19 pandemiyas\u0131 kimi qlobal t\u0259hdid\u0259 qlobal bir cavab laz\u0131md\u0131r\u201d \u00e7a\u011f\u0131r\u0131\u015f edil\u0259nd\u0259\u00a0 BMT-nin \u00a0b\u00fct\u00fcn d\u00fcnya d\u00f6vl\u0259tl\u0259rinin t\u0259msil olundu\u011fu \u0259n b\u00f6y\u00fck beyn\u0259lxalq platforma kimi bu cavab\u0131n tap\u0131lmas\u0131nda \u00a0m\u0259rk\u0259zi rol oynayaca\u011f\u0131na b\u00f6y\u00fck \u0259minlik var idi: \u201cAmma\u00a0 pandemiyan\u0131n ilk g\u00fcnl\u0259ri g\u00f6st\u0259rdi ki, BMT\u00a0 bu t\u0259hdid\u0259 qar\u015f\u0131 m\u00fcbariz\u0259ni laz\u0131mi s\u0259viyy\u0259d\u0259\u00a0 t\u0259\u015fkil ed\u0259 bilmir. \u00a0M\u0259hz Prezident \u0130lham \u018fliyevin vaxt\u0131nda ir\u0259li s\u00fcr\u00fclm\u00fc\u015f t\u0259\u015f\u0259bb\u00fcs\u00fc h\u0259m Qo\u015fulmama H\u0259r\u0259kat\u0131n\u0131n \u00fczvl\u0259rini, h\u0259m d\u0259 b\u00fct\u00fcn BMT-ni sanki s\u0259f\u0259rb\u0259r etdi v\u0259 aktiv \u015f\u0259kild\u0259 pandemiyaya qar\u015f\u0131 m\u00fczakir\u0259l\u0259r\u0259 ba\u015flan\u0131ld\u0131. \u0130namla dem\u0259k olar ki, pandemiya il\u0259 m\u00fcbariz\u0259d\u0259 qlobal liderlik rolunu m\u0259hz Prezident \u0130lham \u018fliyev \u00f6z \u00fcz\u0259rin\u0259 g\u00f6t\u00fcrd\u00fc v\u0259 bu vacib missiyada BMT-nin f\u0259aliyy\u0259tin\u0259 t\u0259kan verdi. BMT Ba\u015f Assambleyas\u0131n\u0131n X\u00fcsusi Sessiyas\u0131n\u0131n ke\u00e7irilm\u0259si\u00a0 pandemiyaya qar\u015f\u0131 m\u00fcbariz\u0259d\u0259 m\u00fcst\u0259sna \u0259h\u0259miyy\u0259t k\u0259sb ed\u0259r\u0259k bu istiqam\u0259td\u0259 yeni bir m\u0259rh\u0259l\u0259nin ba\u015flanmas\u0131na stimul verdi. Bu prosesd\u0259 BMT-d\u0259n sonra ikinci \u0259n b\u00f6y\u00fck t\u0259sisat olan Qo\u015fulmama H\u0259r\u0259kat\u0131n\u0131n da \u00a0rolu inkaredilm\u0259zdir. Haz\u0131rda Az\u0259rbaycan bu \u00f6n\u0259mli beyn\u0259lxalq t\u0259sisata u\u011furla s\u0259drlik edir. Ke\u00e7iril\u0259n beyn\u0259lxalq \u0259h\u0259miyy\u0259tli \u00a0\u00a0t\u0259dbirl\u0259rd\u0259, m\u00fczakir\u0259l\u0259rd\u0259 d\u00f6vl\u0259t ba\u015f\u00e7\u0131s\u0131 \u0130lham \u018fliyevin Qo\u015fulmama H\u0259r\u0259kat\u0131n\u0131n s\u0259dri kimi \u00e7\u0131x\u0131\u015f\u0131 \u00f6lk\u0259miz\u0259, \u00f6lk\u0259 Prezidentin\u0259 etimad\u0131n v\u0259 inam\u0131n \u00a0g\u00f6st\u0259ricisi, Az\u0259rbaycan\u0131n s\u00f6z\u00fcn\u00fcn, q\u0259bul etdiyi q\u0259rarlar\u0131n, ir\u0259li \u00a0s\u00fcrd\u00fcy\u00fc t\u0259\u015f\u0259bb\u00fcsl\u0259rin n\u0259 q\u0259d\u0259r \u0259h\u0259miyy\u0259tli oldu\u011funu a\u00e7\u0131qlay\u0131r. Bu u\u011furu \u00f6lk\u0259miz\u0259 qazand\u0131ran \u00a0\u00a0d\u00fczg\u00fcn m\u00fc\u0259yy\u0259nl\u0259\u015fdiril\u0259n siyas\u0259t, qar\u015f\u0131l\u0131ql\u0131 h\u00f6rm\u0259t v\u0259 \u0259dal\u0259t prinsipl\u0259rinin qorunmas\u0131, humanizm\u0259 veril\u0259n d\u0259y\u0259rdir.\u201d<\/p>\n","protected":false},"excerpt":{"rendered":"<p>\u201c\u0130ki ild\u0259n art\u0131qd\u0131r ki, d\u00fcnya koronavirus infeksiyas\u0131na qar\u015f\u0131 m\u00fcbariz\u0259 t\u0259dbirl\u0259rini g\u00fccl\u0259ndirm\u0259kl\u0259 bu b\u0259lan\u0131n sona \u00e7atmas\u0131n\u0131 s\u0259birsizlikl\u0259 g\u00f6zl\u0259yir. B\u0259lk\u0259 d\u0259 ilk vaxtlar bu m\u00fcbariz\u0259 t\u0259dbirl\u0259ri d\u00fcnyan\u0131n \u0259ks\u0259r d\u00f6vl\u0259tl\u0259ri \u00fc\u00e7\u00fcn m\u00f6c\u00fcz\u0259 kimi g\u00f6r\u00fcn\u00fcrd\u00fc. \u00c7\u00fcnki\u00a0 h\u0259min d\u00f6vr\u0259 diqq\u0259t yetirs\u0259k, h\u0259tta inki\u015faf etmi\u015f d\u00f6vl\u0259tl\u0259rin bel\u0259\u00a0 qapanmaya \u00fcst\u00fcnl\u00fck verdikl\u0259rini, m\u00fcbariz\u0259 t\u0259dbirl\u0259ri bar\u0259d\u0259 d\u00fc\u015f\u00fcnm\u0259k ist\u0259m\u0259dikl\u0259rini g\u00f6r\u0259rik. Qlobal m\u00fcbariz\u0259 il\u0259 ba\u011fl\u0131 ilk \u00e7a\u011f\u0131r\u0131\u015f ed\u0259nl\u0259r aras\u0131nda Az\u0259rbaycan d\u00f6vl\u0259ti d\u0259 oldu. D\u00f6vl\u0259t ba\u015f\u00e7\u0131s\u0131 \u0130lham \u018fliyev bu m\u0259s\u0259l\u0259 il\u0259 ba\u011fl\u0131 b\u00fct\u00fcn \u00e7\u0131x\u0131\u015flar\u0131nda bu \u00e7a\u011f\u0131r\u0131\u015f\u0131 etdi ki,\u00a0 COVID-19 pandemiyas\u0131 kimi qlobal f\u00f6vq\u0259lad\u0259 v\u0259ziyy\u0259t qlobal yana\u015fma t\u0259l\u0259b edir. Az\u0259rbaycan\u0131n, Prezident \u0130lham \u018fliyevin\u00a0&hellip;<\/p>\n","protected":false},"author":2,"featured_media":445725,"comment_status":"closed","ping_status":"closed","sticky":false,"template":"","format":"standard","meta":{"om_disable_all_campaigns":false,"_monsterinsights_skip_tracking":false,"_monsterinsights_sitenote_active":false,"_monsterinsights_sitenote_note":"","_monsterinsights_sitenote_category":0},"categories":[4],"tags":[],"aioseo_notices":[],"gutentor_comment":0,"rttpg_featured_image_url":{"full":["https:\/\/arantv.az\/wp-content\/uploads\/2022\/02\/c11cb55c160328169232303156810672518-1.jpg",975,540,false],"landscape":["https:\/\/arantv.az\/wp-content\/uploads\/2022\/02\/c11cb55c160328169232303156810672518-1.jpg",975,540,false],"portraits":["https:\/\/arantv.az\/wp-content\/uploads\/2022\/02\/c11cb55c160328169232303156810672518-1.jpg",975,540,false],"thumbnail":["https:\/\/arantv.az\/wp-content\/uploads\/2022\/02\/c11cb55c160328169232303156810672518-1-500x280.jpg",500,280,true],"medium":["https:\/\/arantv.az\/wp-content\/uploads\/2022\/02\/c11cb55c160328169232303156810672518-1-660x365.jpg",660,365,true],"large":["https:\/\/arantv.az\/wp-content\/uploads\/2022\/02\/c11cb55c160328169232303156810672518-1-840x465.jpg",640,354,true],"1536x1536":["https:\/\/arantv.az\/wp-content\/uploads\/2022\/02\/c11cb55c160328169232303156810672518-1.jpg",975,540,false],"2048x2048":["https:\/\/arantv.az\/wp-content\/uploads\/2022\/02\/c11cb55c160328169232303156810672518-1.jpg",975,540,false],"post-thumbnail":["https:\/\/arantv.az\/wp-content\/uploads\/2022\/02\/c11cb55c160328169232303156810672518-1-240x172.jpg",240,172,true],"advps-thumb-one":["https:\/\/arantv.az\/wp-content\/uploads\/2022\/02\/c11cb55c160328169232303156810672518-1.jpg",975,540,false]},"rttpg_author":{"display_name":"V\u00fcsal Rafiqo\u011flu","author_link":"https:\/\/arantv.az\/?author=2"},"rttpg_comment":0,"rttpg_category":"<a href=\"https:\/\/arantv.az\/?cat=4\" rel=\"category\">Siyas\u0259t<\/a>","rttpg_excerpt":"\u201c\u0130ki ild\u0259n art\u0131qd\u0131r ki, d\u00fcnya koronavirus infeksiyas\u0131na qar\u015f\u0131 m\u00fcbariz\u0259 t\u0259dbirl\u0259rini g\u00fccl\u0259ndirm\u0259kl\u0259 bu b\u0259lan\u0131n sona \u00e7atmas\u0131n\u0131 s\u0259birsizlikl\u0259 g\u00f6zl\u0259yir. B\u0259lk\u0259 d\u0259 ilk vaxtlar bu m\u00fcbariz\u0259 t\u0259dbirl\u0259ri d\u00fcnyan\u0131n \u0259ks\u0259r d\u00f6vl\u0259tl\u0259ri \u00fc\u00e7\u00fcn m\u00f6c\u00fcz\u0259 kimi g\u00f6r\u00fcn\u00fcrd\u00fc. \u00c7\u00fcnki\u00a0 h\u0259min d\u00f6vr\u0259 diqq\u0259t yetirs\u0259k, h\u0259tta inki\u015faf etmi\u015f d\u00f6vl\u0259tl\u0259rin bel\u0259\u00a0 qapanmaya \u00fcst\u00fcnl\u00fck verdikl\u0259rini, m\u00fcbariz\u0259 t\u0259dbirl\u0259ri bar\u0259d\u0259 d\u00fc\u015f\u00fcnm\u0259k ist\u0259m\u0259dikl\u0259rini g\u00f6r\u0259rik. Qlobal m\u00fcbariz\u0259 il\u0259 ba\u011fl\u0131 ilk&hellip;","_links":{"self":[{"href":"https:\/\/arantv.az\/index.php?rest_route=\/wp\/v2\/posts\/445724"}],"collection":[{"href":"https:\/\/arantv.az\/index.php?rest_route=\/wp\/v2\/posts"}],"about":[{"href":"https:\/\/arantv.az\/index.php?rest_route=\/wp\/v2\/types\/post"}],"author":[{"embeddable":true,"href":"https:\/\/arantv.az\/index.php?rest_route=\/wp\/v2\/users\/2"}],"replies":[{"embeddable":true,"href":"https:\/\/arantv.az\/index.php?rest_route=%2Fwp%2Fv2%2Fcomments&post=445724"}],"version-history":[{"count":0,"href":"https:\/\/arantv.az\/index.php?rest_route=\/wp\/v2\/posts\/445724\/revisions"}],"wp:featuredmedia":[{"embeddable":true,"href":"https:\/\/arantv.az\/index.php?rest_route=\/wp\/v2\/media\/445725"}],"wp:attachment":[{"href":"https:\/\/arantv.az\/index.php?rest_route=%2Fwp%2Fv2%2Fmedia&parent=445724"}],"wp:term":[{"taxonomy":"category","embeddable":true,"href":"https:\/\/arantv.az\/index.php?rest_route=%2Fwp%2Fv2%2Fcategories&post=445724"},{"taxonomy":"post_tag","embeddable":true,"href":"https:\/\/arantv.az\/index.php?rest_route=%2Fwp%2Fv2%2Ftags&post=445724"}],"curies":[{"name":"wp","href":"https:\/\/api.w.org\/{rel}","templated":true}]}}