{"id":445740,"date":"2022-02-28T18:15:55","date_gmt":"2022-02-28T15:15:55","guid":{"rendered":"http:\/\/arantv.az\/?p=445740"},"modified":"2022-02-28T18:15:55","modified_gmt":"2022-02-28T15:15:55","slug":"almaniyanin-bild-q%c9%99zetinin-yeni-sayi-rus-dilind%c9%99-muraci%c9%99tl%c9%99-d%c9%99rc-olunub-foto","status":"publish","type":"post","link":"https:\/\/arantv.az\/?p=445740","title":{"rendered":"Almaniyan\u0131n \u201cBild\u201d q\u0259zetinin yeni say\u0131 rus dilind\u0259 m\u00fcraci\u0259tl\u0259 d\u0259rc olunub &#8211; FOTO"},"content":{"rendered":"<p>Almaniyan\u0131n m\u0259\u015fhur n\u0259\u015frl\u0259rind\u0259n biri \u201cBild\u201d Rusiya v\u0259t\u0259nda\u015flar\u0131na rus dilind\u0259 m\u00fcraci\u0259tl\u0259 \u00e7\u0131x\u0131b.<\/p>\n<div class=\"AdviadNativeVideo\"><\/div>\n<p>M\u0259qal\u0259d\u0259 onlar\u00a0c\u0259sar\u0259tli olma\u011fa v\u0259 liderl\u0259ri Vladimir Putin\u0259 Ukraynaya qar\u015f\u0131 ba\u015flatd\u0131\u011f\u0131 m\u00fcharib\u0259 haqq\u0131nda \u00f6lk\u0259 xalq\u0131n\u0131n n\u0259 d\u00fc\u015f\u00fcnd\u00fcy\u00fcn\u00fc g\u00f6st\u0259rm\u0259y\u0259 \u00e7a\u011f\u0131r\u0131blar.<\/p>\n<p>\u201c\u018fziz ruslar\u201d ba\u015fl\u0131\u011f\u0131 alt\u0131nda q\u0131sa m\u0259qal\u0259d\u0259 h\u0259m\u00e7inin Rusiya Ordusunun Ukrayna \u015f\u0259h\u0259rl\u0259rin\u0259 h\u00fccumundan sonra bir \u00e7ox ruslar\u0131n \u00f6z prezidentl\u0259rin\u0259 qar\u015f\u0131 n\u00fcmayi\u015fl\u0259r\u0259 ba\u015flamas\u0131\u00a0alq\u0131\u015flan\u0131b, d\u00f6y\u00fclm\u0259 v\u0259 h\u0259bsl\u0259 h\u0259d\u0259l\u0259nm\u0259l\u0259rin\u0259 baxmayaraq etiraz aksiyalar\u0131 ke\u00e7irm\u0259l\u0259rind\u0259 b\u00fct\u00fcn Q\u0259rb d\u00f6vl\u0259tl\u0259rinin\u00a0t\u0259sirl\u0259ndikl\u0259rini bildiribl\u0259r.<\/p>\n<p>&nbsp;<\/p>\n<div class=\"gallery\">\n<div class=\"gallery-i\"><img src=\"https:\/\/cdn.oxu.az\/uploads\/W1siZiIsIjIwMjIvMDIvMjgvMTEvMTMvMTcvYjAzY2JlOGQtZjRjZS00YzA4LTg4ZmQtNjUzM2JiMDkwZWJiL3Bob3RvMjAyMi0wMi0yODA0LTU4LTE4LmpwZyJdLFsicCIsImVuY29kZSIsImpwZyIsIi1xdWFsaXR5IDgwIl0sWyJwIiwidGh1bWIiLCI1OTB4NTkwXHUwMDNlIl1d?sha=acb195086ed9b3e3\" alt=\"\" \/><\/p>\n<div class=\"gallery-i-caption\"><\/div>\n<\/div>\n<div class=\"gallery-i\"><img src=\"https:\/\/cdn.oxu.az\/uploads\/W1siZiIsIjIwMjIvMDIvMjgvMTIvMTQvMzIvNzI1YjcxZTctOGNlNS00MTRmLWE2ZjMtNjYzY2JlNzg2NmUxL3Bob3RvXzIwMjItMDItMjhfMTItMTEtMzIuanBnIl0sWyJwIiwiZW5jb2RlIiwianBnIiwiLXF1YWxpdHkgODAiXSxbInAiLCJ0aHVtYiIsIjU5MHg1OTBcdTAwM2UiXV0?sha=9934d645ad392f9b\" alt=\"\" \/><\/p>\n<div class=\"gallery-i-caption\"><\/div>\n<\/div>\n<div class=\"gallery-i\"><img src=\"https:\/\/cdn.oxu.az\/uploads\/W1siZiIsIjIwMjIvMDIvMjgvMTEvMTMvMTcvZWM0ZmMxNjAtZmYyNi00YzliLTgyZTktNDliMmZhYmVhZThiL3NjcmVlbnNob3Q1OC5qcGciXSxbInAiLCJlbmNvZGUiLCJqcGciLCItcXVhbGl0eSA4MCJdLFsicCIsInRodW1iIiwiNTkweDU5MFx1MDAzZSJdXQ?sha=4dcf3aaa0a806abd\" alt=\"\" \/><\/p>\n<div class=\"gallery-i-caption\"><\/div>\n<\/div>\n<\/div>\n<p>M\u0259nb\u0259: Obozrevatel<\/p>\n","protected":false},"excerpt":{"rendered":"<p>Almaniyan\u0131n m\u0259\u015fhur n\u0259\u015frl\u0259rind\u0259n biri \u201cBild\u201d Rusiya v\u0259t\u0259nda\u015flar\u0131na rus dilind\u0259 m\u00fcraci\u0259tl\u0259 \u00e7\u0131x\u0131b. M\u0259qal\u0259d\u0259 onlar\u00a0c\u0259sar\u0259tli olma\u011fa v\u0259 liderl\u0259ri Vladimir Putin\u0259 Ukraynaya qar\u015f\u0131 ba\u015flatd\u0131\u011f\u0131 m\u00fcharib\u0259 haqq\u0131nda \u00f6lk\u0259 xalq\u0131n\u0131n n\u0259 d\u00fc\u015f\u00fcnd\u00fcy\u00fcn\u00fc g\u00f6st\u0259rm\u0259y\u0259 \u00e7a\u011f\u0131r\u0131blar. \u201c\u018fziz ruslar\u201d ba\u015fl\u0131\u011f\u0131 alt\u0131nda q\u0131sa m\u0259qal\u0259d\u0259 h\u0259m\u00e7inin Rusiya Ordusunun Ukrayna \u015f\u0259h\u0259rl\u0259rin\u0259 h\u00fccumundan sonra bir \u00e7ox ruslar\u0131n \u00f6z prezidentl\u0259rin\u0259 qar\u015f\u0131 n\u00fcmayi\u015fl\u0259r\u0259 ba\u015flamas\u0131\u00a0alq\u0131\u015flan\u0131b, d\u00f6y\u00fclm\u0259 v\u0259 h\u0259bsl\u0259 h\u0259d\u0259l\u0259nm\u0259l\u0259rin\u0259 baxmayaraq etiraz aksiyalar\u0131 ke\u00e7irm\u0259l\u0259rind\u0259 b\u00fct\u00fcn Q\u0259rb d\u00f6vl\u0259tl\u0259rinin\u00a0t\u0259sirl\u0259ndikl\u0259rini bildiribl\u0259r. &nbsp; M\u0259nb\u0259: Obozrevatel<\/p>\n","protected":false},"author":2,"featured_media":445741,"comment_status":"closed","ping_status":"closed","sticky":false,"template":"","format":"standard","meta":{"om_disable_all_campaigns":false,"_monsterinsights_skip_tracking":false,"_monsterinsights_sitenote_active":false,"_monsterinsights_sitenote_note":"","_monsterinsights_sitenote_category":0},"categories":[7],"tags":[],"aioseo_notices":[],"gutentor_comment":0,"rttpg_featured_image_url":{"full":["https:\/\/arantv.az\/wp-content\/uploads\/2022\/02\/1111.jpg",620,413,false],"landscape":["https:\/\/arantv.az\/wp-content\/uploads\/2022\/02\/1111.jpg",620,413,false],"portraits":["https:\/\/arantv.az\/wp-content\/uploads\/2022\/02\/1111.jpg",620,413,false],"thumbnail":["https:\/\/arantv.az\/wp-content\/uploads\/2022\/02\/1111-500x280.jpg",500,280,true],"medium":["https:\/\/arantv.az\/wp-content\/uploads\/2022\/02\/1111-548x365.jpg",548,365,true],"large":["https:\/\/arantv.az\/wp-content\/uploads\/2022\/02\/1111.jpg",620,413,false],"1536x1536":["https:\/\/arantv.az\/wp-content\/uploads\/2022\/02\/1111.jpg",620,413,false],"2048x2048":["https:\/\/arantv.az\/wp-content\/uploads\/2022\/02\/1111.jpg",620,413,false],"post-thumbnail":["https:\/\/arantv.az\/wp-content\/uploads\/2022\/02\/1111-240x172.jpg",240,172,true],"advps-thumb-one":["https:\/\/arantv.az\/wp-content\/uploads\/2022\/02\/1111.jpg",620,413,false]},"rttpg_author":{"display_name":"V\u00fcsal Rafiqo\u011flu","author_link":"https:\/\/arantv.az\/?author=2"},"rttpg_comment":0,"rttpg_category":"<a href=\"https:\/\/arantv.az\/?cat=7\" rel=\"category\">D\u00fcnya<\/a>","rttpg_excerpt":"Almaniyan\u0131n m\u0259\u015fhur n\u0259\u015frl\u0259rind\u0259n biri \u201cBild\u201d Rusiya v\u0259t\u0259nda\u015flar\u0131na rus dilind\u0259 m\u00fcraci\u0259tl\u0259 \u00e7\u0131x\u0131b. M\u0259qal\u0259d\u0259 onlar\u00a0c\u0259sar\u0259tli olma\u011fa v\u0259 liderl\u0259ri Vladimir Putin\u0259 Ukraynaya qar\u015f\u0131 ba\u015flatd\u0131\u011f\u0131 m\u00fcharib\u0259 haqq\u0131nda \u00f6lk\u0259 xalq\u0131n\u0131n n\u0259 d\u00fc\u015f\u00fcnd\u00fcy\u00fcn\u00fc g\u00f6st\u0259rm\u0259y\u0259 \u00e7a\u011f\u0131r\u0131blar. \u201c\u018fziz ruslar\u201d ba\u015fl\u0131\u011f\u0131 alt\u0131nda q\u0131sa m\u0259qal\u0259d\u0259 h\u0259m\u00e7inin Rusiya Ordusunun Ukrayna \u015f\u0259h\u0259rl\u0259rin\u0259 h\u00fccumundan sonra bir \u00e7ox ruslar\u0131n \u00f6z prezidentl\u0259rin\u0259 qar\u015f\u0131 n\u00fcmayi\u015fl\u0259r\u0259 ba\u015flamas\u0131\u00a0alq\u0131\u015flan\u0131b, d\u00f6y\u00fclm\u0259 v\u0259 h\u0259bsl\u0259 h\u0259d\u0259l\u0259nm\u0259l\u0259rin\u0259 baxmayaraq&hellip;","_links":{"self":[{"href":"https:\/\/arantv.az\/index.php?rest_route=\/wp\/v2\/posts\/445740"}],"collection":[{"href":"https:\/\/arantv.az\/index.php?rest_route=\/wp\/v2\/posts"}],"about":[{"href":"https:\/\/arantv.az\/index.php?rest_route=\/wp\/v2\/types\/post"}],"author":[{"embeddable":true,"href":"https:\/\/arantv.az\/index.php?rest_route=\/wp\/v2\/users\/2"}],"replies":[{"embeddable":true,"href":"https:\/\/arantv.az\/index.php?rest_route=%2Fwp%2Fv2%2Fcomments&post=445740"}],"version-history":[{"count":0,"href":"https:\/\/arantv.az\/index.php?rest_route=\/wp\/v2\/posts\/445740\/revisions"}],"wp:featuredmedia":[{"embeddable":true,"href":"https:\/\/arantv.az\/index.php?rest_route=\/wp\/v2\/media\/445741"}],"wp:attachment":[{"href":"https:\/\/arantv.az\/index.php?rest_route=%2Fwp%2Fv2%2Fmedia&parent=445740"}],"wp:term":[{"taxonomy":"category","embeddable":true,"href":"https:\/\/arantv.az\/index.php?rest_route=%2Fwp%2Fv2%2Fcategories&post=445740"},{"taxonomy":"post_tag","embeddable":true,"href":"https:\/\/arantv.az\/index.php?rest_route=%2Fwp%2Fv2%2Ftags&post=445740"}],"curies":[{"name":"wp","href":"https:\/\/api.w.org\/{rel}","templated":true}]}}