{"id":445744,"date":"2022-02-28T18:16:53","date_gmt":"2022-02-28T15:16:53","guid":{"rendered":"http:\/\/arantv.az\/?p=445744"},"modified":"2022-02-28T18:16:53","modified_gmt":"2022-02-28T15:16:53","slug":"ukraynadan-t%c9%99xliy%c9%99-edil%c9%99n-168-az%c9%99rbaycan-v%c9%99t%c9%99ndasi-bakiya-g%c9%99tirildi","status":"publish","type":"post","link":"https:\/\/arantv.az\/?p=445744","title":{"rendered":"Ukraynadan t\u0259xliy\u0259 edil\u0259n 168 Az\u0259rbaycan v\u0259t\u0259nda\u015f\u0131 Bak\u0131ya g\u0259tirildi"},"content":{"rendered":"<p>Ukraynadak\u0131 v\u0259ziyy\u0259tl\u0259 \u0259laq\u0259dar t\u0259xliy\u0259 olunmu\u015f 168 Az\u0259rbaycan v\u0259t\u0259nda\u015f\u0131 bu g\u00fcn gec\u0259 saatlar\u0131nda ilk t\u0259yyar\u0259 il\u0259 Bak\u0131ya g\u0259tirilib.<\/p>\n<p>Ukraynan\u0131n Az\u0259rbaycanda f\u0259xri konsulu Mehr\u0259li Qas\u0131mov X\u0259z\u0259r TV-y\u0259 m\u00fcsahib\u0259sind\u0259 bildirib ki, v\u0259t\u0259nda\u015flar x\u00fcsusi ayr\u0131lm\u0131\u015f yer\u00fcst\u00fc n\u0259qliyyat vasit\u0259l\u0259ri il\u0259 Ukraynan\u0131n Moldova il\u0259 olan s\u0259rh\u0259d-ke\u00e7id m\u0259nt\u0259q\u0259l\u0259rind\u0259n Ki\u015finyov \u015f\u0259h\u0259rin\u0259 \u00e7atd\u0131r\u0131l\u0131b.<\/p>\n<div class=\"AdviadNativeVideo\"><\/div>\n<p>Moldovan\u0131n paytaxt\u0131ndan v\u0259t\u0259nda\u015flar Rum\u0131niyan\u0131n Yass\u0131 \u015f\u0259h\u0259rin\u0259 y\u00f6nl\u0259ndirilib v\u0259 daha sonra t\u0259yyar\u0259 vasit\u0259sil\u0259 \u0130stanbula, sonra is\u0259 Bak\u0131ya g\u00f6nd\u0259rilib. F\u0259xri konsul Mehr\u0259li Qas\u0131movun s\u00f6zl\u0259rin\u0259 g\u00f6r\u0259, t\u0259yyar\u0259l\u0259r NEQSOL Holding t\u0259r\u0259find\u0259n humanitar d\u0259st\u0259k \u00e7\u0259r\u00e7iv\u0259sind\u0259 t\u0259\u015fkil olunub.<\/p>\n<p>Mehr\u0259li Qas\u0131mov v\u0259t\u0259nda\u015flar\u0131n t\u0259xliy\u0259sinin davam etdiyini vur\u011fulay\u0131b.<\/p>\n<p>\u201cXarici \u0130\u015fl\u0259r Nazirliyi g\u00fccl\u0259ndirilmi\u015f i\u015f rejimind\u0259dir, bizim s\u0259firlikl\u0259rimiz v\u0259 konsulluqlar\u0131m\u0131z da b\u00fct\u00fcn g\u00fccl\u0259rini s\u0259f\u0259rb\u0259r edibl\u0259r\u201d, &#8211; dey\u0259 f\u0259xri konsul bildirib.<\/p>\n<p>Haz\u0131rda Ki\u015finyovda 600-y\u0259 yax\u0131n Az\u0259rbaycan v\u0259t\u0259nda\u015f\u0131 toplan\u0131l\u0131b. F\u0259xri konsulun verdiyi m\u0259lumata \u0259sas\u0259n v\u0259t\u0259nda\u015flar Az\u0259rbaycan\u0131n Moldovada olan s\u0259firliyinin \u0259razisind\u0259, h\u0259m\u00e7inin s\u0259firlik t\u0259r\u0259find\u0259n t\u0259\u015fkil olunmu\u015f dig\u0259r m\u0259kanlarda yerl\u0259\u015fdirilib.<\/p>\n","protected":false},"excerpt":{"rendered":"<p>Ukraynadak\u0131 v\u0259ziyy\u0259tl\u0259 \u0259laq\u0259dar t\u0259xliy\u0259 olunmu\u015f 168 Az\u0259rbaycan v\u0259t\u0259nda\u015f\u0131 bu g\u00fcn gec\u0259 saatlar\u0131nda ilk t\u0259yyar\u0259 il\u0259 Bak\u0131ya g\u0259tirilib. Ukraynan\u0131n Az\u0259rbaycanda f\u0259xri konsulu Mehr\u0259li Qas\u0131mov X\u0259z\u0259r TV-y\u0259 m\u00fcsahib\u0259sind\u0259 bildirib ki, v\u0259t\u0259nda\u015flar x\u00fcsusi ayr\u0131lm\u0131\u015f yer\u00fcst\u00fc n\u0259qliyyat vasit\u0259l\u0259ri il\u0259 Ukraynan\u0131n Moldova il\u0259 olan s\u0259rh\u0259d-ke\u00e7id m\u0259nt\u0259q\u0259l\u0259rind\u0259n Ki\u015finyov \u015f\u0259h\u0259rin\u0259 \u00e7atd\u0131r\u0131l\u0131b. Moldovan\u0131n paytaxt\u0131ndan v\u0259t\u0259nda\u015flar Rum\u0131niyan\u0131n Yass\u0131 \u015f\u0259h\u0259rin\u0259 y\u00f6nl\u0259ndirilib v\u0259 daha sonra t\u0259yyar\u0259 vasit\u0259sil\u0259 \u0130stanbula, sonra is\u0259 Bak\u0131ya g\u00f6nd\u0259rilib. F\u0259xri konsul Mehr\u0259li Qas\u0131movun s\u00f6zl\u0259rin\u0259 g\u00f6r\u0259, t\u0259yyar\u0259l\u0259r NEQSOL Holding t\u0259r\u0259find\u0259n humanitar d\u0259st\u0259k \u00e7\u0259r\u00e7iv\u0259sind\u0259 t\u0259\u015fkil olunub. Mehr\u0259li Qas\u0131mov v\u0259t\u0259nda\u015flar\u0131n t\u0259xliy\u0259sinin davam etdiyini vur\u011fulay\u0131b. \u201cXarici \u0130\u015fl\u0259r Nazirliyi g\u00fccl\u0259ndirilmi\u015f i\u015f rejimind\u0259dir, bizim&hellip;<\/p>\n","protected":false},"author":2,"featured_media":445745,"comment_status":"closed","ping_status":"closed","sticky":false,"template":"","format":"standard","meta":{"om_disable_all_campaigns":false,"_monsterinsights_skip_tracking":false,"_monsterinsights_sitenote_active":false,"_monsterinsights_sitenote_note":"","_monsterinsights_sitenote_category":0},"categories":[1],"tags":[],"aioseo_notices":[],"gutentor_comment":0,"rttpg_featured_image_url":{"full":["https:\/\/arantv.az\/wp-content\/uploads\/2022\/02\/274896559_370040984902177_338753724434853726_n.jpg",620,377,false],"landscape":["https:\/\/arantv.az\/wp-content\/uploads\/2022\/02\/274896559_370040984902177_338753724434853726_n.jpg",620,377,false],"portraits":["https:\/\/arantv.az\/wp-content\/uploads\/2022\/02\/274896559_370040984902177_338753724434853726_n.jpg",620,377,false],"thumbnail":["https:\/\/arantv.az\/wp-content\/uploads\/2022\/02\/274896559_370040984902177_338753724434853726_n-500x280.jpg",500,280,true],"medium":["https:\/\/arantv.az\/wp-content\/uploads\/2022\/02\/274896559_370040984902177_338753724434853726_n-600x365.jpg",600,365,true],"large":["https:\/\/arantv.az\/wp-content\/uploads\/2022\/02\/274896559_370040984902177_338753724434853726_n.jpg",620,377,false],"1536x1536":["https:\/\/arantv.az\/wp-content\/uploads\/2022\/02\/274896559_370040984902177_338753724434853726_n.jpg",620,377,false],"2048x2048":["https:\/\/arantv.az\/wp-content\/uploads\/2022\/02\/274896559_370040984902177_338753724434853726_n.jpg",620,377,false],"post-thumbnail":["https:\/\/arantv.az\/wp-content\/uploads\/2022\/02\/274896559_370040984902177_338753724434853726_n-240x172.jpg",240,172,true],"advps-thumb-one":["https:\/\/arantv.az\/wp-content\/uploads\/2022\/02\/274896559_370040984902177_338753724434853726_n.jpg",620,377,false]},"rttpg_author":{"display_name":"V\u00fcsal Rafiqo\u011flu","author_link":"https:\/\/arantv.az\/?author=2"},"rttpg_comment":0,"rttpg_category":"<a href=\"https:\/\/arantv.az\/?cat=1\" rel=\"category\">C\u0259miyy\u0259t<\/a>","rttpg_excerpt":"Ukraynadak\u0131 v\u0259ziyy\u0259tl\u0259 \u0259laq\u0259dar t\u0259xliy\u0259 olunmu\u015f 168 Az\u0259rbaycan v\u0259t\u0259nda\u015f\u0131 bu g\u00fcn gec\u0259 saatlar\u0131nda ilk t\u0259yyar\u0259 il\u0259 Bak\u0131ya g\u0259tirilib. Ukraynan\u0131n Az\u0259rbaycanda f\u0259xri konsulu Mehr\u0259li Qas\u0131mov X\u0259z\u0259r TV-y\u0259 m\u00fcsahib\u0259sind\u0259 bildirib ki, v\u0259t\u0259nda\u015flar x\u00fcsusi ayr\u0131lm\u0131\u015f yer\u00fcst\u00fc n\u0259qliyyat vasit\u0259l\u0259ri il\u0259 Ukraynan\u0131n Moldova il\u0259 olan s\u0259rh\u0259d-ke\u00e7id m\u0259nt\u0259q\u0259l\u0259rind\u0259n Ki\u015finyov \u015f\u0259h\u0259rin\u0259 \u00e7atd\u0131r\u0131l\u0131b. Moldovan\u0131n paytaxt\u0131ndan v\u0259t\u0259nda\u015flar Rum\u0131niyan\u0131n Yass\u0131 \u015f\u0259h\u0259rin\u0259 y\u00f6nl\u0259ndirilib v\u0259 daha sonra t\u0259yyar\u0259&hellip;","_links":{"self":[{"href":"https:\/\/arantv.az\/index.php?rest_route=\/wp\/v2\/posts\/445744"}],"collection":[{"href":"https:\/\/arantv.az\/index.php?rest_route=\/wp\/v2\/posts"}],"about":[{"href":"https:\/\/arantv.az\/index.php?rest_route=\/wp\/v2\/types\/post"}],"author":[{"embeddable":true,"href":"https:\/\/arantv.az\/index.php?rest_route=\/wp\/v2\/users\/2"}],"replies":[{"embeddable":true,"href":"https:\/\/arantv.az\/index.php?rest_route=%2Fwp%2Fv2%2Fcomments&post=445744"}],"version-history":[{"count":0,"href":"https:\/\/arantv.az\/index.php?rest_route=\/wp\/v2\/posts\/445744\/revisions"}],"wp:featuredmedia":[{"embeddable":true,"href":"https:\/\/arantv.az\/index.php?rest_route=\/wp\/v2\/media\/445745"}],"wp:attachment":[{"href":"https:\/\/arantv.az\/index.php?rest_route=%2Fwp%2Fv2%2Fmedia&parent=445744"}],"wp:term":[{"taxonomy":"category","embeddable":true,"href":"https:\/\/arantv.az\/index.php?rest_route=%2Fwp%2Fv2%2Fcategories&post=445744"},{"taxonomy":"post_tag","embeddable":true,"href":"https:\/\/arantv.az\/index.php?rest_route=%2Fwp%2Fv2%2Ftags&post=445744"}],"curies":[{"name":"wp","href":"https:\/\/api.w.org\/{rel}","templated":true}]}}