{"id":445750,"date":"2022-02-28T18:23:14","date_gmt":"2022-02-28T15:23:14","guid":{"rendered":"http:\/\/arantv.az\/?p=445750"},"modified":"2022-02-28T18:23:14","modified_gmt":"2022-02-28T15:23:14","slug":"az%c9%99rbaycan-etibarli-t%c9%99r%c9%99fdasdir-4","status":"publish","type":"post","link":"https:\/\/arantv.az\/?p=445750","title":{"rendered":"Az\u0259rbaycan etibarl\u0131 t\u0259r\u0259fda\u015fd\u0131r"},"content":{"rendered":"<p>Az\u0259rbaycan Respublikas\u0131n\u0131n Prezidenti \u0130lham \u018fliyev Rusiya Federasiyas\u0131na r\u0259smi s\u0259f\u0259ri \u00e7\u0259r\u00e7iv\u0259sind\u0259 fevral\u0131n 23-d\u0259 TASS agentliyind\u0259 bu \u00f6lk\u0259nin apar\u0131c\u0131 k\u00fctl\u0259vi informasiya vasit\u0259l\u0259rinin r\u0259hb\u0259rl\u0259ri il\u0259 g\u00f6r\u00fc\u015f\u00fcb. Prezident \u0130lham \u018fliyevin Rusiya s\u0259f\u0259ri v\u0259 bu s\u0259f\u0259rin g\u00fcnd\u0259liyi iki \u00f6lk\u0259 aras\u0131nda m\u00f6vcud olan m\u00fcnasib\u0259tl\u0259rin \u00fcmumi format\u0131ndan x\u0259b\u0259r verir. H\u0259m Rusiyan\u0131n, h\u0259m d\u0259 Az\u0259rbaycan\u0131n b\u00fct\u00fcn media platformalar\u0131nda geni\u015f \u015f\u0259kild\u0259 i\u015f\u0131qland\u0131r\u0131lan s\u0259f\u0259rin diplomatik m\u00fcnasib\u0259tl\u0259rin yaranmas\u0131n\u0131n 30 illiyi \u0259r\u0259f\u0259sind\u0259 realla\u015fmas\u0131 da m\u00fch\u00fcm \u0259h\u0259miyy\u0259t\u0259 malikdir.<\/p>\n<p>Az\u0259rbaycan Qafqazda Rusiya\u00a0 il\u0259 tarixi iqtisadi, siyasi v\u0259 sosial \u0259laq\u0259l\u0259r\u0259 malik olan \u0259n qabaqc\u0131l \u00f6lk\u0259dir. \u00d6lk\u0259l\u0259r aras\u0131nda daima yax\u015f\u0131 diplomatik m\u00fcnasib\u0259tl\u0259r m\u00f6vcud olmu\u015fdur. \u0130qtisadiyyat, ticar\u0259t\u00a0 v\u0259 turizm sah\u0259l\u0259rind\u0259 d\u0259 iki \u00f6lk\u0259 aras\u0131nda maksimm \u0259laq\u0259l\u0259r m\u00f6vcuddur. Tarixi qon\u015fuluq m\u00fcnasib\u0259tl\u0259rind\u0259n ir\u0259li g\u0259l\u0259n bu \u0259n\u0259n\u0259 bu g\u00fcnd\u0259 inki\u015faf etm\u0259kd\u0259dir. Az\u0259rbaycan t\u0259kc\u0259 iqtisadi arenada deyil eyni zamanda siyasi \u0259m\u0259kda\u015fl\u0131q arenasinda da Rusiya il\u0259 geni\u015f \u0259m\u0259kda\u015fl\u0131\u011fa malikdir. Az\u0259rbaycan qon\u015fulu\u011funda yerl\u0259\u015f\u0259n b\u00fct\u00fcn d\u00f6vl\u0259tl\u0259rl\u0259 birg\u0259 \u0259m\u0259kda\u015fl\u0131qda maraql\u0131d\u0131r. \u0130st\u0259r Rusiya, ist\u0259rs\u0259 d\u0259 T\u00fcrkiy\u0259 \u00f6lk\u0259miz \u00fc\u00e7\u00fcn \u00e7ox m\u00fch\u00fcm \u0259h\u0259miyy\u0259t da\u015f\u0131yan d\u00f6vl\u0259tl\u0259rdir. Bunun \u00fc\u00e7\u00fcn Az\u0259rbaycan h\u0259r iki \u00f6lk\u0259 il\u0259 m\u00fcnasib\u0259tl\u0259rini \u0259n y\u00fcks\u0259k s\u0259viyy\u0259d\u0259 saxlay\u0131r.<\/p>\n<p>H\u0259r iki Qaraba\u011f m\u00fcharib\u0259sind\u0259 Az\u0259rbaycana maddi v\u0259 m\u0259n\u0259vi d\u0259st\u0259k ver\u0259n T\u00fcrkiy\u0259 il\u0259 m\u00fcnasib\u0259tl\u0259rimiz m\u00fctt\u0259fiqlik format\u0131nda davam etm\u0259kd\u0259dir. M\u00fcharib\u0259d\u0259n Z\u0259f\u0259rl\u0259 \u00e7\u0131xan \u00f6lk\u0259miz i\u015f\u011faldan azad edilmi\u015f \u0259razil\u0259rimizd\u0259 geni\u015fmiqyasl\u0131 abadl\u0131q-qurucukuq i\u015fl\u0259rin\u0259 ba\u015flam\u0131\u015fd\u0131r. Quruculuq i\u015fl\u0259rinin apar\u0131lmas\u0131nda biziml\u0259 b\u0259rab\u0259r T\u00fcrkiy\u0259 \u015firk\u0259tl\u0259ri d\u0259 yax\u0131ndan i\u015ftirak edirl\u0259r. Az\u0259rbaycan b\u00f6lg\u0259d\u0259 s\u00fclh v\u0259 sabitliyin qorunmas\u0131nda f\u0259all\u0131q g\u00f6st\u0259rir. Lakin \u0259razinin minalardan t\u0259mizl\u0259nm\u0259si prosesi bu i\u015fl\u0259rin intensivliyin\u0259 mane olur. Erm\u0259nistan t\u0259r\u0259find\u0259n mina x\u0259rit\u0259l\u0259rinin t\u0259qdim olunmamas\u0131 \u00e7oxlu sayda v\u0259t\u0259nda\u015f\u0131m\u0131z\u0131n t\u0259l\u0259fat\u0131 il\u0259 n\u0259tic\u0259l\u0259nir. Bu g\u00f6r\u0259 birba\u015fa m\u0259suliyy\u0259t Erm\u0259nistan siyasi r\u0259hb\u0259rliyinin \u00fcz\u0259rin\u0259 d\u00fc\u015f\u00fcr.<\/p>\n<p>Az\u0259rbaycan COVID-19 pandemiyas\u0131 il\u0259 m\u00fcbariz\u0259d\u0259 \u0259n n\u00fcmun\u0259vi \u00f6lk\u0259l\u0259r s\u0131ras\u0131ndad\u0131r. Vaksinl\u0259\u015fm\u0259 prosesi k\u00f6n\u00fcll\u00fcl\u00fck prinsipi il\u0259 y\u00fcks\u0259k s\u0259viyy\u0259d\u0259 h\u0259yata ke\u00e7ir. Eyni zamanda Az\u0259rbaycan iqtisadi c\u0259h\u0259td\u0259n gerid\u0259 qalm\u0131\u015f bir \u00e7ox \u00f6lk\u0259l\u0259r\u0259 vaksin v\u0259 dig\u0259r gigeynik vasit\u0259l\u0259rl\u0259 humanitar yard\u0131mlar etmi\u015fdir. H\u0259r zaman y\u00fcks\u0259k m\u0259n\u0259vi d\u0259y\u0259rl\u0259rl\u0259 z\u0259ngin olan \u00f6lk\u0259miz d\u00fcnyan\u0131 b\u00fcr\u00fcy\u0259n bu b\u0259la zaman\u0131 da xeyirxah v\u0259 humanist add\u0131mlar\u0131 il\u0259 d\u00fcnyan\u0131 heyr\u0259t\u0259 salm\u0131\u015fd\u0131r.<\/p>\n<p>Qafqaz\u0131n lider d\u00f6vl\u0259ti say\u0131lan Az\u0259rbaycan bu statusunu d\u00fcnyada v\u0259 regionda qazand\u0131\u011f\u0131 etibarla qoruyub saxlam\u0131\u015fd\u0131r. M\u00fcasir d\u00f6vr\u00fcm\u00fczd\u0259 Az\u0259rbaycan h\u0259m Q\u0259rb, h\u0259m d\u0259 \u015e\u0259rq \u0259n etibarl\u0131 t\u0259r\u0259fda\u015fd\u0131r. Rusiya il\u0259 Az\u0259rbaycan aras\u0131nda Moskva b\u0259yannmas\u0259 il\u0259 iki \u00f6lk\u0259 aras\u0131nda b\u00fct\u00fcn sah\u0259l\u0259rd\u0259 m\u00fcnasib\u0259tl\u0259r daha da geni\u015fl\u0259n\u0259c\u0259kdir. M\u00fctt\u0259fiqlik \u00f6z milli maraqlar\u0131n\u0131 realla\u015fd\u0131racaq iki suveren d\u00f6vl\u0259ti birl\u0259\u015fdirib. C\u0259nubi Qafqazda yeni d\u00f6vr\u00fcn \u2013 m\u00fch\u00fcm regional oyun\u00e7ular\u0131n s\u0259yl\u0259rini g\u00fccl\u0259ndirdiyi bir d\u00f6vr\u00fcn ba\u015flan\u011f\u0131c\u0131 qoyulub. C\u0259nab Prezidentin TASS Agentliyind\u0259 Rusiyan\u0131n apar\u0131c\u0131 media qurum\u00adlar\u0131n\u0131n suallar\u0131na verdiyi diplomatik bax\u0131mdan m\u00fck\u0259mm\u0259l, informatisiya y\u00fck\u00fc il\u0259 dol\u011fun cavablar Az\u0259rbaycan h\u0259qiq\u0259tl\u0259rinin d\u00fcnyaya \u00e7atd\u0131r\u0131lmas\u0131 kimi \u00f6n\u0259mli m\u00fcbariz\u0259y\u0259 n\u00f6vb\u0259ti t\u00f6hf\u0259 oldu.<\/p>\n<p><img src=\"https:\/\/ikisahil.az\/upload\/\/2022\/02\/28\/\/-9ec51f6e164604814227664030810825943.jpg\" alt=\"\" \/><\/p>\n<p><strong>Emin S\u00fcleymanov,<br \/>\nPirallah\u0131 Rayon \u0130cra Hakimiyy\u0259ti ba\u015f\u00e7\u0131s\u0131 Aparat\u0131n\u0131n Rayon t\u0259s\u0259rr\u00fcfat\u0131 \u015f\u00f6b\u0259sinin m\u00fcdiri<\/strong><\/p>\n","protected":false},"excerpt":{"rendered":"<p>Az\u0259rbaycan Respublikas\u0131n\u0131n Prezidenti \u0130lham \u018fliyev Rusiya Federasiyas\u0131na r\u0259smi s\u0259f\u0259ri \u00e7\u0259r\u00e7iv\u0259sind\u0259 fevral\u0131n 23-d\u0259 TASS agentliyind\u0259 bu \u00f6lk\u0259nin apar\u0131c\u0131 k\u00fctl\u0259vi informasiya vasit\u0259l\u0259rinin r\u0259hb\u0259rl\u0259ri il\u0259 g\u00f6r\u00fc\u015f\u00fcb. Prezident \u0130lham \u018fliyevin Rusiya s\u0259f\u0259ri v\u0259 bu s\u0259f\u0259rin g\u00fcnd\u0259liyi iki \u00f6lk\u0259 aras\u0131nda m\u00f6vcud olan m\u00fcnasib\u0259tl\u0259rin \u00fcmumi format\u0131ndan x\u0259b\u0259r verir. H\u0259m Rusiyan\u0131n, h\u0259m d\u0259 Az\u0259rbaycan\u0131n b\u00fct\u00fcn media platformalar\u0131nda geni\u015f \u015f\u0259kild\u0259 i\u015f\u0131qland\u0131r\u0131lan s\u0259f\u0259rin diplomatik m\u00fcnasib\u0259tl\u0259rin yaranmas\u0131n\u0131n 30 illiyi \u0259r\u0259f\u0259sind\u0259 realla\u015fmas\u0131 da m\u00fch\u00fcm \u0259h\u0259miyy\u0259t\u0259 malikdir. Az\u0259rbaycan Qafqazda Rusiya\u00a0 il\u0259 tarixi iqtisadi, siyasi v\u0259 sosial \u0259laq\u0259l\u0259r\u0259 malik olan \u0259n qabaqc\u0131l \u00f6lk\u0259dir. \u00d6lk\u0259l\u0259r aras\u0131nda daima yax\u015f\u0131 diplomatik m\u00fcnasib\u0259tl\u0259r m\u00f6vcud olmu\u015fdur. \u0130qtisadiyyat, ticar\u0259t\u00a0&hellip;<\/p>\n","protected":false},"author":2,"featured_media":445751,"comment_status":"closed","ping_status":"closed","sticky":false,"template":"","format":"standard","meta":{"om_disable_all_campaigns":false,"_monsterinsights_skip_tracking":false,"_monsterinsights_sitenote_active":false,"_monsterinsights_sitenote_note":"","_monsterinsights_sitenote_category":0},"categories":[19],"tags":[],"aioseo_notices":[],"gutentor_comment":0,"rttpg_featured_image_url":{"full":["https:\/\/arantv.az\/wp-content\/uploads\/2022\/02\/58521e4e163828516245389013410576724-1.jpg",975,540,false],"landscape":["https:\/\/arantv.az\/wp-content\/uploads\/2022\/02\/58521e4e163828516245389013410576724-1.jpg",975,540,false],"portraits":["https:\/\/arantv.az\/wp-content\/uploads\/2022\/02\/58521e4e163828516245389013410576724-1.jpg",975,540,false],"thumbnail":["https:\/\/arantv.az\/wp-content\/uploads\/2022\/02\/58521e4e163828516245389013410576724-1-500x280.jpg",500,280,true],"medium":["https:\/\/arantv.az\/wp-content\/uploads\/2022\/02\/58521e4e163828516245389013410576724-1-660x365.jpg",660,365,true],"large":["https:\/\/arantv.az\/wp-content\/uploads\/2022\/02\/58521e4e163828516245389013410576724-1-840x465.jpg",640,354,true],"1536x1536":["https:\/\/arantv.az\/wp-content\/uploads\/2022\/02\/58521e4e163828516245389013410576724-1.jpg",975,540,false],"2048x2048":["https:\/\/arantv.az\/wp-content\/uploads\/2022\/02\/58521e4e163828516245389013410576724-1.jpg",975,540,false],"post-thumbnail":["https:\/\/arantv.az\/wp-content\/uploads\/2022\/02\/58521e4e163828516245389013410576724-1-240x172.jpg",240,172,true],"advps-thumb-one":["https:\/\/arantv.az\/wp-content\/uploads\/2022\/02\/58521e4e163828516245389013410576724-1.jpg",975,540,false]},"rttpg_author":{"display_name":"V\u00fcsal Rafiqo\u011flu","author_link":"https:\/\/arantv.az\/?author=2"},"rttpg_comment":0,"rttpg_category":"<a href=\"https:\/\/arantv.az\/?cat=19\" rel=\"category\">G\u00fcnd\u0259m<\/a>","rttpg_excerpt":"Az\u0259rbaycan Respublikas\u0131n\u0131n Prezidenti \u0130lham \u018fliyev Rusiya Federasiyas\u0131na r\u0259smi s\u0259f\u0259ri \u00e7\u0259r\u00e7iv\u0259sind\u0259 fevral\u0131n 23-d\u0259 TASS agentliyind\u0259 bu \u00f6lk\u0259nin apar\u0131c\u0131 k\u00fctl\u0259vi informasiya vasit\u0259l\u0259rinin r\u0259hb\u0259rl\u0259ri il\u0259 g\u00f6r\u00fc\u015f\u00fcb. Prezident \u0130lham \u018fliyevin Rusiya s\u0259f\u0259ri v\u0259 bu s\u0259f\u0259rin g\u00fcnd\u0259liyi iki \u00f6lk\u0259 aras\u0131nda m\u00f6vcud olan m\u00fcnasib\u0259tl\u0259rin \u00fcmumi format\u0131ndan x\u0259b\u0259r verir. H\u0259m Rusiyan\u0131n, h\u0259m d\u0259 Az\u0259rbaycan\u0131n b\u00fct\u00fcn media platformalar\u0131nda geni\u015f \u015f\u0259kild\u0259 i\u015f\u0131qland\u0131r\u0131lan s\u0259f\u0259rin diplomatik&hellip;","_links":{"self":[{"href":"https:\/\/arantv.az\/index.php?rest_route=\/wp\/v2\/posts\/445750"}],"collection":[{"href":"https:\/\/arantv.az\/index.php?rest_route=\/wp\/v2\/posts"}],"about":[{"href":"https:\/\/arantv.az\/index.php?rest_route=\/wp\/v2\/types\/post"}],"author":[{"embeddable":true,"href":"https:\/\/arantv.az\/index.php?rest_route=\/wp\/v2\/users\/2"}],"replies":[{"embeddable":true,"href":"https:\/\/arantv.az\/index.php?rest_route=%2Fwp%2Fv2%2Fcomments&post=445750"}],"version-history":[{"count":0,"href":"https:\/\/arantv.az\/index.php?rest_route=\/wp\/v2\/posts\/445750\/revisions"}],"wp:featuredmedia":[{"embeddable":true,"href":"https:\/\/arantv.az\/index.php?rest_route=\/wp\/v2\/media\/445751"}],"wp:attachment":[{"href":"https:\/\/arantv.az\/index.php?rest_route=%2Fwp%2Fv2%2Fmedia&parent=445750"}],"wp:term":[{"taxonomy":"category","embeddable":true,"href":"https:\/\/arantv.az\/index.php?rest_route=%2Fwp%2Fv2%2Fcategories&post=445750"},{"taxonomy":"post_tag","embeddable":true,"href":"https:\/\/arantv.az\/index.php?rest_route=%2Fwp%2Fv2%2Ftags&post=445750"}],"curies":[{"name":"wp","href":"https:\/\/api.w.org\/{rel}","templated":true}]}}