{"id":445757,"date":"2022-02-28T18:47:06","date_gmt":"2022-02-28T15:47:06","guid":{"rendered":"http:\/\/arantv.az\/?p=445757"},"modified":"2022-02-28T18:47:06","modified_gmt":"2022-02-28T15:47:06","slug":"az%c9%99rbaycanin-kom%c9%99yi-sozd%c9%99-deyil-%c9%99m%c9%99ld%c9%99dir-ukraynali-diplomat","status":"publish","type":"post","link":"https:\/\/arantv.az\/?p=445757","title":{"rendered":"Az\u0259rbaycan\u0131n k\u00f6m\u0259yi s\u00f6zd\u0259 deyil, \u0259m\u0259ld\u0259dir &#8211; Ukraynal\u0131 diplomat"},"content":{"rendered":"<p>D\u00fcn\u0259n Bak\u0131da Ukrayna s\u0259firliyinin qar\u015f\u0131s\u0131nda d\u0259st\u0259k aksiyas\u0131 ke\u00e7irilib.<\/p>\n<p><strong>ARANTV.AZ x\u0259b\u0259r verir ki,<\/strong>\u00a0\u00a0aksiyada i\u015ftirak ed\u0259n &#8220;Milli \u015eura&#8221;n\u0131n \u00fczv\u00fc Tofiq Yaqublunun Az\u0259rbaycan h\u00f6kum\u0259ti il\u0259 ba\u011fl\u0131 dediyi s\u00f6zl\u0259r\u0259 ukraynal\u0131 diplomat bel\u0259 cavab verib:<\/p>\n<p>\u201cBiz b\u00fct\u00fcn Az\u0259rbaycan xalq\u0131na, Az\u0259rbaycan Prezidenti \u0130lham \u018fliyev\u0259 onun bu m\u00fcnasib\u0259tin\u0259, d\u0259st\u0259yin\u0259 g\u00f6r\u0259 minn\u0259tdar\u0131q. Bir daha dem\u0259k ist\u0259yir\u0259m ki, Prezident Zelenski birba\u015fa s\u00f6yl\u0259di ki, Az\u0259rbaycan Respublikas\u0131n\u0131n k\u00f6m\u0259yi s\u00f6zd\u0259 deyil, \u0259m\u0259ld\u0259dir. Biz Az\u0259rbaycan xalq\u0131n\u0131n Prezident \u0130lham \u018fliyev\u0259 d\u0259st\u0259kd\u0259 birliyini g\u00f6r\u00fcr\u00fck.<\/p>\n<p>Biz \u00e7ox \u015fad\u0131q ki, i\u015f\u011fal olunmu\u015f torpaqlar\u0131n azad edilm\u0259sind\u0259 Az\u0259rbaycan\u0131n yan\u0131nda olmu\u015fuq. Biz b\u00fct\u00fcn Az\u0259rbaycana, h\u00f6kum\u0259t\u0259, Prezident\u0259 &#8211; b\u00fct\u00fcn az\u0259rbaycanl\u0131lara t\u0259\u015f\u0259kk\u00fcr edirik. Biz b\u00fct\u00fcn Az\u0259rbaycan xalq\u0131n\u0131n \u00f6z Prezidentin\u0259, h\u00f6kum\u0259ti \u0259traf\u0131nda birliyinin \u015fahidi olmu\u015fuq. Haz\u0131rda bu n\u00fcmun\u0259ni biz Ukraynada g\u00f6r\u00fcr\u00fck\u201d.<\/p>\n","protected":false},"excerpt":{"rendered":"<p>D\u00fcn\u0259n Bak\u0131da Ukrayna s\u0259firliyinin qar\u015f\u0131s\u0131nda d\u0259st\u0259k aksiyas\u0131 ke\u00e7irilib. ARANTV.AZ x\u0259b\u0259r verir ki,\u00a0\u00a0aksiyada i\u015ftirak ed\u0259n &#8220;Milli \u015eura&#8221;n\u0131n \u00fczv\u00fc Tofiq Yaqublunun Az\u0259rbaycan h\u00f6kum\u0259ti il\u0259 ba\u011fl\u0131 dediyi s\u00f6zl\u0259r\u0259 ukraynal\u0131 diplomat bel\u0259 cavab verib: \u201cBiz b\u00fct\u00fcn Az\u0259rbaycan xalq\u0131na, Az\u0259rbaycan Prezidenti \u0130lham \u018fliyev\u0259 onun bu m\u00fcnasib\u0259tin\u0259, d\u0259st\u0259yin\u0259 g\u00f6r\u0259 minn\u0259tdar\u0131q. Bir daha dem\u0259k ist\u0259yir\u0259m ki, Prezident Zelenski birba\u015fa s\u00f6yl\u0259di ki, Az\u0259rbaycan Respublikas\u0131n\u0131n k\u00f6m\u0259yi s\u00f6zd\u0259 deyil, \u0259m\u0259ld\u0259dir. Biz Az\u0259rbaycan xalq\u0131n\u0131n Prezident \u0130lham \u018fliyev\u0259 d\u0259st\u0259kd\u0259 birliyini g\u00f6r\u00fcr\u00fck. Biz \u00e7ox \u015fad\u0131q ki, i\u015f\u011fal olunmu\u015f torpaqlar\u0131n azad edilm\u0259sind\u0259 Az\u0259rbaycan\u0131n yan\u0131nda olmu\u015fuq. Biz b\u00fct\u00fcn Az\u0259rbaycana, h\u00f6kum\u0259t\u0259, Prezident\u0259 &#8211; b\u00fct\u00fcn az\u0259rbaycanl\u0131lara t\u0259\u015f\u0259kk\u00fcr&hellip;<\/p>\n","protected":false},"author":2,"featured_media":445758,"comment_status":"closed","ping_status":"closed","sticky":false,"template":"","format":"standard","meta":{"om_disable_all_campaigns":false,"_monsterinsights_skip_tracking":false,"_monsterinsights_sitenote_active":false,"_monsterinsights_sitenote_note":"","_monsterinsights_sitenote_category":0},"categories":[4],"tags":[],"aioseo_notices":[],"gutentor_comment":0,"rttpg_featured_image_url":{"full":["https:\/\/arantv.az\/wp-content\/uploads\/2022\/02\/6d9c547c164606164037958818510091033.jpg",975,540,false],"landscape":["https:\/\/arantv.az\/wp-content\/uploads\/2022\/02\/6d9c547c164606164037958818510091033.jpg",975,540,false],"portraits":["https:\/\/arantv.az\/wp-content\/uploads\/2022\/02\/6d9c547c164606164037958818510091033.jpg",975,540,false],"thumbnail":["https:\/\/arantv.az\/wp-content\/uploads\/2022\/02\/6d9c547c164606164037958818510091033-500x280.jpg",500,280,true],"medium":["https:\/\/arantv.az\/wp-content\/uploads\/2022\/02\/6d9c547c164606164037958818510091033-660x365.jpg",660,365,true],"large":["https:\/\/arantv.az\/wp-content\/uploads\/2022\/02\/6d9c547c164606164037958818510091033-840x465.jpg",640,354,true],"1536x1536":["https:\/\/arantv.az\/wp-content\/uploads\/2022\/02\/6d9c547c164606164037958818510091033.jpg",975,540,false],"2048x2048":["https:\/\/arantv.az\/wp-content\/uploads\/2022\/02\/6d9c547c164606164037958818510091033.jpg",975,540,false],"post-thumbnail":["https:\/\/arantv.az\/wp-content\/uploads\/2022\/02\/6d9c547c164606164037958818510091033-240x172.jpg",240,172,true],"advps-thumb-one":["https:\/\/arantv.az\/wp-content\/uploads\/2022\/02\/6d9c547c164606164037958818510091033.jpg",975,540,false]},"rttpg_author":{"display_name":"V\u00fcsal Rafiqo\u011flu","author_link":"https:\/\/arantv.az\/?author=2"},"rttpg_comment":0,"rttpg_category":"<a href=\"https:\/\/arantv.az\/?cat=4\" rel=\"category\">Siyas\u0259t<\/a>","rttpg_excerpt":"D\u00fcn\u0259n Bak\u0131da Ukrayna s\u0259firliyinin qar\u015f\u0131s\u0131nda d\u0259st\u0259k aksiyas\u0131 ke\u00e7irilib. ARANTV.AZ x\u0259b\u0259r verir ki,\u00a0\u00a0aksiyada i\u015ftirak ed\u0259n &#8220;Milli \u015eura&#8221;n\u0131n \u00fczv\u00fc Tofiq Yaqublunun Az\u0259rbaycan h\u00f6kum\u0259ti il\u0259 ba\u011fl\u0131 dediyi s\u00f6zl\u0259r\u0259 ukraynal\u0131 diplomat bel\u0259 cavab verib: \u201cBiz b\u00fct\u00fcn Az\u0259rbaycan xalq\u0131na, Az\u0259rbaycan Prezidenti \u0130lham \u018fliyev\u0259 onun bu m\u00fcnasib\u0259tin\u0259, d\u0259st\u0259yin\u0259 g\u00f6r\u0259 minn\u0259tdar\u0131q. Bir daha dem\u0259k ist\u0259yir\u0259m ki, Prezident Zelenski birba\u015fa s\u00f6yl\u0259di ki, Az\u0259rbaycan&hellip;","_links":{"self":[{"href":"https:\/\/arantv.az\/index.php?rest_route=\/wp\/v2\/posts\/445757"}],"collection":[{"href":"https:\/\/arantv.az\/index.php?rest_route=\/wp\/v2\/posts"}],"about":[{"href":"https:\/\/arantv.az\/index.php?rest_route=\/wp\/v2\/types\/post"}],"author":[{"embeddable":true,"href":"https:\/\/arantv.az\/index.php?rest_route=\/wp\/v2\/users\/2"}],"replies":[{"embeddable":true,"href":"https:\/\/arantv.az\/index.php?rest_route=%2Fwp%2Fv2%2Fcomments&post=445757"}],"version-history":[{"count":0,"href":"https:\/\/arantv.az\/index.php?rest_route=\/wp\/v2\/posts\/445757\/revisions"}],"wp:featuredmedia":[{"embeddable":true,"href":"https:\/\/arantv.az\/index.php?rest_route=\/wp\/v2\/media\/445758"}],"wp:attachment":[{"href":"https:\/\/arantv.az\/index.php?rest_route=%2Fwp%2Fv2%2Fmedia&parent=445757"}],"wp:term":[{"taxonomy":"category","embeddable":true,"href":"https:\/\/arantv.az\/index.php?rest_route=%2Fwp%2Fv2%2Fcategories&post=445757"},{"taxonomy":"post_tag","embeddable":true,"href":"https:\/\/arantv.az\/index.php?rest_route=%2Fwp%2Fv2%2Ftags&post=445757"}],"curies":[{"name":"wp","href":"https:\/\/api.w.org\/{rel}","templated":true}]}}