{"id":445766,"date":"2022-02-28T19:07:53","date_gmt":"2022-02-28T16:07:53","guid":{"rendered":"http:\/\/arantv.az\/?p=445766"},"modified":"2022-02-28T19:07:53","modified_gmt":"2022-02-28T16:07:53","slug":"makron-putinl%c9%99-conson-zelenski-il%c9%99-danisib","status":"publish","type":"post","link":"https:\/\/arantv.az\/?p=445766","title":{"rendered":"Makron Putinl\u0259, Conson Zelenski il\u0259 dan\u0131\u015f\u0131b"},"content":{"rendered":"<p>Rusiya Prezidenti Vladimir Putin v\u0259 Fransa Prezidenti Emmanuel Makron aras\u0131nda telefon dan\u0131\u015f\u0131\u011f\u0131 olub.<\/p>\n<p>Bu bar\u0259d\u0259 Kremlin m\u0259tbuat xidm\u0259ti m\u0259lumat yay\u0131b.<\/p>\n<div class=\"AdviadNativeVideo\"><\/div>\n<p>S\u00f6hb\u0259t zaman\u0131 Ukraynadak\u0131 v\u0259ziyy\u0259tl\u0259 ba\u011fl\u0131 fikir m\u00fcbadil\u0259si apar\u0131l\u0131b.<\/p>\n<p>Eyni zamanda, Britaniyan\u0131n ba\u015f naziri Boris Conson da Ukrayna prezidenti Volodimir Zelenskiy\u0259 z\u0259ng edib.<\/p>\n<p>Conson\u00a0yax\u0131n saatlarda Ukraynaya yeni h\u0259rbi yard\u0131m\u0131n \u00e7atd\u0131r\u0131laca\u011f\u0131n\u0131 bildirib.<\/p>\n<p>M\u0259nb\u0259: TASS<\/p>\n","protected":false},"excerpt":{"rendered":"<p>Rusiya Prezidenti Vladimir Putin v\u0259 Fransa Prezidenti Emmanuel Makron aras\u0131nda telefon dan\u0131\u015f\u0131\u011f\u0131 olub. Bu bar\u0259d\u0259 Kremlin m\u0259tbuat xidm\u0259ti m\u0259lumat yay\u0131b. S\u00f6hb\u0259t zaman\u0131 Ukraynadak\u0131 v\u0259ziyy\u0259tl\u0259 ba\u011fl\u0131 fikir m\u00fcbadil\u0259si apar\u0131l\u0131b. Eyni zamanda, Britaniyan\u0131n ba\u015f naziri Boris Conson da Ukrayna prezidenti Volodimir Zelenskiy\u0259 z\u0259ng edib. Conson\u00a0yax\u0131n saatlarda Ukraynaya yeni h\u0259rbi yard\u0131m\u0131n \u00e7atd\u0131r\u0131laca\u011f\u0131n\u0131 bildirib. M\u0259nb\u0259: TASS<\/p>\n","protected":false},"author":2,"featured_media":445767,"comment_status":"closed","ping_status":"closed","sticky":false,"template":"","format":"standard","meta":{"om_disable_all_campaigns":false,"_monsterinsights_skip_tracking":false,"_monsterinsights_sitenote_active":false,"_monsterinsights_sitenote_note":"","_monsterinsights_sitenote_category":0},"categories":[7],"tags":[],"aioseo_notices":[],"gutentor_comment":0,"rttpg_featured_image_url":{"full":["https:\/\/arantv.az\/wp-content\/uploads\/2022\/02\/putin-dal-kommentariy-po-povodu-priglasheniya-zelenskogo-k-peregovoram_1.jpg",620,413,false],"landscape":["https:\/\/arantv.az\/wp-content\/uploads\/2022\/02\/putin-dal-kommentariy-po-povodu-priglasheniya-zelenskogo-k-peregovoram_1.jpg",620,413,false],"portraits":["https:\/\/arantv.az\/wp-content\/uploads\/2022\/02\/putin-dal-kommentariy-po-povodu-priglasheniya-zelenskogo-k-peregovoram_1.jpg",620,413,false],"thumbnail":["https:\/\/arantv.az\/wp-content\/uploads\/2022\/02\/putin-dal-kommentariy-po-povodu-priglasheniya-zelenskogo-k-peregovoram_1-500x280.jpg",500,280,true],"medium":["https:\/\/arantv.az\/wp-content\/uploads\/2022\/02\/putin-dal-kommentariy-po-povodu-priglasheniya-zelenskogo-k-peregovoram_1-548x365.jpg",548,365,true],"large":["https:\/\/arantv.az\/wp-content\/uploads\/2022\/02\/putin-dal-kommentariy-po-povodu-priglasheniya-zelenskogo-k-peregovoram_1.jpg",620,413,false],"1536x1536":["https:\/\/arantv.az\/wp-content\/uploads\/2022\/02\/putin-dal-kommentariy-po-povodu-priglasheniya-zelenskogo-k-peregovoram_1.jpg",620,413,false],"2048x2048":["https:\/\/arantv.az\/wp-content\/uploads\/2022\/02\/putin-dal-kommentariy-po-povodu-priglasheniya-zelenskogo-k-peregovoram_1.jpg",620,413,false],"post-thumbnail":["https:\/\/arantv.az\/wp-content\/uploads\/2022\/02\/putin-dal-kommentariy-po-povodu-priglasheniya-zelenskogo-k-peregovoram_1-240x172.jpg",240,172,true],"advps-thumb-one":["https:\/\/arantv.az\/wp-content\/uploads\/2022\/02\/putin-dal-kommentariy-po-povodu-priglasheniya-zelenskogo-k-peregovoram_1.jpg",620,413,false]},"rttpg_author":{"display_name":"V\u00fcsal Rafiqo\u011flu","author_link":"https:\/\/arantv.az\/?author=2"},"rttpg_comment":0,"rttpg_category":"<a href=\"https:\/\/arantv.az\/?cat=7\" rel=\"category\">D\u00fcnya<\/a>","rttpg_excerpt":"Rusiya Prezidenti Vladimir Putin v\u0259 Fransa Prezidenti Emmanuel Makron aras\u0131nda telefon dan\u0131\u015f\u0131\u011f\u0131 olub. Bu bar\u0259d\u0259 Kremlin m\u0259tbuat xidm\u0259ti m\u0259lumat yay\u0131b. S\u00f6hb\u0259t zaman\u0131 Ukraynadak\u0131 v\u0259ziyy\u0259tl\u0259 ba\u011fl\u0131 fikir m\u00fcbadil\u0259si apar\u0131l\u0131b. Eyni zamanda, Britaniyan\u0131n ba\u015f naziri Boris Conson da Ukrayna prezidenti Volodimir Zelenskiy\u0259 z\u0259ng edib. Conson\u00a0yax\u0131n saatlarda Ukraynaya yeni h\u0259rbi yard\u0131m\u0131n \u00e7atd\u0131r\u0131laca\u011f\u0131n\u0131 bildirib. M\u0259nb\u0259: TASS","_links":{"self":[{"href":"https:\/\/arantv.az\/index.php?rest_route=\/wp\/v2\/posts\/445766"}],"collection":[{"href":"https:\/\/arantv.az\/index.php?rest_route=\/wp\/v2\/posts"}],"about":[{"href":"https:\/\/arantv.az\/index.php?rest_route=\/wp\/v2\/types\/post"}],"author":[{"embeddable":true,"href":"https:\/\/arantv.az\/index.php?rest_route=\/wp\/v2\/users\/2"}],"replies":[{"embeddable":true,"href":"https:\/\/arantv.az\/index.php?rest_route=%2Fwp%2Fv2%2Fcomments&post=445766"}],"version-history":[{"count":0,"href":"https:\/\/arantv.az\/index.php?rest_route=\/wp\/v2\/posts\/445766\/revisions"}],"wp:featuredmedia":[{"embeddable":true,"href":"https:\/\/arantv.az\/index.php?rest_route=\/wp\/v2\/media\/445767"}],"wp:attachment":[{"href":"https:\/\/arantv.az\/index.php?rest_route=%2Fwp%2Fv2%2Fmedia&parent=445766"}],"wp:term":[{"taxonomy":"category","embeddable":true,"href":"https:\/\/arantv.az\/index.php?rest_route=%2Fwp%2Fv2%2Fcategories&post=445766"},{"taxonomy":"post_tag","embeddable":true,"href":"https:\/\/arantv.az\/index.php?rest_route=%2Fwp%2Fv2%2Ftags&post=445766"}],"curies":[{"name":"wp","href":"https:\/\/api.w.org\/{rel}","templated":true}]}}