{"id":445774,"date":"2022-02-28T19:15:29","date_gmt":"2022-02-28T16:15:29","guid":{"rendered":"http:\/\/arantv.az\/?p=445774"},"modified":"2022-02-28T19:15:29","modified_gmt":"2022-02-28T16:15:29","slug":"44-gunluk-muharib%c9%99d%c9%99-h%c9%99m-doyus%c9%99n-h%c9%99m-d%c9%99-futbol-oynayan-kapitan-video","status":"publish","type":"post","link":"https:\/\/arantv.az\/?p=445774","title":{"rendered":"44 g\u00fcnl\u00fck M\u00fcharib\u0259d\u0259 h\u0259m d\u00f6y\u00fc\u015f\u0259n, h\u0259m d\u0259 futbol oynayan kapitan &#8211; V\u0130DEO"},"content":{"rendered":"<article class=\"news\">\n<div class=\"news-inner\">\n<p>Az\u0259rbaycan Premyer Liqas\u0131n\u0131n \u0259n t\u0259cr\u00fcb\u0259li oyun\u00e7ular\u0131ndan olan Asif M\u0259mm\u0259dovun 44 g\u00fcnl\u00fck V\u0259t\u0259n M\u00fcharib\u0259sind\u0259 i\u015ftirak\u0131ndan \u0259ks\u0259riyy\u0259t x\u0259b\u0259rsizdir.<\/p>\n<div class=\"AdviadNativeVideo\"><\/div>\n<p><b>ARANTV.AZ <\/b>x\u0259b\u0259r verir ki, \u201cQ\u0259b\u0259l\u0259\u201dnin 35 ya\u015fl\u0131 kapitan\u0131 do\u011fuldu\u011fu A\u011fdam rayonu u\u011frunda d\u00f6y\u00fc\u015fl\u0259rin bir ne\u00e7\u0259sind\u0259 i\u015ftirak edib.<\/p>\n<p>Yax\u0131n dostu, h\u0259r iki Qaraba\u011f m\u00fcharib\u0259sinin i\u015ftirak\u00e7\u0131s\u0131 M\u00fc\u015ffiq Abbasovun \u015f\u0259hidlik zirv\u0259sin\u0259 y\u00fcks\u0259lm\u0259sinin canl\u0131 \u015fahidi olub.<\/p>\n<p>Asif bunu h\u0259m d\u0259 futbol\u00e7u karyeras\u0131na fasil\u0259 verm\u0259d\u0259n, \u201cQ\u0259b\u0259l\u0259\u201dnin m\u0259\u015fq v\u0259 oyunlar\u0131n\u0131 buraxmadan (az sayda istisnalar olmaqla) edib.<\/p>\n<p>Bunu nec\u0259 bacar\u0131b,\u00a0Sportinfo.TV-nin redaktoru \u0130lkin Fikr\u0259to\u011flu il\u0259 s\u00f6hb\u0259td\u0259 futbol\u00e7u \u00f6z\u00fc b\u00fct\u00fcn suallara ayd\u0131nl\u0131q g\u0259tirib.<\/p>\n<div><iframe loading=\"lazy\" title=\"YouTube video player\" src=\"https:\/\/www.youtube.com\/embed\/ncu2mClEBHg\" width=\"685\" height=\"410\" frameborder=\"0\" allowfullscreen=\"allowfullscreen\" data-mce-fragment=\"1\"><\/iframe><\/div>\n<\/div>\n<\/article>\n","protected":false},"excerpt":{"rendered":"<p>Az\u0259rbaycan Premyer Liqas\u0131n\u0131n \u0259n t\u0259cr\u00fcb\u0259li oyun\u00e7ular\u0131ndan olan Asif M\u0259mm\u0259dovun 44 g\u00fcnl\u00fck V\u0259t\u0259n M\u00fcharib\u0259sind\u0259 i\u015ftirak\u0131ndan \u0259ks\u0259riyy\u0259t x\u0259b\u0259rsizdir. ARANTV.AZ x\u0259b\u0259r verir ki, \u201cQ\u0259b\u0259l\u0259\u201dnin 35 ya\u015fl\u0131 kapitan\u0131 do\u011fuldu\u011fu A\u011fdam rayonu u\u011frunda d\u00f6y\u00fc\u015fl\u0259rin bir ne\u00e7\u0259sind\u0259 i\u015ftirak edib. Yax\u0131n dostu, h\u0259r iki Qaraba\u011f m\u00fcharib\u0259sinin i\u015ftirak\u00e7\u0131s\u0131 M\u00fc\u015ffiq Abbasovun \u015f\u0259hidlik zirv\u0259sin\u0259 y\u00fcks\u0259lm\u0259sinin canl\u0131 \u015fahidi olub. Asif bunu h\u0259m d\u0259 futbol\u00e7u karyeras\u0131na fasil\u0259 verm\u0259d\u0259n, \u201cQ\u0259b\u0259l\u0259\u201dnin m\u0259\u015fq v\u0259 oyunlar\u0131n\u0131 buraxmadan (az sayda istisnalar olmaqla) edib. Bunu nec\u0259 bacar\u0131b,\u00a0Sportinfo.TV-nin redaktoru \u0130lkin Fikr\u0259to\u011flu il\u0259 s\u00f6hb\u0259td\u0259 futbol\u00e7u \u00f6z\u00fc b\u00fct\u00fcn suallara ayd\u0131nl\u0131q g\u0259tirib.<\/p>\n","protected":false},"author":2,"featured_media":445775,"comment_status":"closed","ping_status":"closed","sticky":false,"template":"","format":"standard","meta":{"om_disable_all_campaigns":false,"_monsterinsights_skip_tracking":false,"_monsterinsights_sitenote_active":false,"_monsterinsights_sitenote_note":"","_monsterinsights_sitenote_category":0},"categories":[1],"tags":[],"aioseo_notices":[],"gutentor_comment":0,"rttpg_featured_image_url":{"full":["https:\/\/arantv.az\/wp-content\/uploads\/2022\/02\/Capture-7.jpg",620,395,false],"landscape":["https:\/\/arantv.az\/wp-content\/uploads\/2022\/02\/Capture-7.jpg",620,395,false],"portraits":["https:\/\/arantv.az\/wp-content\/uploads\/2022\/02\/Capture-7.jpg",620,395,false],"thumbnail":["https:\/\/arantv.az\/wp-content\/uploads\/2022\/02\/Capture-7-500x280.jpg",500,280,true],"medium":["https:\/\/arantv.az\/wp-content\/uploads\/2022\/02\/Capture-7-573x365.jpg",573,365,true],"large":["https:\/\/arantv.az\/wp-content\/uploads\/2022\/02\/Capture-7.jpg",620,395,false],"1536x1536":["https:\/\/arantv.az\/wp-content\/uploads\/2022\/02\/Capture-7.jpg",620,395,false],"2048x2048":["https:\/\/arantv.az\/wp-content\/uploads\/2022\/02\/Capture-7.jpg",620,395,false],"post-thumbnail":["https:\/\/arantv.az\/wp-content\/uploads\/2022\/02\/Capture-7-240x172.jpg",240,172,true],"advps-thumb-one":["https:\/\/arantv.az\/wp-content\/uploads\/2022\/02\/Capture-7.jpg",620,395,false]},"rttpg_author":{"display_name":"V\u00fcsal Rafiqo\u011flu","author_link":"https:\/\/arantv.az\/?author=2"},"rttpg_comment":0,"rttpg_category":"<a href=\"https:\/\/arantv.az\/?cat=1\" rel=\"category\">C\u0259miyy\u0259t<\/a>","rttpg_excerpt":"Az\u0259rbaycan Premyer Liqas\u0131n\u0131n \u0259n t\u0259cr\u00fcb\u0259li oyun\u00e7ular\u0131ndan olan Asif M\u0259mm\u0259dovun 44 g\u00fcnl\u00fck V\u0259t\u0259n M\u00fcharib\u0259sind\u0259 i\u015ftirak\u0131ndan \u0259ks\u0259riyy\u0259t x\u0259b\u0259rsizdir. ARANTV.AZ x\u0259b\u0259r verir ki, \u201cQ\u0259b\u0259l\u0259\u201dnin 35 ya\u015fl\u0131 kapitan\u0131 do\u011fuldu\u011fu A\u011fdam rayonu u\u011frunda d\u00f6y\u00fc\u015fl\u0259rin bir ne\u00e7\u0259sind\u0259 i\u015ftirak edib. Yax\u0131n dostu, h\u0259r iki Qaraba\u011f m\u00fcharib\u0259sinin i\u015ftirak\u00e7\u0131s\u0131 M\u00fc\u015ffiq Abbasovun \u015f\u0259hidlik zirv\u0259sin\u0259 y\u00fcks\u0259lm\u0259sinin canl\u0131 \u015fahidi olub. Asif bunu h\u0259m d\u0259 futbol\u00e7u karyeras\u0131na fasil\u0259&hellip;","_links":{"self":[{"href":"https:\/\/arantv.az\/index.php?rest_route=\/wp\/v2\/posts\/445774"}],"collection":[{"href":"https:\/\/arantv.az\/index.php?rest_route=\/wp\/v2\/posts"}],"about":[{"href":"https:\/\/arantv.az\/index.php?rest_route=\/wp\/v2\/types\/post"}],"author":[{"embeddable":true,"href":"https:\/\/arantv.az\/index.php?rest_route=\/wp\/v2\/users\/2"}],"replies":[{"embeddable":true,"href":"https:\/\/arantv.az\/index.php?rest_route=%2Fwp%2Fv2%2Fcomments&post=445774"}],"version-history":[{"count":0,"href":"https:\/\/arantv.az\/index.php?rest_route=\/wp\/v2\/posts\/445774\/revisions"}],"wp:featuredmedia":[{"embeddable":true,"href":"https:\/\/arantv.az\/index.php?rest_route=\/wp\/v2\/media\/445775"}],"wp:attachment":[{"href":"https:\/\/arantv.az\/index.php?rest_route=%2Fwp%2Fv2%2Fmedia&parent=445774"}],"wp:term":[{"taxonomy":"category","embeddable":true,"href":"https:\/\/arantv.az\/index.php?rest_route=%2Fwp%2Fv2%2Fcategories&post=445774"},{"taxonomy":"post_tag","embeddable":true,"href":"https:\/\/arantv.az\/index.php?rest_route=%2Fwp%2Fv2%2Ftags&post=445774"}],"curies":[{"name":"wp","href":"https:\/\/api.w.org\/{rel}","templated":true}]}}