{"id":445781,"date":"2022-03-01T07:13:09","date_gmt":"2022-03-01T04:13:09","guid":{"rendered":"http:\/\/arantv.az\/?p=445781"},"modified":"2022-03-01T07:13:09","modified_gmt":"2022-03-01T04:13:09","slug":"ukraynada-%c9%99sir-dus%c9%99n-az%c9%99rbaycanlinin-atasi-dedi-ki-m%c9%99n-d%c9%99-vurusacam-video","status":"publish","type":"post","link":"https:\/\/arantv.az\/?p=445781","title":{"rendered":"Ukraynada \u0259sir d\u00fc\u015f\u0259n az\u0259rbaycanl\u0131n\u0131n atas\u0131: \u201cDedi ki, m\u0259n d\u0259 vuru\u015facam\u201d &#8211; V\u0130DEO"},"content":{"rendered":"<article class=\"news\">\n<div class=\"news-inner\">\n<p>Ukraynada \u0259sir d\u00fc\u015f\u0259n Az\u0259rbaycan v\u0259t\u0259nda\u015f\u0131n\u0131n atas\u0131 m\u0259s\u0259l\u0259nin \u0259sli bar\u0259d\u0259 m\u0259lumat verib.<\/p>\n<p><strong>ARANTV.AZ<\/strong>\u00a0x\u0259b\u0259r verir ki,\u00a0Baku TV \u0259sir d\u00fc\u015fm\u00fc\u015f Haqverdiyev \u018fziz B\u0259dirxan o\u011flunun\u00a0ail\u0259sind\u0259n hadis\u0259nin t\u0259f\u0259rr\u00fcat\u0131n\u0131 \u00f6yr\u0259nib.<\/p>\n<div class=\"AdviadNativeVideo\"><\/div>\n<p>Onun atas\u0131 bildirib ki, o\u011flu Ukraynaya t\u0259hsill\u0259 \u0259laq\u0259dar gedib:<\/p>\n<p>\u201cD\u00f6vl\u0259t imtahan\u0131n\u0131 verib, diplomunu al\u0131b, qay\u0131tmal\u0131 idi. Getdi,\u00a0ili\u015fdi qald\u0131 orada. May ay\u0131nda diplomunu almal\u0131 idi. Ona biletini ald\u0131m v\u0259 dedim ki, orada v\u0259ziyy\u0259t qar\u0131\u015facaq. Vaxt\u0131nda qay\u0131tmas\u0131n\u0131 ist\u0259dim. O is\u0259 dedi ki, laz\u0131m g\u0259ls\u0259 m\u0259n d\u0259 qal\u0131b vuru\u015faram\u201d<\/p>\n<p>Daha \u0259trafl\u0131 sujetd\u0259:<\/p>\n<p><iframe loading=\"lazy\" title=\"YouTube video player\" src=\"https:\/\/www.youtube.com\/embed\/YaIHKshMkHI\" width=\"560\" height=\"315\" frameborder=\"0\" allowfullscreen=\"allowfullscreen\" data-mce-fragment=\"1\"><\/iframe><\/p>\n<\/div>\n<\/article>\n","protected":false},"excerpt":{"rendered":"<p>Ukraynada \u0259sir d\u00fc\u015f\u0259n Az\u0259rbaycan v\u0259t\u0259nda\u015f\u0131n\u0131n atas\u0131 m\u0259s\u0259l\u0259nin \u0259sli bar\u0259d\u0259 m\u0259lumat verib. ARANTV.AZ\u00a0x\u0259b\u0259r verir ki,\u00a0Baku TV \u0259sir d\u00fc\u015fm\u00fc\u015f Haqverdiyev \u018fziz B\u0259dirxan o\u011flunun\u00a0ail\u0259sind\u0259n hadis\u0259nin t\u0259f\u0259rr\u00fcat\u0131n\u0131 \u00f6yr\u0259nib. Onun atas\u0131 bildirib ki, o\u011flu Ukraynaya t\u0259hsill\u0259 \u0259laq\u0259dar gedib: \u201cD\u00f6vl\u0259t imtahan\u0131n\u0131 verib, diplomunu al\u0131b, qay\u0131tmal\u0131 idi. Getdi,\u00a0ili\u015fdi qald\u0131 orada. May ay\u0131nda diplomunu almal\u0131 idi. Ona biletini ald\u0131m v\u0259 dedim ki, orada v\u0259ziyy\u0259t qar\u0131\u015facaq. Vaxt\u0131nda qay\u0131tmas\u0131n\u0131 ist\u0259dim. O is\u0259 dedi ki, laz\u0131m g\u0259ls\u0259 m\u0259n d\u0259 qal\u0131b vuru\u015faram\u201d Daha \u0259trafl\u0131 sujetd\u0259:<\/p>\n","protected":false},"author":2,"featured_media":445782,"comment_status":"closed","ping_status":"closed","sticky":false,"template":"","format":"standard","meta":{"om_disable_all_campaigns":false,"_monsterinsights_skip_tracking":false,"_monsterinsights_sitenote_active":false,"_monsterinsights_sitenote_note":"","_monsterinsights_sitenote_category":0},"categories":[1],"tags":[],"aioseo_notices":[],"gutentor_comment":0,"rttpg_featured_image_url":{"full":["https:\/\/arantv.az\/wp-content\/uploads\/2022\/03\/Baku-tv.jpg",620,408,false],"landscape":["https:\/\/arantv.az\/wp-content\/uploads\/2022\/03\/Baku-tv.jpg",620,408,false],"portraits":["https:\/\/arantv.az\/wp-content\/uploads\/2022\/03\/Baku-tv.jpg",620,408,false],"thumbnail":["https:\/\/arantv.az\/wp-content\/uploads\/2022\/03\/Baku-tv-500x280.jpg",500,280,true],"medium":["https:\/\/arantv.az\/wp-content\/uploads\/2022\/03\/Baku-tv-555x365.jpg",555,365,true],"large":["https:\/\/arantv.az\/wp-content\/uploads\/2022\/03\/Baku-tv.jpg",620,408,false],"1536x1536":["https:\/\/arantv.az\/wp-content\/uploads\/2022\/03\/Baku-tv.jpg",620,408,false],"2048x2048":["https:\/\/arantv.az\/wp-content\/uploads\/2022\/03\/Baku-tv.jpg",620,408,false],"post-thumbnail":["https:\/\/arantv.az\/wp-content\/uploads\/2022\/03\/Baku-tv-240x172.jpg",240,172,true],"advps-thumb-one":["https:\/\/arantv.az\/wp-content\/uploads\/2022\/03\/Baku-tv.jpg",620,408,false]},"rttpg_author":{"display_name":"V\u00fcsal Rafiqo\u011flu","author_link":"https:\/\/arantv.az\/?author=2"},"rttpg_comment":0,"rttpg_category":"<a href=\"https:\/\/arantv.az\/?cat=1\" rel=\"category\">C\u0259miyy\u0259t<\/a>","rttpg_excerpt":"Ukraynada \u0259sir d\u00fc\u015f\u0259n Az\u0259rbaycan v\u0259t\u0259nda\u015f\u0131n\u0131n atas\u0131 m\u0259s\u0259l\u0259nin \u0259sli bar\u0259d\u0259 m\u0259lumat verib. ARANTV.AZ\u00a0x\u0259b\u0259r verir ki,\u00a0Baku TV \u0259sir d\u00fc\u015fm\u00fc\u015f Haqverdiyev \u018fziz B\u0259dirxan o\u011flunun\u00a0ail\u0259sind\u0259n hadis\u0259nin t\u0259f\u0259rr\u00fcat\u0131n\u0131 \u00f6yr\u0259nib. Onun atas\u0131 bildirib ki, o\u011flu Ukraynaya t\u0259hsill\u0259 \u0259laq\u0259dar gedib: \u201cD\u00f6vl\u0259t imtahan\u0131n\u0131 verib, diplomunu al\u0131b, qay\u0131tmal\u0131 idi. Getdi,\u00a0ili\u015fdi qald\u0131 orada. May ay\u0131nda diplomunu almal\u0131 idi. Ona biletini ald\u0131m v\u0259 dedim ki, orada&hellip;","_links":{"self":[{"href":"https:\/\/arantv.az\/index.php?rest_route=\/wp\/v2\/posts\/445781"}],"collection":[{"href":"https:\/\/arantv.az\/index.php?rest_route=\/wp\/v2\/posts"}],"about":[{"href":"https:\/\/arantv.az\/index.php?rest_route=\/wp\/v2\/types\/post"}],"author":[{"embeddable":true,"href":"https:\/\/arantv.az\/index.php?rest_route=\/wp\/v2\/users\/2"}],"replies":[{"embeddable":true,"href":"https:\/\/arantv.az\/index.php?rest_route=%2Fwp%2Fv2%2Fcomments&post=445781"}],"version-history":[{"count":0,"href":"https:\/\/arantv.az\/index.php?rest_route=\/wp\/v2\/posts\/445781\/revisions"}],"wp:featuredmedia":[{"embeddable":true,"href":"https:\/\/arantv.az\/index.php?rest_route=\/wp\/v2\/media\/445782"}],"wp:attachment":[{"href":"https:\/\/arantv.az\/index.php?rest_route=%2Fwp%2Fv2%2Fmedia&parent=445781"}],"wp:term":[{"taxonomy":"category","embeddable":true,"href":"https:\/\/arantv.az\/index.php?rest_route=%2Fwp%2Fv2%2Fcategories&post=445781"},{"taxonomy":"post_tag","embeddable":true,"href":"https:\/\/arantv.az\/index.php?rest_route=%2Fwp%2Fv2%2Ftags&post=445781"}],"curies":[{"name":"wp","href":"https:\/\/api.w.org\/{rel}","templated":true}]}}