{"id":445787,"date":"2022-03-01T07:15:56","date_gmt":"2022-03-01T04:15:56","guid":{"rendered":"http:\/\/arantv.az\/?p=445787"},"modified":"2022-03-01T07:15:56","modified_gmt":"2022-03-01T04:15:56","slug":"%c9%99rdogan-qarabag-z%c9%99f%c9%99rind%c9%99n-danisdi","status":"publish","type":"post","link":"https:\/\/arantv.az\/?p=445787","title":{"rendered":"\u018frdo\u011fan Qaraba\u011f z\u0259f\u0259rind\u0259n dan\u0131\u015fd\u0131"},"content":{"rendered":"<p>T\u00fcrkiy\u0259 prezidenti R\u0259c\u0259b Tayyib \u018frdo\u011fan\u0131n s\u0259drliyil\u0259 \u00f6lk\u0259nin nazirl\u0259r kabinetinin iclas\u0131 ke\u00e7irilib.<\/p>\n<div class=\"AdviadNativeVideo\"><\/div>\n<p>Toplant\u0131n\u0131n ard\u0131ndan m\u0259tbuata a\u00e7\u0131qlamalarla \u00e7\u0131x\u0131\u015f ed\u0259n d\u00f6vl\u0259t ba\u015f\u00e7\u0131s\u0131 Qaraba\u011f z\u0259f\u0259rind\u0259n d\u0259 dan\u0131\u015f\u0131b.<\/p>\n<p>\u201cT\u00fcrkiy\u0259 Silahl\u0131 Q\u00fcvv\u0259l\u0259ri indi d\u00f6vl\u0259t \u00e7evrili\u015fi v\u0259 ya xunta il\u0259 deyil, s\u0259rh\u0259dl\u0259rimizin qorunmas\u0131nda v\u0259 s\u0259rh\u0259dyan\u0131 \u0259m\u0259liyyatlardak\u0131 u\u011furlar\u0131 il\u0259 g\u00fcnd\u0259md\u0259dir&#8230; Qaraba\u011f v\u0259 i\u015f\u011fal olunmu\u015f \u0259razil\u0259r u\u011frunda d\u00f6y\u00fc\u015f\u0259n Az\u0259rbaycan\u0131n yan\u0131nda olma\u011f\u0131m\u0131z h\u0259m \u00f6lk\u0259mizin, h\u0259m d\u0259 T\u00fcrkiy\u0259 Silahl\u0131 Q\u00fcvv\u0259l\u0259rinin tarixin\u0259 q\u0131z\u0131l h\u0259rfl\u0259rl\u0259 yaz\u0131lan q\u0259l\u0259b\u0259dir\u201d, &#8211; dey\u0259 \u018frdo\u011fan b\u0259yan edib.<\/p>\n<p>M\u0259nb\u0259: \u201cHaber Global\u201d<\/p>\n","protected":false},"excerpt":{"rendered":"<p>T\u00fcrkiy\u0259 prezidenti R\u0259c\u0259b Tayyib \u018frdo\u011fan\u0131n s\u0259drliyil\u0259 \u00f6lk\u0259nin nazirl\u0259r kabinetinin iclas\u0131 ke\u00e7irilib. Toplant\u0131n\u0131n ard\u0131ndan m\u0259tbuata a\u00e7\u0131qlamalarla \u00e7\u0131x\u0131\u015f ed\u0259n d\u00f6vl\u0259t ba\u015f\u00e7\u0131s\u0131 Qaraba\u011f z\u0259f\u0259rind\u0259n d\u0259 dan\u0131\u015f\u0131b. \u201cT\u00fcrkiy\u0259 Silahl\u0131 Q\u00fcvv\u0259l\u0259ri indi d\u00f6vl\u0259t \u00e7evrili\u015fi v\u0259 ya xunta il\u0259 deyil, s\u0259rh\u0259dl\u0259rimizin qorunmas\u0131nda v\u0259 s\u0259rh\u0259dyan\u0131 \u0259m\u0259liyyatlardak\u0131 u\u011furlar\u0131 il\u0259 g\u00fcnd\u0259md\u0259dir&#8230; Qaraba\u011f v\u0259 i\u015f\u011fal olunmu\u015f \u0259razil\u0259r u\u011frunda d\u00f6y\u00fc\u015f\u0259n Az\u0259rbaycan\u0131n yan\u0131nda olma\u011f\u0131m\u0131z h\u0259m \u00f6lk\u0259mizin, h\u0259m d\u0259 T\u00fcrkiy\u0259 Silahl\u0131 Q\u00fcvv\u0259l\u0259rinin tarixin\u0259 q\u0131z\u0131l h\u0259rfl\u0259rl\u0259 yaz\u0131lan q\u0259l\u0259b\u0259dir\u201d, &#8211; dey\u0259 \u018frdo\u011fan b\u0259yan edib. M\u0259nb\u0259: \u201cHaber Global\u201d<\/p>\n","protected":false},"author":2,"featured_media":445788,"comment_status":"closed","ping_status":"closed","sticky":false,"template":"","format":"standard","meta":{"om_disable_all_campaigns":false,"_monsterinsights_skip_tracking":false,"_monsterinsights_sitenote_active":false,"_monsterinsights_sitenote_note":"","_monsterinsights_sitenote_category":0},"categories":[4],"tags":[],"aioseo_notices":[],"gutentor_comment":0,"rttpg_featured_image_url":{"full":["https:\/\/arantv.az\/wp-content\/uploads\/2022\/03\/2045552.jpg",620,413,false],"landscape":["https:\/\/arantv.az\/wp-content\/uploads\/2022\/03\/2045552.jpg",620,413,false],"portraits":["https:\/\/arantv.az\/wp-content\/uploads\/2022\/03\/2045552.jpg",620,413,false],"thumbnail":["https:\/\/arantv.az\/wp-content\/uploads\/2022\/03\/2045552-500x280.jpg",500,280,true],"medium":["https:\/\/arantv.az\/wp-content\/uploads\/2022\/03\/2045552-548x365.jpg",548,365,true],"large":["https:\/\/arantv.az\/wp-content\/uploads\/2022\/03\/2045552.jpg",620,413,false],"1536x1536":["https:\/\/arantv.az\/wp-content\/uploads\/2022\/03\/2045552.jpg",620,413,false],"2048x2048":["https:\/\/arantv.az\/wp-content\/uploads\/2022\/03\/2045552.jpg",620,413,false],"post-thumbnail":["https:\/\/arantv.az\/wp-content\/uploads\/2022\/03\/2045552-240x172.jpg",240,172,true],"advps-thumb-one":["https:\/\/arantv.az\/wp-content\/uploads\/2022\/03\/2045552.jpg",620,413,false]},"rttpg_author":{"display_name":"V\u00fcsal Rafiqo\u011flu","author_link":"https:\/\/arantv.az\/?author=2"},"rttpg_comment":0,"rttpg_category":"<a href=\"https:\/\/arantv.az\/?cat=4\" rel=\"category\">Siyas\u0259t<\/a>","rttpg_excerpt":"T\u00fcrkiy\u0259 prezidenti R\u0259c\u0259b Tayyib \u018frdo\u011fan\u0131n s\u0259drliyil\u0259 \u00f6lk\u0259nin nazirl\u0259r kabinetinin iclas\u0131 ke\u00e7irilib. Toplant\u0131n\u0131n ard\u0131ndan m\u0259tbuata a\u00e7\u0131qlamalarla \u00e7\u0131x\u0131\u015f ed\u0259n d\u00f6vl\u0259t ba\u015f\u00e7\u0131s\u0131 Qaraba\u011f z\u0259f\u0259rind\u0259n d\u0259 dan\u0131\u015f\u0131b. \u201cT\u00fcrkiy\u0259 Silahl\u0131 Q\u00fcvv\u0259l\u0259ri indi d\u00f6vl\u0259t \u00e7evrili\u015fi v\u0259 ya xunta il\u0259 deyil, s\u0259rh\u0259dl\u0259rimizin qorunmas\u0131nda v\u0259 s\u0259rh\u0259dyan\u0131 \u0259m\u0259liyyatlardak\u0131 u\u011furlar\u0131 il\u0259 g\u00fcnd\u0259md\u0259dir&#8230; Qaraba\u011f v\u0259 i\u015f\u011fal olunmu\u015f \u0259razil\u0259r u\u011frunda d\u00f6y\u00fc\u015f\u0259n Az\u0259rbaycan\u0131n yan\u0131nda olma\u011f\u0131m\u0131z h\u0259m \u00f6lk\u0259mizin, h\u0259m&hellip;","_links":{"self":[{"href":"https:\/\/arantv.az\/index.php?rest_route=\/wp\/v2\/posts\/445787"}],"collection":[{"href":"https:\/\/arantv.az\/index.php?rest_route=\/wp\/v2\/posts"}],"about":[{"href":"https:\/\/arantv.az\/index.php?rest_route=\/wp\/v2\/types\/post"}],"author":[{"embeddable":true,"href":"https:\/\/arantv.az\/index.php?rest_route=\/wp\/v2\/users\/2"}],"replies":[{"embeddable":true,"href":"https:\/\/arantv.az\/index.php?rest_route=%2Fwp%2Fv2%2Fcomments&post=445787"}],"version-history":[{"count":0,"href":"https:\/\/arantv.az\/index.php?rest_route=\/wp\/v2\/posts\/445787\/revisions"}],"wp:featuredmedia":[{"embeddable":true,"href":"https:\/\/arantv.az\/index.php?rest_route=\/wp\/v2\/media\/445788"}],"wp:attachment":[{"href":"https:\/\/arantv.az\/index.php?rest_route=%2Fwp%2Fv2%2Fmedia&parent=445787"}],"wp:term":[{"taxonomy":"category","embeddable":true,"href":"https:\/\/arantv.az\/index.php?rest_route=%2Fwp%2Fv2%2Fcategories&post=445787"},{"taxonomy":"post_tag","embeddable":true,"href":"https:\/\/arantv.az\/index.php?rest_route=%2Fwp%2Fv2%2Ftags&post=445787"}],"curies":[{"name":"wp","href":"https:\/\/api.w.org\/{rel}","templated":true}]}}