{"id":445790,"date":"2022-03-01T07:17:02","date_gmt":"2022-03-01T04:17:02","guid":{"rendered":"http:\/\/arantv.az\/?p=445790"},"modified":"2022-03-01T07:17:02","modified_gmt":"2022-03-01T04:17:02","slug":"susa-ilin%c9%99-h%c9%99sr-edilmis-26-ci-aciq-respublika-cempionati-v%c9%99-birinciliyi-kecirilib-foto","status":"publish","type":"post","link":"https:\/\/arantv.az\/?p=445790","title":{"rendered":"\u201c\u015eu\u015fa ili\u201dn\u0259 h\u0259sr edilmi\u015f 26-c\u0131 a\u00e7\u0131q respublika \u00e7empionat\u0131 v\u0259 birinciliyi ke\u00e7irilib &#8211; FOTO"},"content":{"rendered":"<p>26-28 fevral 2022-ci il tarixl\u0259rind\u0259, Bak\u0131 \u0130dman Saray\u0131nda Az\u0259rbaycan Respublikas\u0131 G\u0259ncl\u0259r v\u0259 \u0130dman Nazirliyi, Az\u0259rbaycan Qocyu-Ryu Okinava Karate-do v\u0259 Kempo Kobudo \u0130dman N\u00f6vl\u0259ri Federasiyas\u0131 t\u0259r\u0259find\u0259n \u201c\u015eu\u015fa ili\u201dn\u0259 h\u0259sr edilmi\u015f, U\u015faqlar, yeniyetm\u0259l\u0259r, g\u0259ncl\u0259r, b\u00f6y\u00fckl\u0259r v\u0259 veteranlar aras\u0131nda 26-c\u0131 a\u00e7\u0131q respublika \u00e7empionat\u0131 v\u0259 birinciliyi ke\u00e7irilib.<\/p>\n<p>Az\u0259rbaycan Kempo Federasiyas\u0131, D\u00fcnya Fudokan Federasiyas\u0131n\u0131n Az\u0259rbaycan Respublikas\u0131nda r\u0259smi v\u0259 s\u0259lahiyy\u0259tli n\u00fcmay\u0259nd\u0259liyi,\u00a0<span lang=\"AZ-LATIN\">\u201c<\/span>V&amp;A Law Consulting Group<span lang=\"AZ-LATIN\">\u201d<\/span>un r\u0259smi t\u0259rafda\u015fl\u0131\u011f\u0131 il\u0259 26-c\u0131 a\u00e7\u0131q respublika \u00e7empionat\u0131 v\u0259 birinciliyind\u0259 paytaxtla yana\u015f\u0131, Respublikan\u0131n \u0259n g\u00fccl\u00fc 350 idman\u00e7\u0131s\u0131 m\u00fcbariz\u0259 apar\u0131r.<\/p>\n<div class=\"AdviadNativeVideo\"><\/div>\n<p><span lang=\"AZ-LATIN\">\u201c<\/span>Qalib idman\u00e7\u0131lar y\u0131\u011fma komandan\u0131n t\u0259rkibind\u0259 yer alaraq, 2022-ci il \u00fc\u00e7\u00fcn Beyn\u0259lxalq yar\u0131\u015flarda Az\u0259rbaycan\u0131 t\u0259msil etm\u0259k h\u00fcququ \u0259ld\u0259 ed\u0259c\u0259kl\u0259r<span lang=\"AZ-LATIN\">\u201d<\/span>,\u00a0&#8211; dey\u0259 Federasiya r\u0259smisi V\u00fcsal Abdullazad\u0259 bildirib.<\/p>\n<p>Federasiyan\u0131n prezidenti, \u018fm\u0259kdar B\u0259d\u0259n t\u0259rbiy\u0259si v\u0259 idman xadimi Tarverdi Allahverdiyev idman\u00e7\u0131lar\u0131 salamlayaraq onlara u\u011furlar arzulay\u0131b.<\/p>\n<p>Qeyd edilib ki, Prezident \u0130lham \u018fliyev D\u00fcnya Az\u0259rbaycanl\u0131lar\u0131n\u0131n H\u0259mr\u0259yliyi G\u00fcn\u00fc v\u0259 Yeni il m\u00fcnasib\u0259til\u0259 Az\u0259rbaycan xalq\u0131na etdiyi m\u00fcraci\u0259tind\u0259 2022-ci ili \u201c\u015eu\u015fa \u0130li\u201d elan etdiyini bildirdi. Bu il yanvar\u0131n 5-d\u0259 is\u0259 d\u00f6vl\u0259timizin ba\u015f\u00e7\u0131s\u0131 Az\u0259rbaycan Respublikas\u0131nda 2022-ci ilin \u201c\u015eu\u015fa \u0130li\u201d elan edilm\u0259si haqq\u0131nda s\u0259r\u0259ncam imzalad\u0131. M\u0259lum oldu\u011fu kimi, \u015eu\u015fa \u015f\u0259h\u0259rinin t\u0259m\u0259li 1752-ci ild\u0259 P\u0259nah\u0259li xan t\u0259r\u0259find\u0259n qoyulub v\u0259 bu il biz m\u0259d\u0259niyy\u0259t paytaxt\u0131m\u0131z\u0131n 270 illiyini b\u00f6y\u00fck t\u0259nt\u0259n\u0259 il\u0259 qeyd ed\u0259c\u0259yik. Bu ilin \u201c\u015eu\u015fa \u0130li\u201d elan olunmas\u0131 is\u0259 b\u00fct\u00fcn xalq\u0131m\u0131z \u00fc\u00e7\u00fcn cari ild\u0259 g\u00f6r\u00fcl\u0259c\u0259k i\u015fl\u0259rin \u0259h\u0259miyy\u0259tini daha da art\u0131r\u0131r.<\/p>\n<p>O qeyd edib ki, Prezident \u0130lham \u018fliyev t\u0259r\u0259find\u0259n imzalanm\u0131\u015f s\u0259r\u0259ncam bir daha \u00f6lk\u0259mizd\u0259 milli-m\u0259d\u0259ni v\u0259 tarixi irsimizin qorunmas\u0131 v\u0259 t\u0259bli\u011f olunmas\u0131na d\u00f6vl\u0259t t\u0259r\u0259find\u0259n h\u0259r zaman x\u00fcsusi diqq\u0259t v\u0259 qay\u011f\u0131n\u0131n g\u00f6st\u0259rildiyini n\u00fcmayi\u015f etdirir.<\/p>\n<p>Federasiyan\u0131n vitse-prezidenti V\u00fcsal Abdullazad\u0259 \u00e7\u0131x\u0131\u015f\u0131nda deyib:<\/p>\n<p>\u201cPrezident \u0130lham \u018fliyev D\u00fcnya Az\u0259rbaycanl\u0131lar\u0131n\u0131n H\u0259mr\u0259ylik G\u00fcn\u00fc v\u0259 Yeni il m\u00fcnasib\u0259til\u0259 m\u00fcraci\u0259tind\u0259 bildirib ki, xalq\u0131m\u0131z 2022-ci ild\u0259 P\u0259nah\u0259li xan\u0131n 1752-ci ild\u0259 t\u0259m\u0259lini qoydu\u011fu \u015eu\u015fan\u0131n yubileyini b\u00f6y\u00fck t\u0259nt\u0259n\u0259 il\u0259 qeyd ed\u0259c\u0259k. Az\u0259rbaycan Qocyu-Ryu Okinava Karate-do v\u0259 Kempo Kobudo \u0130dman N\u00f6vl\u0259ri Federasiyas\u0131 t\u0259r\u0259find\u0259n \u201c\u015eu\u015fa ili\u201dn\u0259 h\u0259sr edilmi\u015f, U\u015faqlar, yeniyetm\u0259l\u0259r, g\u0259ncl\u0259r, b\u00f6y\u00fckl\u0259r v\u0259 veteranlar aras\u0131nda 26-c\u0131 a\u00e7\u0131q respublika \u00e7empionat\u0131 v\u0259 birinciliyi edib. Bu x\u0259b\u0259r h\u0259r bir v\u0259t\u0259np\u0259rv\u0259r insan kimi, m\u0259ni d\u0259 \u00e7ox sevindirdi. Ona g\u00f6r\u0259 ki, \u015eu\u015fa adi \u015f\u0259h\u0259r deyil. Bu g\u00f6z\u0259l v\u0259 ecazkar \u015f\u0259h\u0259r bizim milli musiqimizin be\u015fiyidir, m\u0259d\u0259niyy\u0259timizin tac\u0131d\u0131r. M\u0259n inan\u0131ram ki, 2022-ci il t\u0259kc\u0259 \u015eu\u015fa, Qaraba\u011f \u00fc\u00e7\u00fcn deyil, b\u00fct\u00f6vl\u00fckd\u0259 \u00f6lk\u0259miz \u00fc\u00e7\u00fcn \u00e7ox u\u011furlu il olacaq.<\/p>\n<p>T\u0259sad\u00fcfi deyil ki, Prezident xalqa m\u00fcraci\u0259tind\u0259 deyib: \u201c\u018fziz h\u0259mv\u0259t\u0259nl\u0259r, qeyd etdiyim kimi, bu il \u00f6lk\u0259miz \u00fc\u00e7\u00fcn u\u011furlu olub. \u018fmin\u0259m ki, 2022-ci il d\u0259 u\u011furlu olacaq. \u00c7\u00fcnki \u00f6lk\u0259d\u0259 m\u00f6vcud olan birlik, h\u0259mr\u0259ylik v\u0259 g\u00f6z\u0259l ab-hava bu reall\u0131\u011f\u0131 biz\u0259 t\u0259min ed\u0259c\u0259k. M\u0259n is\u0259 Prezident kimi, Ali Ba\u015f Komandan kimi h\u0259r zaman Az\u0259rbaycan\u0131n maraqlar\u0131n\u0131n ke\u015fiyind\u0259 duraca\u011fam, \u00f6lk\u0259mizin h\u0259rt\u0259r\u0259fli inki\u015faf\u0131, h\u0259rbi g\u00fcc\u00fcn\u00fcn art\u0131r\u0131lmas\u0131, v\u0259t\u0259nda\u015flar\u0131n daha yax\u015f\u0131 ya\u015famas\u0131 \u00fc\u00e7\u00fcn \u0259limd\u0259n g\u0259l\u0259ni \u0259sirg\u0259m\u0259y\u0259c\u0259y\u0259m\u201d.<\/p>\n<p>M\u0259lum oldu\u011fu kimi, bu il dekabr\u0131n 24-d\u0259 Az\u0259rbaycan Respublikas\u0131n\u0131n Prezidenti \u0130lham \u018fliyev, birinci xan\u0131m Mehriban \u018fliyeva v\u0259 ail\u0259 \u00fczvl\u0259ri Hadrut q\u0259s\u0259b\u0259sin\u0259 s\u0259f\u0259rd\u0259n sonra \u015eu\u015fa \u015f\u0259h\u0259rin\u0259 g\u0259libl\u0259r. D\u00f6vl\u0259timizin ba\u015f\u00e7\u0131s\u0131 \u015eu\u015fan\u0131n m\u0259\u015fhur C\u0131d\u0131r d\u00fcz\u00fcnd\u0259 parlaq, d\u0259rin m\u0259zmunlu \u00e7\u0131x\u0131\u015f ed\u0259r\u0259k bildirib:<\/p>\n<p>\u201cM\u0259n h\u0259mi\u015f\u0259 deyirdim ki, g\u00fcn g\u0259l\u0259c\u0259k, i\u015f\u011fal alt\u0131ndak\u0131 torpaqlar\u0131m\u0131z azad edil\u0259c\u0259k, biz bu torpaqlara qay\u0131daca\u011f\u0131q v\u0259 qay\u0131tm\u0131\u015f\u0131q. Az\u0259rbaycan xalq\u0131 b\u00fct\u00fcn bu ill\u0259r \u0259rzind\u0259 m\u0259n\u0259 inan\u0131rd\u0131. Baxmayaraq ki, h\u0259m ovaxtk\u0131 m\u0259cburi k\u00f6\u00e7k\u00fcnl\u0259r, h\u0259m \u00f6lk\u0259 ictimaiyy\u0259ti ild\u0259n-il\u0259 davam ed\u0259n m\u0259nas\u0131z dan\u0131\u015f\u0131qlara n\u0259z\u0259r salaraq g\u00f6r\u00fcrd\u00fc ki, Erm\u0259nistan-Az\u0259rbaycan, Da\u011fl\u0131q Qaraba\u011f m\u00fcnaqi\u015f\u0259sinin h\u0259lli \u00e7\u0259tinl\u0259\u015fir. Amma buna baxmayaraq, do\u011fma xalq\u0131m m\u0259nim s\u00f6zl\u0259rim\u0259 inan\u0131rd\u0131. M\u0259n deyirdim ki, g\u00fcn g\u0259l\u0259c\u0259k Az\u0259rbaycan bayra\u011f\u0131 i\u015f\u011fal edilmi\u015f torpaqlarda, o c\u00fcml\u0259d\u0259n \u015eu\u015fada dal\u011falanacaq v\u0259 bu m\u00fcq\u0259dd\u0259s g\u00fcn\u00fc biz \u015f\u0259hidl\u0259rimizin qan\u0131-can\u0131 bahas\u0131na ya\u015fad\u0131q. Allah b\u00fct\u00fcn \u015f\u0259hidl\u0259rimiz\u0259 r\u0259hm\u0259t el\u0259sin\u201d.<\/p>\n<p>Sonda is\u0259 dig\u0259r r\u0259smil\u0259r, \u015f\u0259hid ail\u0259l\u0259ri v\u0259 qazil\u0259r \u00e7\u0131x\u0131\u015f ed\u0259r\u0259k idman\u00e7\u0131lara u\u011furlar arzu edibl\u0259r.<\/p>\n<p>&nbsp;<\/p>\n<div class=\"gallery\">\n<div class=\"gallery-i\"><img src=\"https:\/\/cdn.oxu.az\/uploads\/W1siZiIsIjIwMjIvMDIvMjgvMjAvMTcvMjEvOWQ5MzVmM2ItYTE3MS00MGFkLWFmZDktZTljM2Y4NjI3MDY5LzI3NDU4MzAzOV85MjA3MDQyMzUzMDI1MzRfODM1ODY3MTA0MTEyMTIxNzQyMF9uLmpwZyJdLFsicCIsImVuY29kZSIsImpwZyIsIi1xdWFsaXR5IDgwIl0sWyJwIiwidGh1bWIiLCI1OTB4NTkwXHUwMDNlIl1d?sha=717427996cd865ba\" alt=\"\" \/><\/p>\n<div class=\"gallery-i-caption\"><\/div>\n<\/div>\n<div class=\"gallery-i\"><img src=\"https:\/\/cdn.oxu.az\/uploads\/W1siZiIsIjIwMjIvMDIvMjgvMjAvMTcvMjEvMDQyNDNkNGUtYWZlNi00Y2U1LTkyN2QtZjc4NzBmMjE0NWVkLzI3NDU1NzI1OF8zMDkyMDExNDY3NzIxMDA1XzY0NTA5NDMyMzU4MzU2NjAzNjlfbi5qcGciXSxbInAiLCJlbmNvZGUiLCJqcGciLCItcXVhbGl0eSA4MCJdLFsicCIsInRodW1iIiwiNTkweDU5MFx1MDAzZSJdXQ?sha=ff81f4419c406aa9\" alt=\"\" \/><\/p>\n<div class=\"gallery-i-caption\"><\/div>\n<\/div>\n<div class=\"gallery-i\"><img src=\"https:\/\/cdn.oxu.az\/uploads\/W1siZiIsIjIwMjIvMDIvMjgvMjAvMTcvMjIvMjIyMGZkNjUtMTljOC00NWIzLTlmYjQtNjEyNWIxOTQxNTVlLzI3NDQ4NTI1M18xMTE1ODcxNDEyNTcwMzg2XzMxMzg4NDc4NTUwMTAwMjQ4Nl9uLmpwZyJdLFsicCIsImVuY29kZSIsImpwZyIsIi1xdWFsaXR5IDgwIl0sWyJwIiwidGh1bWIiLCI1OTB4NTkwXHUwMDNlIl1d?sha=a64597a3b467fe53\" alt=\"\" \/><\/p>\n<div class=\"gallery-i-caption\"><\/div>\n<\/div>\n<div class=\"gallery-i\"><img src=\"https:\/\/cdn.oxu.az\/uploads\/W1siZiIsIjIwMjIvMDIvMjgvMjAvMTcvMjIvNjNkYmJkMjAtMTU3ZS00Y2EzLWI3ODYtODJlMGQ0NjgzMmNlLzI3NDU5MTU5MF80OTIzNjgyNjU2NjE5MDhfMTc3Nzk2OTkyMDEyNjYwMDQ0OF9uLmpwZyJdLFsicCIsImVuY29kZSIsImpwZyIsIi1xdWFsaXR5IDgwIl0sWyJwIiwidGh1bWIiLCI1OTB4NTkwXHUwMDNlIl1d?sha=c374bd116a2b4358\" alt=\"\" \/><\/div>\n<\/div>\n","protected":false},"excerpt":{"rendered":"<p>26-28 fevral 2022-ci il tarixl\u0259rind\u0259, Bak\u0131 \u0130dman Saray\u0131nda Az\u0259rbaycan Respublikas\u0131 G\u0259ncl\u0259r v\u0259 \u0130dman Nazirliyi, Az\u0259rbaycan Qocyu-Ryu Okinava Karate-do v\u0259 Kempo Kobudo \u0130dman N\u00f6vl\u0259ri Federasiyas\u0131 t\u0259r\u0259find\u0259n \u201c\u015eu\u015fa ili\u201dn\u0259 h\u0259sr edilmi\u015f, U\u015faqlar, yeniyetm\u0259l\u0259r, g\u0259ncl\u0259r, b\u00f6y\u00fckl\u0259r v\u0259 veteranlar aras\u0131nda 26-c\u0131 a\u00e7\u0131q respublika \u00e7empionat\u0131 v\u0259 birinciliyi ke\u00e7irilib. Az\u0259rbaycan Kempo Federasiyas\u0131, D\u00fcnya Fudokan Federasiyas\u0131n\u0131n Az\u0259rbaycan Respublikas\u0131nda r\u0259smi v\u0259 s\u0259lahiyy\u0259tli n\u00fcmay\u0259nd\u0259liyi,\u00a0\u201cV&amp;A Law Consulting Group\u201dun r\u0259smi t\u0259rafda\u015fl\u0131\u011f\u0131 il\u0259 26-c\u0131 a\u00e7\u0131q respublika \u00e7empionat\u0131 v\u0259 birinciliyind\u0259 paytaxtla yana\u015f\u0131, Respublikan\u0131n \u0259n g\u00fccl\u00fc 350 idman\u00e7\u0131s\u0131 m\u00fcbariz\u0259 apar\u0131r. \u201cQalib idman\u00e7\u0131lar y\u0131\u011fma komandan\u0131n t\u0259rkibind\u0259 yer alaraq, 2022-ci il \u00fc\u00e7\u00fcn Beyn\u0259lxalq yar\u0131\u015flarda Az\u0259rbaycan\u0131 t\u0259msil&hellip;<\/p>\n","protected":false},"author":2,"featured_media":445791,"comment_status":"closed","ping_status":"closed","sticky":false,"template":"","format":"standard","meta":{"om_disable_all_campaigns":false,"_monsterinsights_skip_tracking":false,"_monsterinsights_sitenote_active":false,"_monsterinsights_sitenote_note":"","_monsterinsights_sitenote_category":0},"categories":[6],"tags":[],"aioseo_notices":[],"gutentor_comment":0,"rttpg_featured_image_url":{"full":["https:\/\/arantv.az\/wp-content\/uploads\/2022\/03\/274651687_1103013873593657_6138068615965443694_n.jpg",620,413,false],"landscape":["https:\/\/arantv.az\/wp-content\/uploads\/2022\/03\/274651687_1103013873593657_6138068615965443694_n.jpg",620,413,false],"portraits":["https:\/\/arantv.az\/wp-content\/uploads\/2022\/03\/274651687_1103013873593657_6138068615965443694_n.jpg",620,413,false],"thumbnail":["https:\/\/arantv.az\/wp-content\/uploads\/2022\/03\/274651687_1103013873593657_6138068615965443694_n-500x280.jpg",500,280,true],"medium":["https:\/\/arantv.az\/wp-content\/uploads\/2022\/03\/274651687_1103013873593657_6138068615965443694_n-548x365.jpg",548,365,true],"large":["https:\/\/arantv.az\/wp-content\/uploads\/2022\/03\/274651687_1103013873593657_6138068615965443694_n.jpg",620,413,false],"1536x1536":["https:\/\/arantv.az\/wp-content\/uploads\/2022\/03\/274651687_1103013873593657_6138068615965443694_n.jpg",620,413,false],"2048x2048":["https:\/\/arantv.az\/wp-content\/uploads\/2022\/03\/274651687_1103013873593657_6138068615965443694_n.jpg",620,413,false],"post-thumbnail":["https:\/\/arantv.az\/wp-content\/uploads\/2022\/03\/274651687_1103013873593657_6138068615965443694_n-240x172.jpg",240,172,true],"advps-thumb-one":["https:\/\/arantv.az\/wp-content\/uploads\/2022\/03\/274651687_1103013873593657_6138068615965443694_n.jpg",620,413,false]},"rttpg_author":{"display_name":"V\u00fcsal Rafiqo\u011flu","author_link":"https:\/\/arantv.az\/?author=2"},"rttpg_comment":0,"rttpg_category":"<a href=\"https:\/\/arantv.az\/?cat=6\" rel=\"category\">\u0130dman<\/a>","rttpg_excerpt":"26-28 fevral 2022-ci il tarixl\u0259rind\u0259, Bak\u0131 \u0130dman Saray\u0131nda Az\u0259rbaycan Respublikas\u0131 G\u0259ncl\u0259r v\u0259 \u0130dman Nazirliyi, Az\u0259rbaycan Qocyu-Ryu Okinava Karate-do v\u0259 Kempo Kobudo \u0130dman N\u00f6vl\u0259ri Federasiyas\u0131 t\u0259r\u0259find\u0259n \u201c\u015eu\u015fa ili\u201dn\u0259 h\u0259sr edilmi\u015f, U\u015faqlar, yeniyetm\u0259l\u0259r, g\u0259ncl\u0259r, b\u00f6y\u00fckl\u0259r v\u0259 veteranlar aras\u0131nda 26-c\u0131 a\u00e7\u0131q respublika \u00e7empionat\u0131 v\u0259 birinciliyi ke\u00e7irilib. Az\u0259rbaycan Kempo Federasiyas\u0131, D\u00fcnya Fudokan Federasiyas\u0131n\u0131n Az\u0259rbaycan Respublikas\u0131nda r\u0259smi v\u0259 s\u0259lahiyy\u0259tli n\u00fcmay\u0259nd\u0259liyi,\u00a0\u201cV&amp;A&hellip;","_links":{"self":[{"href":"https:\/\/arantv.az\/index.php?rest_route=\/wp\/v2\/posts\/445790"}],"collection":[{"href":"https:\/\/arantv.az\/index.php?rest_route=\/wp\/v2\/posts"}],"about":[{"href":"https:\/\/arantv.az\/index.php?rest_route=\/wp\/v2\/types\/post"}],"author":[{"embeddable":true,"href":"https:\/\/arantv.az\/index.php?rest_route=\/wp\/v2\/users\/2"}],"replies":[{"embeddable":true,"href":"https:\/\/arantv.az\/index.php?rest_route=%2Fwp%2Fv2%2Fcomments&post=445790"}],"version-history":[{"count":0,"href":"https:\/\/arantv.az\/index.php?rest_route=\/wp\/v2\/posts\/445790\/revisions"}],"wp:featuredmedia":[{"embeddable":true,"href":"https:\/\/arantv.az\/index.php?rest_route=\/wp\/v2\/media\/445791"}],"wp:attachment":[{"href":"https:\/\/arantv.az\/index.php?rest_route=%2Fwp%2Fv2%2Fmedia&parent=445790"}],"wp:term":[{"taxonomy":"category","embeddable":true,"href":"https:\/\/arantv.az\/index.php?rest_route=%2Fwp%2Fv2%2Fcategories&post=445790"},{"taxonomy":"post_tag","embeddable":true,"href":"https:\/\/arantv.az\/index.php?rest_route=%2Fwp%2Fv2%2Ftags&post=445790"}],"curies":[{"name":"wp","href":"https:\/\/api.w.org\/{rel}","templated":true}]}}