{"id":445793,"date":"2022-03-01T07:17:51","date_gmt":"2022-03-01T04:17:51","guid":{"rendered":"http:\/\/arantv.az\/?p=445793"},"modified":"2022-03-01T07:17:51","modified_gmt":"2022-03-01T04:17:51","slug":"qosulmama-h%c9%99r%c9%99kati-pandemiyanin-tezlikl%c9%99-aradan-qaldirilmasi-ucun-f%c9%99al-s%c9%99kild%c9%99-s%c9%99yl%c9%99rini-davam-etdirm%c9%99y%c9%99-hazirdir","status":"publish","type":"post","link":"https:\/\/arantv.az\/?p=445793","title":{"rendered":"Qo\u015fulmama H\u0259r\u0259kat\u0131 pandemiyan\u0131n tezlikl\u0259 aradan qald\u0131r\u0131lmas\u0131 \u00fc\u00e7\u00fcn f\u0259al \u015f\u0259kild\u0259 s\u0259yl\u0259rini davam etdirm\u0259y\u0259 haz\u0131rd\u0131r"},"content":{"rendered":"<p><strong><em>D\u00f6vl\u0259t ba\u015f\u00e7\u0131s\u0131 \u0130lham \u018fliyev BMT Ba\u015f Assambleyas\u0131n\u0131n s\u0259drinin t\u0259\u015fkil etdiyi y\u00fcks\u0259k s\u0259viyy\u0259li tematik m\u00fczakir\u0259l\u0259rd\u0259 t\u0259qdim edil\u0259n videoformatda \u00e7\u0131x\u0131\u015f\u0131nda bir daha bildirmi\u015fdir ki, b\u00fct\u00fcn \u00f6lk\u0259l\u0259rin, beyn\u0259lxalq t\u0259\u015fkilatlar\u0131n v\u0259 aidiyy\u0259ti t\u0259r\u0259fda\u015flar\u0131n milli, regional h\u00fcquqi \u00e7\u0259r\u00e7iv\u0259y\u0259 uy\u011fun olaraq peyv\u0259nd istehsal\u0131, paylan\u0131lmas\u0131, \u0259dal\u0259tli qiym\u0259t qoyulmas\u0131 m\u0259s\u0259l\u0259l\u0259rind\u0259 \u015f\u0259ffafl\u0131qla ba\u011fl\u0131 \u00f6hd\u0259lik g\u00f6t\u00fcrm\u0259l\u0259ri vacibdir<\/em><\/strong><\/p>\n<p>\u00abAz\u0259rbaycan pandemiya, \u201cpeyv\u0259nd mill\u0259t\u00e7iliyi\u201d v\u0259 peyv\u0259ndl\u0259rd\u0259n istifad\u0259 il\u0259 ba\u011fl\u0131 inki\u015faf etmi\u015f v\u0259 inki\u015faf etm\u0259kd\u0259 olan \u00f6lk\u0259l\u0259r aras\u0131nda qeyri-b\u0259rab\u0259rliy\u0259 qar\u015f\u0131 beyn\u0259lxalq h\u0259mr\u0259yliyin g\u00fccl\u0259ndirilm\u0259si istiqam\u0259tind\u0259 vacib qlobal t\u0259\u015f\u0259bb\u00fcsl\u0259rl\u0259 \u00e7\u0131x\u0131\u015f edib. BMT Ba\u015f Assambleyas\u0131n\u0131n X\u00fcsusi Sessiyas\u0131, peyv\u0259ndl\u0259rd\u0259n b\u0259rab\u0259r v\u0259 universal istifad\u0259nin t\u0259min edilm\u0259sin\u0259 dair q\u0259tnam\u0259l\u0259r bunun bariz n\u00fcmun\u0259sidir.\u00bb Fevral\u0131n 25-d\u0259 BMT Ba\u015f Assambleyas\u0131n\u0131n s\u0259drinin \u201cUniversal peyv\u0259ndl\u0259nm\u0259 \u00fc\u00e7\u00fcn s\u0259yl\u0259rin art\u0131r\u0131lmas\u0131\u201d m\u00f6vzusunda t\u0259\u015fkil etdiyi y\u00fcks\u0259k s\u0259viyy\u0259li tematik m\u00fczakir\u0259l\u0259rd\u0259 milli qisimd\u0259 v\u0259 Qo\u015fulmama H\u0259r\u0259kat\u0131n\u0131n s\u0259dri kimi H\u0259r\u0259kata \u00fczv d\u00f6vl\u0259tl\u0259r ad\u0131ndan videoformatda \u00e7\u0131x\u0131\u015f\u0131 t\u0259qdim olunan d\u00f6vl\u0259t ba\u015f\u00e7\u0131s\u0131 \u0130lham \u018fliyev, eyni zamanda, bildirmi\u015fdir ki, b\u00fct\u00fcn \u00f6lk\u0259l\u0259rin, beyn\u0259lxalq t\u0259\u015fkilatlar\u0131n v\u0259 aidiyy\u0259ti t\u0259r\u0259fda\u015flar\u0131n milli v\u0259 regional h\u00fcquqi \u00e7\u0259r\u00e7iv\u0259y\u0259 uy\u011fun olaraq peyv\u0259nd istehsal\u0131, paylan\u0131lmas\u0131 v\u0259 \u0259dal\u0259tli qiym\u0259t qoyulmas\u0131 m\u0259s\u0259l\u0259l\u0259rind\u0259 \u015f\u0259ffafl\u0131qla ba\u011fl\u0131 \u00f6hd\u0259lik g\u00f6t\u00fcrm\u0259l\u0259ri vacibdir. COVID-19 \u0259leyhin\u0259 peyv\u0259ndl\u0259rin m\u0259qbul qiym\u0259t\u0259, vaxt\u0131nda, b\u0259rab\u0259r v\u0259 universal \u0259l\u00e7atanl\u0131\u011f\u0131na mane ola bil\u0259c\u0259k m\u00f6ht\u0259kirliyin, laz\u0131ms\u0131z ixrac n\u0259zar\u0259tinin v\u0259 l\u00fczumsuz art\u0131q t\u0259dar\u00fck\u00fcn qar\u015f\u0131s\u0131n\u0131n al\u0131nmas\u0131 il\u0259 ba\u011fl\u0131 \u00f6lk\u0259l\u0259r t\u0259r\u0259find\u0259n t\u0259cili add\u0131mlar\u0131n at\u0131lmas\u0131 eyni d\u0259r\u0259c\u0259d\u0259 \u0259h\u0259miyy\u0259tlidir.<\/p>\n<p>D\u00f6vl\u0259t ba\u015f\u00e7\u0131s\u0131 \u0130lham \u018fliyev fevral\u0131n 23-d\u0259 Rusiya Federasiyas\u0131na r\u0259smi s\u0259f\u0259ri \u00e7\u0259r\u00e7iv\u0259sind\u0259 TASS agentliyind\u0259 bu \u00f6lk\u0259nin apar\u0131c\u0131 k\u00fctl\u0259vi informasiya vasit\u0259l\u0259rinin r\u0259hb\u0259rl\u0259ri il\u0259 g\u00f6r\u00fc\u015f\u00fcnd\u0259 d\u0259 Az\u0259rbaycan\u0131n \u00f6lk\u0259 daxilind\u0259 v\u0259 beyn\u0259lxalq s\u0259viyy\u0259d\u0259 h\u0259yata ke\u00e7irdiyi t\u0259dbirl\u0259rd\u0259n geni\u015f b\u0259hs ed\u0259r\u0259k bu m\u0259qamlara x\u00fcsusi diqq\u0259t y\u00f6n\u0259ltmi\u015fdir ki, Az\u0259rbaycan beyn\u0259lxalq s\u0259viyy\u0259d\u0259 d\u0259 h\u0259m k\u00f6m\u0259k ed\u0259n, h\u0259m d\u0259 \u201cvaksin mill\u0259t\u00e7iliyi\u201dn\u0259 qar\u015f\u0131 \u00e7ox f\u0259al \u00e7\u0131x\u0131\u015f ed\u0259n azsayl\u0131 \u00f6lk\u0259l\u0259rd\u0259n biridir. \u0130nki\u015faf etm\u0259kd\u0259 olan \u00f6lk\u0259l\u0259r aras\u0131nda vaksinasiya s\u0259viyy\u0259si inki\u015faf etmi\u015f \u00f6lk\u0259l\u0259rl\u0259 m\u00fcqayis\u0259d\u0259 onlarla d\u0259f\u0259 a\u015fa\u011f\u0131d\u0131r.<\/p>\n<p>\u00d6lk\u0259miz koronavirus infeksiyas\u0131na qar\u015f\u0131 m\u00fcbariz\u0259 t\u0259dbirl\u0259rin\u0259 ba\u015fland\u0131\u011f\u0131 ilk g\u00fcnd\u0259n bu \u00e7a\u011f\u0131r\u0131\u015f\u0131 etdi ki, COVID-19 pandemiyas\u0131 qlobal t\u0259hl\u00fck\u0259 oldu\u011fu \u00fc\u00e7\u00fcn qlobal cavab t\u0259l\u0259b edir. Pandemiyan\u0131n ilk g\u00fcnl\u0259rind\u0259n etibar\u0259n b\u0259zi \u00f6lk\u0259l\u0259rin v\u0259 beyn\u0259lxalq t\u0259\u015fkilatlar\u0131n koronavirus qar\u015f\u0131s\u0131nda \u00e7a\u015fq\u0131n qalmas\u0131n\u0131n, \u00f6z\u00fcn\u0259qapanma yolunu se\u00e7m\u0259sinin \u015fahidi olduq. D\u00f6vl\u0259t ba\u015f\u00e7\u0131s\u0131 \u0130lham \u018fliyevin t\u0259\u015f\u0259bb\u00fcs\u00fc il\u0259 T\u00fcrk \u015euras\u0131n\u0131n, Qo\u015fulmama H\u0259r\u0259kat\u0131n\u0131n Zirv\u0259 g\u00f6r\u00fc\u015fl\u0259ri, BMT Ba\u015f Assambleyas\u0131n\u0131n X\u00fcsusi Sessiyas\u0131 ke\u00e7irildi. Bu inam da ifad\u0259 edildi ki, \u00f6lk\u0259l\u0259rimiz v\u0259 xalqlar\u0131m\u0131z bu a\u011f\u0131r v\u0259ziyy\u0259tin \u00f6hd\u0259sind\u0259n layiqinc\u0259 g\u0259l\u0259c\u0259k v\u0259 pandemiyaya qar\u015f\u0131 qlobal m\u00fcbariz\u0259y\u0259 \u00f6z layiqli t\u00f6hf\u0259sini ver\u0259c\u0259k. Qo\u015fulmama H\u0259r\u0259kat\u0131n\u0131n \u201cCOVID-19-a qar\u015f\u0131 birlikd\u0259yik\u201d m\u00f6vzusunda ke\u00e7irdiyi Zirv\u0259 G\u00f6r\u00fc\u015f\u00fcnd\u0259 d\u0259 d\u00f6vl\u0259t ba\u015f\u00e7\u0131s\u0131 bildirmi\u015fdir ki, yaln\u0131z qar\u015f\u0131l\u0131ql\u0131 d\u0259st\u0259k, \u00f6z\u00fcn\u0259qapanmama v\u0259 birg\u0259 s\u0259yl\u0259rl\u0259 bu virusa qalib g\u0259l\u0259 bil\u0259rik.<\/p>\n<p>Ger\u00e7\u0259kl\u0259\u015fdiril\u0259n h\u0259r bir beyn\u0259lxalq \u0259h\u0259miyy\u0259tli t\u0259dbir \u0259hat\u0259 etdiyi m\u00f6vzu il\u0259 yana\u015f\u0131, bu t\u0259\u015f\u0259bb\u00fcs\u00fc ir\u0259li s\u00fcr\u0259n d\u00f6vl\u0259tin, \u00f6lk\u0259 ba\u015f\u00e7\u0131s\u0131n\u0131n beyn\u0259lxalq al\u0259md\u0259 n\u00fcfuzuna da ayd\u0131nl\u0131q g\u0259tirir. Az\u0259rbaycan\u0131n bu g\u00fcn beyn\u0259lxalq m\u00fcnasib\u0259tl\u0259r sistemind\u0259 yeri v\u0259 rolu g\u00f6z qaba\u011f\u0131ndad\u0131r. D\u00f6vl\u0259t ba\u015f\u00e7\u0131s\u0131 \u0130lham \u018fliyevin t\u0259qdim edil\u0259n videoformatda \u00e7\u0131x\u0131\u015f\u0131 da bu kimi m\u0259qamlara i\u015f\u0131q sal\u0131r. C\u0259nab \u0130lham \u018fliyev Qo\u015fulmama H\u0259r\u0259kat\u0131na \u00fczv d\u00f6vl\u0259tl\u0259r ad\u0131ndan \u00e7\u0131x\u0131\u015f etm\u0259kd\u0259n \u015f\u0259r\u0259f duydu\u011funu \u00f6n\u0259 \u00e7\u0259k\u0259r\u0259k qeyd etmi\u015fdir ki, bu toplant\u0131 d\u00fcnyada COVID-19 \u0259leyhin\u0259 keyfiyy\u0259tli, t\u0259hl\u00fck\u0259siz, effektiv v\u0259 m\u0259qbul qiym\u0259t\u0259 olan peyv\u0259ndl\u0259rd\u0259n istifad\u0259 m\u0259qs\u0259dil\u0259 b\u0259rab\u0259r imkanlar\u0131n t\u0259min edilm\u0259si il\u0259 ba\u011fl\u0131 probleml\u0259rin davam etdiyi vaxta t\u0259sad\u00fcf edir. Az\u0259rbaycan COVID-19 il\u0259 qlobal m\u00fcbariz\u0259, onun n\u0259zar\u0259t alt\u0131nda saxlan\u0131lmas\u0131 v\u0259 yay\u0131lmas\u0131n\u0131n qar\u015f\u0131s\u0131n\u0131n al\u0131nmas\u0131, habel\u0259 d\u00f6vl\u0259tl\u0259r\u0259 d\u0259st\u0259yin verilm\u0259si \u00fczr\u0259 s\u0259yl\u0259rin \u0259laq\u0259l\u0259ndirilm\u0259sind\u0259 BMT sisteminin fundamental rolunu vur\u011fulay\u0131r.<\/p>\n<p>O da m\u0259lumdur ki, pandemiyan\u0131n ba\u015flad\u0131\u011f\u0131 d\u00f6vrd\u0259n Qo\u015fulmama H\u0259r\u0259kat\u0131 multilateralizm, \u0259m\u0259kda\u015fl\u0131q v\u0259 h\u0259mr\u0259ylik ruhunda geni\u015f beyn\u0259lxalq ictimaiyy\u0259tin s\u0259yl\u0259rini f\u0259al \u015f\u0259kild\u0259 s\u0259f\u0259rb\u0259r ed\u0259r\u0259k, pandemiya il\u0259 m\u00fcbariz\u0259 v\u0259 onun m\u0259nfi n\u0259tic\u0259l\u0259rinin aradan qald\u0131r\u0131lmas\u0131 bax\u0131m\u0131ndan bir s\u0131ra u\u011furlu t\u0259\u015f\u0259bb\u00fcsl\u0259r ir\u0259li s\u00fcrm\u00fc\u015fd\u00fcr. 2020-ci ilin dekabr\u0131nda BMT Ba\u015f Assambleyas\u0131n\u0131n COVID-19 pandemiyas\u0131 il\u0259 m\u00fcbariz\u0259y\u0259 h\u0259sr edilmi\u015f X\u00fcsusi Sessiyas\u0131n\u0131n ke\u00e7irilm\u0259si, habel\u0259 \u00f6t\u0259n ilin mart v\u0259 dekabr aylar\u0131nda \u0130nsan H\u00fcquqlar\u0131 \u015euras\u0131 v\u0259 Ba\u015f Assambleya t\u0259r\u0259find\u0259n q\u0259bul edilmi\u015f \u201cCOVID-19 pandemiyas\u0131 il\u0259 m\u00fcbariz\u0259d\u0259 b\u00fct\u00fcn \u00f6lk\u0259l\u0259r \u00fc\u00e7\u00fcn peyv\u0259ndl\u0259r\u0259 b\u0259rab\u0259r, m\u0259qbul qiym\u0259t\u0259, vaxt\u0131nda v\u0259 universal \u0259l\u00e7atanl\u0131\u011f\u0131n t\u0259min edilm\u0259si\u201dn\u0259 dair q\u0259tnam\u0259l\u0259r Qo\u015fulmama H\u0259r\u0259kat\u0131na \u00fczv d\u00f6vl\u0259tl\u0259r ad\u0131ndan ir\u0259li s\u00fcr\u00fclm\u00fc\u015fd\u00fcr.<\/p>\n<p>G\u00fcn\u00fcm\u00fcz\u00fcn reall\u0131\u011f\u0131 budur ki, m\u00fcst\u0259qil xarici siyas\u0259ti il\u0259 davaml\u0131 u\u011furlara imza atan Az\u0259rbaycan regional inki\u015faf\u0131n apar\u0131c\u0131 q\u00fcvv\u0259sin\u0259 \u00e7evrilib, d\u00fcnya birliyind\u0259 etibarl\u0131 t\u0259r\u0259fda\u015f kimi n\u00fcfuz qazan\u0131b. D\u00f6vl\u0259t ba\u015f\u00e7\u0131s\u0131 \u0130lham \u018fliyevin \u00e7\u0131x\u0131\u015flar\u0131n\u0131n mahiyy\u0259tind\u0259 bu m\u0259qam da yer al\u0131r ki, Az\u0259rbaycan\u0131n s\u00f6z\u00fc imzas\u0131 q\u0259d\u0259r \u0259h\u0259miyy\u0259tlidir. \u00d6lk\u0259mizin, d\u00f6vl\u0259t ba\u015f\u00e7\u0131s\u0131 \u0130lham \u018fliyevin t\u0259\u015f\u0259bb\u00fcs\u00fc il\u0259 ger\u00e7\u0259kl\u0259\u015f\u0259n h\u0259r bir beyn\u0259lxalq t\u0259dbir d\u00f6vl\u0259tl\u0259r, xalqlar aras\u0131nda \u0259laq\u0259l\u0259ri daha da m\u00f6hk\u0259ml\u0259ndirir, birliy\u0259, h\u0259mr\u0259yliy\u0259 b\u00f6y\u00fck t\u00f6hf\u0259 verir. 44 g\u00fcnl\u00fck m\u00fcharib\u0259d\u0259 Az\u0259rbaycan\u0131n h\u0259rbi v\u0259 siyasi q\u0259l\u0259b\u0259si xarici siyas\u0259tind\u0259 \u00f6n\u0259m verdiyi bu prinsipl\u0259r\u0259 bir daha i\u015f\u0131q sald\u0131: Beyn\u0259lxalq h\u00fcququn norma v\u0259 prinsipl\u0259ri \u0259sasd\u0131r, b\u00fct\u00fcn d\u00f6vl\u0259tl\u0259rl\u0259 b\u0259rab\u0259rh\u00fcquqlu, qar\u015f\u0131l\u0131ql\u0131 h\u00f6rm\u0259t v\u0259 maraqlar \u0259sas\u0131nda \u0259laq\u0259l\u0259r qurulur, Az\u0259rbaycan he\u00e7 bir d\u00f6vl\u0259tin dikt\u0259si il\u0259 oturub durmur, siyas\u0259tind\u0259 m\u00fcst\u0259qildir v\u0259 d\u00f6vl\u0259t maraqlar\u0131 \u00f6nd\u0259 dayan\u0131r. \u0130st\u0259r \u00f6lk\u0259, ist\u0259rs\u0259 d\u0259 beyn\u0259lxalq ekspertl\u0259r bu reall\u0131\u011f\u0131 da qeyd edirl\u0259r ki, ir\u0259li s\u00fcr\u00fcl\u0259n t\u0259\u015f\u0259bb\u00fcsl\u0259rin d\u0259st\u0259kl\u0259nm\u0259sind\u0259 Az\u0259rbaycan Prezidentinin \u015f\u0259xsi n\u00fcfuzu da \u0259sas rol oynay\u0131r. Prezident \u0130lham \u018fliyevin q\u0259tiyy\u0259ti say\u0259sind\u0259 Az\u0259rbaycan yeni reall\u0131qlar, b\u00f6lg\u0259d\u0259 yeni \u0259m\u0259kda\u015fl\u0131q format\u0131 yaratd\u0131. M\u00fcst\u0259qilliyinin 30 ilini arxada qoyan g\u0259nc bir d\u00f6vl\u0259tin d\u00fcnyan\u0131n xarici siyas\u0259tini yenid\u0259n formala\u015fd\u0131rmas\u0131 c\u0259nab \u0130lham \u018fliyevin q\u0259tiyy\u0259tinin, siyasi irad\u0259sinin n\u0259tic\u0259sidir. Az\u0259rbaycan d\u00fcnyada qlobal probleml\u0259rin h\u0259llin\u0259 t\u00f6hf\u0259 verm\u0259y\u0259 qadir \u00f6lk\u0259 kimi tan\u0131n\u0131r v\u0259 n\u00fcfuz qazan\u0131r.<\/p>\n<p>Xat\u0131rlasaq \u00f6t\u0259n il sayca s\u0259kkizinci olan Bak\u0131 Qlobal Forumunda qlobal \u0259h\u0259miyy\u0259t k\u0259sb ed\u0259n m\u0259s\u0259l\u0259l\u0259rin m\u00fczakir\u0259si m\u0259qs\u0259dil\u0259 d\u00fcnyan\u0131n 40-dan \u00e7ox \u00f6lk\u0259sind\u0259n ali v\u0259 y\u00fcks\u0259k s\u0259viyy\u0259li n\u00fcmay\u0259nd\u0259l\u0259rin, sabiq d\u00f6vl\u0259t v\u0259 h\u00f6kum\u0259t ba\u015f\u00e7\u0131lar\u0131n\u0131n, beyn\u0259lxalq v\u0259 qeyri-h\u00f6kum\u0259t t\u0259\u015fkilatlar\u0131n\u0131n t\u0259msil\u00e7il\u0259rinin, el\u0259c\u0259 d\u0259 dig\u0259r n\u00fcfuzlu qonaqlar\u0131n i\u015ftirak\u0131, h\u0259m\u00e7inin hibrid formatda t\u0259\u015fkil edil\u0259n t\u0259dbir\u0259 300-\u0259 yax\u0131n qona\u011f\u0131n canl\u0131 v\u0259 onlayn qo\u015fulmas\u0131 da haz\u0131rk\u0131 postm\u00fcnaqi\u015f\u0259 d\u00f6vr\u00fcn\u00fcn reall\u0131qlar\u0131n\u0131n t\u0259hlilind\u0259 \u0259h\u0259miyy\u0259tli rol oynad\u0131. \u201cCOVID-19-dan sonrak\u0131 d\u00fcnya\u201d m\u00f6vzusuna h\u0259sr olunan Forum bir daha d\u00fcnyan\u0131 c\u0259ngin\u0259 alm\u0131\u015f koronavirus infeksiyas\u0131 il\u0259 m\u00fcbariz\u0259d\u0259 Az\u0259rbaycan\u0131n ist\u0259r \u00f6lk\u0259daxili, ist\u0259rs\u0259 d\u0259 beyn\u0259lxalq s\u0259viyy\u0259d\u0259 ke\u00e7irdiyi t\u0259dbirl\u0259r\u0259 i\u015f\u0131q sald\u0131. COVID-19-la m\u00fcbariz\u0259 t\u0259dbirl\u0259ri \u0130kinci Qaraba\u011f m\u00fcharib\u0259si il\u0259 eyni vaxtlara t\u0259sad\u00fcf etdiyind\u0259n Az\u0259rbaycan\u0131n d\u00fcnyaya n\u00fcmun\u0259 olan davran\u0131\u015f\u0131, s\u0259yl\u0259ri, birlik, h\u0259mr\u0259ylik \u00e7a\u011f\u0131r\u0131\u015flar\u0131 diqq\u0259td\u0259n k\u0259narda qala bilm\u0259z. \u018fvv\u0259ld\u0259 d\u0259 qeyd etdiyimiz kimi, Az\u0259rbaycan \u201cpeyv\u0259nd mill\u0259t\u00e7iliyi\u201dn\u0259 qar\u015f\u0131 \u0259n k\u0259skin m\u00fcbariz\u0259 aparan, pandemiyan\u0131n qar\u015f\u0131s\u0131n\u0131n al\u0131nmas\u0131 \u00fc\u00e7\u00fcn real i\u015f g\u00f6r\u0259n \u00f6lk\u0259l\u0259rd\u0259n biri kimi tan\u0131n\u0131r.<\/p>\n<p>Az\u0259rbaycan\u0131n koronavirus infeksiyas\u0131 il\u0259 m\u00fcbariz\u0259y\u0259 t\u00f6hf\u0259l\u0259ri davaml\u0131l\u0131\u011f\u0131 il\u0259 diqq\u0259t \u00e7\u0259kir. Videoformatda t\u0259qdim olunan \u00e7\u0131x\u0131\u015f\u0131nda \u00f6lk\u0259mizd\u0259 virusla m\u00fcbariz\u0259 sah\u0259sind\u0259 h\u0259yata ke\u00e7iril\u0259n davaml\u0131 t\u0259dbirl\u0259rd\u0259n geni\u015f b\u0259hs ed\u0259n c\u0259nab \u0130lham \u018fliyev diqq\u0259ti bu m\u0259qamlara y\u00f6n\u0259ltdi ki, Az\u0259rbaycan bu x\u0259st\u0259liyin, b\u00f6hran\u0131n ba\u015f qald\u0131rd\u0131\u011f\u0131 vaxtdan, lap \u0259vv\u0259ld\u0259n h\u0259m \u00f6lk\u0259 daxilind\u0259, h\u0259m d\u0259 beyn\u0259lxalq s\u0259viyy\u0259d\u0259 \u00e7ox f\u0259al add\u0131mlar at\u0131b. Peyv\u0259ndl\u0259nm\u0259 kampaniyas\u0131na 2021-ci ilin yanvar\u0131nda ba\u015flam\u0131\u015f\u0131q. Bu g\u00fcn\u0259d\u0259k \u00f6lk\u0259d\u0259 yetkin \u0259halinin 68 faizin\u0259 peyv\u0259ndin h\u0259r iki dozas\u0131 vurulub. COVID-d\u0259n \u0259ziyy\u0259t \u00e7\u0259kmi\u015f \u0259hali v\u0259 sahibkarl\u0131q subyektl\u0259rinin d\u0259st\u0259kl\u0259nm\u0259si \u00fc\u00e7\u00fcn bu ilin d\u00f6vl\u0259t b\u00fcdc\u0259sind\u0259n 1.6 milyard AB\u015e dollar\u0131 m\u0259bl\u0259\u011find\u0259 maliyy\u0259 yard\u0131m\u0131 ayr\u0131l\u0131b. H\u0259mr\u0259ylik \u0259lam\u0259ti olaraq koronavirusla m\u00fcbariz\u0259ni d\u0259st\u0259kl\u0259m\u0259k m\u0259qs\u0259dil\u0259 Az\u0259rbaycan birba\u015fa v\u0259 ya \u00dcmumd\u00fcnya S\u0259hiyy\u0259 T\u0259\u015fkilat\u0131 vasit\u0259sil\u0259 80-\u0259 q\u0259d\u0259r \u00f6lk\u0259y\u0259 maliyy\u0259 v\u0259 humanitar yard\u0131m\u0131 etmi\u015fdir. Bununla yana\u015f\u0131, 5 \u00f6lk\u0259y\u0259 peyv\u0259nd ian\u0259si edilib v\u0259 bu i\u015f davam etdiril\u0259c\u0259k. Haz\u0131rda Qo\u015fulmama H\u0259r\u0259kat\u0131na \u00fczv olan 14 \u00f6lk\u0259y\u0259 t\u0259qrib\u0259n bir milyon doza peyv\u0259ndin ian\u0259 edilm\u0259si prosesi davam edir.<\/p>\n<p>Az\u0259rbaycan pandemiya ba\u015flayandan \u00dcmumd\u00fcnya S\u0259hiyy\u0259 T\u0259\u015fkilat\u0131 il\u0259 s\u0131x t\u0259masdad\u0131r. \u00dcmumd\u00fcnya S\u0259hiyy\u0259 T\u0259\u015fkilat\u0131 Az\u0259rbaycan\u0131 pandemiya il\u0259 m\u00fcbariz\u0259d\u0259 n\u00fcmun\u0259vi \u00f6lk\u0259 adland\u0131rm\u0131\u015fd\u0131r. Peyv\u0259ndl\u0259m\u0259 prosesin\u0259 ba\u015fland\u0131\u011f\u0131 g\u00fcnd\u0259n c\u0259nab \u0130lham \u018fliyevin n\u00fcfuzlu media orqanlar\u0131 vasit\u0259sil\u0259 d\u00fcnyaya \u00fcnvanlad\u0131\u011f\u0131 mesajlarda vaksinasiya il\u0259 ba\u011fl\u0131 ya\u015fanan m\u0259nz\u0259r\u0259 \u00f6z \u0259ksini tap\u0131b. \u00abVaksin m\u0259s\u0259l\u0259sin\u0259 g\u0259ldikd\u0259, dem\u0259liy\u0259m ki, pandemiyan\u0131n lap \u0259vv\u0259lind\u0259n biz v\u0259ziyy\u0259ti n\u0259zar\u0259td\u0259 saxlay\u0131r\u0131q\u2026 Biz h\u0259m d\u0259 C\u0259nubi Qafqazda peyv\u0259ndl\u0259m\u0259y\u0259 ba\u015flam\u0131\u015f birinci \u00f6lk\u0259yik\u00bb s\u00f6yl\u0259y\u0259n \u00f6lk\u0259 Prezidenti \u0130lham \u018fliyev h\u0259r zaman birliyin, h\u0259mr\u0259yliyin bu qlobal problemin h\u0259llind\u0259 rolunu x\u00fcsusi vur\u011fulay\u0131r. C\u0259nab \u0130lham \u018fliyev \u00f6zl\u00fcy\u00fcnd\u0259 ortaya \u00e7\u0131xan \u00abB\u0259s, v\u0259saiti olmayanlar n\u0259 etsinl\u0259r\u00bb sual\u0131na cavab olaraq bildirir ki, bu adamlar \u00f6lm\u0259lidirl\u0259r? Dem\u0259li, varl\u0131lar \u00f6zl\u0259rini peyv\u0259ndl\u0259y\u0259c\u0259k, b\u00fct\u00fcn istehsal\u0131 \u00f6zl\u0259rin\u0259 g\u00f6t\u00fcr\u0259c\u0259k, elementar insan davran\u0131\u015f\u0131 qaydalar\u0131na tam etinas\u0131zl\u0131q g\u00f6st\u0259r\u0259c\u0259k, yoxsul \u00f6lk\u0259l\u0259r is\u0259 \u0259ziyy\u0259t \u00e7\u0259km\u0259li olacaqlar: \u00abBiz hans\u0131 b\u0259rab\u0259rlikd\u0259n dan\u0131\u015f\u0131r\u0131q? M\u0259n BMT Ba\u015f Assambleyas\u0131n\u0131n x\u00fcsusi sessiyas\u0131nda bu m\u0259s\u0259l\u0259ni qald\u0131rm\u0131\u015fam v\u0259 bu g\u00fcn Qo\u015fulmama H\u0259r\u0259kat\u0131 \u00e7\u0259r\u00e7iv\u0259sind\u0259 bu m\u0259s\u0259l\u0259 bar\u0259d\u0259 f\u0259al diskussiya apar\u0131r\u0131q. Bir \u00e7ox \u00f6lk\u0259l\u0259r m\u0259nim t\u0259\u015f\u0259bb\u00fcs\u00fcm\u00fc d\u0259st\u0259kl\u0259yibl\u0259r. Haz\u0131rda \u0259lav\u0259 m\u0259sl\u0259h\u0259tl\u0259\u015fm\u0259l\u0259r apar\u0131l\u0131r v\u0259 biz \u0259m\u0259li i\u015f\u0259 ke\u00e7m\u0259liyik. \u015eablon b\u0259yanatlar s\u0259sl\u0259ndirm\u0259k kifay\u0259tdir, onlar\u0131n arxas\u0131nda he\u00e7 bir i\u015f dayanm\u0131r.\u00bb<\/p>\n<p>BMT Ba\u015f Assambleyas\u0131n\u0131n s\u0259drinin \u201cUniversal peyv\u0259ndl\u0259nm\u0259 \u00fc\u00e7\u00fcn s\u0259yl\u0259rin art\u0131r\u0131lmas\u0131\u201d m\u00f6vzusunda t\u0259\u015fkil etdiyi y\u00fcks\u0259k s\u0259viyy\u0259li tematik m\u00fczakir\u0259l\u0259rd\u0259 d\u0259 m\u0259qs\u0259d m\u00f6vcud problemin aradan qald\u0131r\u0131lmas\u0131na t\u00f6hf\u0259l\u0259r verm\u0259kdir. Az\u0259rbaycan COVID-19 peyv\u0259ndl\u0259rini ian\u0259 ed\u0259n \u00f6lk\u0259l\u0259rin s\u0259yl\u0259rini alq\u0131\u015flay\u0131r v\u0259 b\u00fct\u00fcn d\u00f6vl\u0259tl\u0259r\u0259 buna ehtiyac\u0131 olan az v\u0259 orta g\u0259lirli \u00f6lk\u0259l\u0259rl\u0259 peyv\u0259nd dozalar\u0131n\u0131 b\u00f6l\u00fc\u015fm\u0259yi f\u0259al \u015f\u0259kild\u0259 t\u0259\u015fviq edir. Bu kontekstd\u0259 Az\u0259rbaycan b\u00fct\u00fcn \u00f6lk\u0259l\u0259r \u00fc\u00e7\u00fcn COVID-19 peyv\u0259ndl\u0259rinin m\u0259qbul qiym\u0259t\u0259, b\u0259rab\u0259r, universal v\u0259 vaxt\u0131nda \u0259l\u00e7atanl\u0131\u011f\u0131n t\u0259min olunmas\u0131na xidm\u0259t ed\u0259n COVAX Mexanizmi, COVAX \u00d6nc\u0259d\u0259n Bazar \u00d6hd\u0259liyi, COVAX \u00d6nc\u0259d\u0259n Bazar \u00d6hd\u0259liyi Forumu v\u0259 dig\u0259r aidiyy\u0259ti konstruktiv t\u0259\u015f\u0259bb\u00fcsl\u0259ri y\u00fcks\u0259k qiym\u0259tl\u0259ndirir v\u0259 d\u0259st\u0259kl\u0259yir. Bundan \u0259lav\u0259, Az\u0259rbaycan BMT s\u00fclhm\u0259raml\u0131lar\u0131n\u0131n m\u00fcr\u0259kk\u0259b v\u0259ziyy\u0259tl\u0259 \u00fczl\u0259\u015fdiyini n\u0259z\u0259r\u0259 alaraq, BMT-nin s\u00fclhm\u0259raml\u0131 \u0259m\u0259liyyatlar\u0131na COVID-19 \u0259leyhin\u0259 peyv\u0259nd ian\u0259 ed\u0259n \u00f6lk\u0259l\u0259rin s\u0259yl\u0259rini alq\u0131\u015flay\u0131r.<\/p>\n<p>Ke\u00e7iril\u0259n h\u0259r bir t\u0259dbir, m\u00fczakir\u0259 Az\u0259rbaycan\u0131n ir\u0259li s\u00fcrd\u00fcy\u00fc t\u0259\u015f\u0259bb\u00fcsl\u0259r\u0259 d\u0259st\u0259yin ifad\u0259sidir. S\u0259sl\u0259ndiril\u0259n \u0259minlik bundan ibar\u0259tdir ki, tezlikl\u0259 pandemiya il\u0259 m\u00fcbariz\u0259 ba\u015fa \u00e7atacaq, \u00f6lk\u0259l\u0259r, xalqlar \u00f6z \u0259vv\u0259lki h\u0259yatlar\u0131na qay\u0131dacaqlar. S\u0259yl\u0259rin birl\u0259\u015fdirilm\u0259si postpandemiya d\u00f6vr\u00fcn\u00fcn d\u0259 \u0259sas \u00e7a\u011f\u0131r\u0131\u015f\u0131 olacaq. Qo\u015fulmama H\u0259r\u0259kat\u0131 pandemiyan\u0131n tezlikl\u0259 aradan qald\u0131r\u0131lmas\u0131 v\u0259 effektiv b\u0259rpa prosesin\u0259 imkan yaradacaq beyn\u0259lxalq h\u0259mr\u0259yliyin g\u00fccl\u0259ndirilm\u0259si \u00fc\u00e7\u00fcn f\u0259al \u015f\u0259kild\u0259 s\u0259yl\u0259rini davam etdirm\u0259y\u0259 haz\u0131rd\u0131r. Bu m\u0259nada Qo\u015fulmama H\u0259r\u0259kat\u0131 postpandemiya d\u00f6vr\u00fcn\u00fcn b\u0259rpa ehtiyaclar\u0131 il\u0259 ba\u011fl\u0131 n\u0259tic\u0259y\u00f6n\u00fcml\u00fc t\u0259\u015f\u0259bb\u00fcsl\u0259rl\u0259 \u00e7\u0131x\u0131\u015f ed\u0259c\u0259k.<\/p>\n","protected":false},"excerpt":{"rendered":"<p>D\u00f6vl\u0259t ba\u015f\u00e7\u0131s\u0131 \u0130lham \u018fliyev BMT Ba\u015f Assambleyas\u0131n\u0131n s\u0259drinin t\u0259\u015fkil etdiyi y\u00fcks\u0259k s\u0259viyy\u0259li tematik m\u00fczakir\u0259l\u0259rd\u0259 t\u0259qdim edil\u0259n videoformatda \u00e7\u0131x\u0131\u015f\u0131nda bir daha bildirmi\u015fdir ki, b\u00fct\u00fcn \u00f6lk\u0259l\u0259rin, beyn\u0259lxalq t\u0259\u015fkilatlar\u0131n v\u0259 aidiyy\u0259ti t\u0259r\u0259fda\u015flar\u0131n milli, regional h\u00fcquqi \u00e7\u0259r\u00e7iv\u0259y\u0259 uy\u011fun olaraq peyv\u0259nd istehsal\u0131, paylan\u0131lmas\u0131, \u0259dal\u0259tli qiym\u0259t qoyulmas\u0131 m\u0259s\u0259l\u0259l\u0259rind\u0259 \u015f\u0259ffafl\u0131qla ba\u011fl\u0131 \u00f6hd\u0259lik g\u00f6t\u00fcrm\u0259l\u0259ri vacibdir \u00abAz\u0259rbaycan pandemiya, \u201cpeyv\u0259nd mill\u0259t\u00e7iliyi\u201d v\u0259 peyv\u0259ndl\u0259rd\u0259n istifad\u0259 il\u0259 ba\u011fl\u0131 inki\u015faf etmi\u015f v\u0259 inki\u015faf etm\u0259kd\u0259 olan \u00f6lk\u0259l\u0259r aras\u0131nda qeyri-b\u0259rab\u0259rliy\u0259 qar\u015f\u0131 beyn\u0259lxalq h\u0259mr\u0259yliyin g\u00fccl\u0259ndirilm\u0259si istiqam\u0259tind\u0259 vacib qlobal t\u0259\u015f\u0259bb\u00fcsl\u0259rl\u0259 \u00e7\u0131x\u0131\u015f edib. BMT Ba\u015f Assambleyas\u0131n\u0131n X\u00fcsusi Sessiyas\u0131, peyv\u0259ndl\u0259rd\u0259n b\u0259rab\u0259r v\u0259 universal istifad\u0259nin t\u0259min edilm\u0259sin\u0259 dair q\u0259tnam\u0259l\u0259r bunun&hellip;<\/p>\n","protected":false},"author":2,"featured_media":445794,"comment_status":"closed","ping_status":"closed","sticky":false,"template":"","format":"standard","meta":{"om_disable_all_campaigns":false,"_monsterinsights_skip_tracking":false,"_monsterinsights_sitenote_active":false,"_monsterinsights_sitenote_note":"","_monsterinsights_sitenote_category":0},"categories":[8],"tags":[],"aioseo_notices":[],"gutentor_comment":0,"rttpg_featured_image_url":{"full":["https:\/\/arantv.az\/wp-content\/uploads\/2022\/03\/6516c287164605798734166345410361339.jpg",975,540,false],"landscape":["https:\/\/arantv.az\/wp-content\/uploads\/2022\/03\/6516c287164605798734166345410361339.jpg",975,540,false],"portraits":["https:\/\/arantv.az\/wp-content\/uploads\/2022\/03\/6516c287164605798734166345410361339.jpg",975,540,false],"thumbnail":["https:\/\/arantv.az\/wp-content\/uploads\/2022\/03\/6516c287164605798734166345410361339-500x280.jpg",500,280,true],"medium":["https:\/\/arantv.az\/wp-content\/uploads\/2022\/03\/6516c287164605798734166345410361339-660x365.jpg",660,365,true],"large":["https:\/\/arantv.az\/wp-content\/uploads\/2022\/03\/6516c287164605798734166345410361339-840x465.jpg",640,354,true],"1536x1536":["https:\/\/arantv.az\/wp-content\/uploads\/2022\/03\/6516c287164605798734166345410361339.jpg",975,540,false],"2048x2048":["https:\/\/arantv.az\/wp-content\/uploads\/2022\/03\/6516c287164605798734166345410361339.jpg",975,540,false],"post-thumbnail":["https:\/\/arantv.az\/wp-content\/uploads\/2022\/03\/6516c287164605798734166345410361339-240x172.jpg",240,172,true],"advps-thumb-one":["https:\/\/arantv.az\/wp-content\/uploads\/2022\/03\/6516c287164605798734166345410361339.jpg",975,540,false]},"rttpg_author":{"display_name":"V\u00fcsal Rafiqo\u011flu","author_link":"https:\/\/arantv.az\/?author=2"},"rttpg_comment":0,"rttpg_category":"<a href=\"https:\/\/arantv.az\/?cat=8\" rel=\"category\">\u018fsas s\u0259hif\u0259<\/a>","rttpg_excerpt":"D\u00f6vl\u0259t ba\u015f\u00e7\u0131s\u0131 \u0130lham \u018fliyev BMT Ba\u015f Assambleyas\u0131n\u0131n s\u0259drinin t\u0259\u015fkil etdiyi y\u00fcks\u0259k s\u0259viyy\u0259li tematik m\u00fczakir\u0259l\u0259rd\u0259 t\u0259qdim edil\u0259n videoformatda \u00e7\u0131x\u0131\u015f\u0131nda bir daha bildirmi\u015fdir ki, b\u00fct\u00fcn \u00f6lk\u0259l\u0259rin, beyn\u0259lxalq t\u0259\u015fkilatlar\u0131n v\u0259 aidiyy\u0259ti t\u0259r\u0259fda\u015flar\u0131n milli, regional h\u00fcquqi \u00e7\u0259r\u00e7iv\u0259y\u0259 uy\u011fun olaraq peyv\u0259nd istehsal\u0131, paylan\u0131lmas\u0131, \u0259dal\u0259tli qiym\u0259t qoyulmas\u0131 m\u0259s\u0259l\u0259l\u0259rind\u0259 \u015f\u0259ffafl\u0131qla ba\u011fl\u0131 \u00f6hd\u0259lik g\u00f6t\u00fcrm\u0259l\u0259ri vacibdir \u00abAz\u0259rbaycan pandemiya, \u201cpeyv\u0259nd mill\u0259t\u00e7iliyi\u201d v\u0259 peyv\u0259ndl\u0259rd\u0259n istifad\u0259 il\u0259&hellip;","_links":{"self":[{"href":"https:\/\/arantv.az\/index.php?rest_route=\/wp\/v2\/posts\/445793"}],"collection":[{"href":"https:\/\/arantv.az\/index.php?rest_route=\/wp\/v2\/posts"}],"about":[{"href":"https:\/\/arantv.az\/index.php?rest_route=\/wp\/v2\/types\/post"}],"author":[{"embeddable":true,"href":"https:\/\/arantv.az\/index.php?rest_route=\/wp\/v2\/users\/2"}],"replies":[{"embeddable":true,"href":"https:\/\/arantv.az\/index.php?rest_route=%2Fwp%2Fv2%2Fcomments&post=445793"}],"version-history":[{"count":0,"href":"https:\/\/arantv.az\/index.php?rest_route=\/wp\/v2\/posts\/445793\/revisions"}],"wp:featuredmedia":[{"embeddable":true,"href":"https:\/\/arantv.az\/index.php?rest_route=\/wp\/v2\/media\/445794"}],"wp:attachment":[{"href":"https:\/\/arantv.az\/index.php?rest_route=%2Fwp%2Fv2%2Fmedia&parent=445793"}],"wp:term":[{"taxonomy":"category","embeddable":true,"href":"https:\/\/arantv.az\/index.php?rest_route=%2Fwp%2Fv2%2Fcategories&post=445793"},{"taxonomy":"post_tag","embeddable":true,"href":"https:\/\/arantv.az\/index.php?rest_route=%2Fwp%2Fv2%2Ftags&post=445793"}],"curies":[{"name":"wp","href":"https:\/\/api.w.org\/{rel}","templated":true}]}}