{"id":445796,"date":"2022-03-01T07:18:24","date_gmt":"2022-03-01T04:18:24","guid":{"rendered":"http:\/\/arantv.az\/?p=445796"},"modified":"2022-03-01T07:18:24","modified_gmt":"2022-03-01T04:18:24","slug":"pandemiya-il%c9%99-mubariz%c9%99d%c9%99-az%c9%99rbaycan-modeli","status":"publish","type":"post","link":"https:\/\/arantv.az\/?p=445796","title":{"rendered":"Pandemiya il\u0259 m\u00fcbariz\u0259d\u0259 Az\u0259rbaycan modeli"},"content":{"rendered":"<p>Az\u0259rbaycan bu g\u00fcn dayan\u0131ql\u0131 inki\u015fafa malik, q\u00fcdr\u0259tli v\u0259 n\u00fcfuzlu bir \u00f6lk\u0259dir. \u00d6lk\u0259mizd\u0259 h\u0259yata ke\u015firil\u0259n d\u00f6vl\u0259t siyas\u0259tinin\u00a0 m\u0259rk\u0259zind\u0259 Az\u0259rbaycan v\u0259t\u0259nda\u015flar\u0131n\u0131n m\u0259nafeyi\u00a0 dayan\u0131r. \u0130nsanlar\u0131n rifah hal\u0131n\u0131n daha da yax\u015f\u0131la\u015fd\u0131r\u0131lmas\u0131, h\u0259yat \u015f\u0259raitinin t\u0259min olunmas\u0131 istiqam\u0259tind\u0259 h\u0259yata ke\u00e7iril\u0259n m\u0259qs\u0259dy\u00f6nl\u00fc v\u0259 s\u0259m\u0259r\u0259li t\u0259dbirl\u0259r davaml\u0131 xarakter da\u015f\u0131y\u0131r. \u00d6lk\u0259mizd\u0259 ba\u015f ver\u0259n s\u00fcr\u0259tli iqtisadi inki\u015faf b\u00fct\u00fcn sosial sah\u0259l\u0259rin, o c\u00fcml\u0259d\u0259n s\u0259hiyy\u0259nin inki\u015faf\u0131na da \u0259sasl\u0131 t\u0259kan vermi\u015fdir.\u00a0 Son ill\u0259rd\u0259 d\u00fcnya standartlar\u0131na uy\u011fun inki\u015faf yolu tutmu\u015f Az\u0259rbaycan s\u0259hiyy\u0259sinin n\u00fcfuzu n\u0259z\u0259r\u0259\u00e7arpacaq d\u0259r\u0259c\u0259d\u0259 artm\u0131\u015fd\u0131r. Az\u0259rbaycan\u0131n s\u0259hiyy\u0259 sistemind\u0259 apar\u0131lan u\u011furlu islahatlar\u0131n, tibb m\u00fc\u0259ssis\u0259l\u0259rinin maddi-texniki bazan\u0131n t\u0259kmill\u0259\u015fdirilm\u0259sinin, t\u0259chizat v\u0259 kadr haz\u0131rl\u0131\u011f\u0131 il\u0259 ba\u011fl\u0131 g\u00f6r\u00fclm\u00fc\u015f i\u015fl\u0259rin b\u0259hr\u0259sini bu g\u00fcn h\u0259r birimiz \u00f6z h\u0259yat\u0131m\u0131zda hiss edirik.<\/p>\n<p>B\u00fct\u00fcn d\u00fcnyan\u0131 b\u00fcr\u00fcm\u00fc\u015f karonavirus pandemiyas\u0131 il\u0259\u00a0 m\u00fcbariz\u0259 i\u015finin t\u0259\u015fkilind\u0259\u00a0 d\u0259\u00a0 \u00f6lk\u0259mizd\u0259 b\u00fct\u00fcn imkanlar s\u0259f\u0259rb\u0259r olunmu\u015f,\u00a0 g\u00f6r\u00fclm\u00fc\u015f qabaqlay\u0131c\u0131 t\u0259dbirl\u0259r n\u0259tic\u0259sind\u0259 Az\u0259rbaycanda pandemiyan\u0131n daha b\u00f6y\u00fck f\u0259sadlar\u0131n\u0131n qar\u015f\u0131s\u0131 al\u0131nm\u0131\u015fd\u0131r. Pandemiya il\u0259 m\u00fcbariz\u0259d\u0259 \u201cAz\u0259rbaycan modeli\u201d ifad\u0259si beyn\u0259lxalq m\u00fcnasib\u0259tl\u0259rinin siyasi g\u00fcnd\u0259min\u0259 daxil olmu\u015fdur.\u00a0 \u0130lk g\u00fcnl\u0259rd\u0259n etibar\u0259n Az\u0259rbaycan \u00dcmumd\u00fcnya S\u0259hiyy\u0259 T\u0259\u015fkilat\u0131\u00a0 il\u0259 t\u0259maslar quraraq bu sah\u0259d\u0259 maksimum s\u0259m\u0259r\u0259li i\u015f aparmaq \u00fc\u00e7\u00fcn \u00e7al\u0131\u015fm\u0131\u015f,\u00a0 \u00dcmumd\u00fcnya S\u0259hiyy\u0259 T\u0259\u015fkilat\u0131 \u201cAz\u0259rbaycan modeli\u201d haqq\u0131nda dan\u0131\u015faraq\u00a0 g\u00f6r\u00fcl\u0259n i\u015fl\u0259r\u0259 y\u00fcks\u0259k qiym\u0259t vermi\u015f, bir ne\u00e7\u0259 d\u0259f\u0259 Az\u0259rbaycan\u0131 n\u00fcmun\u0259vi \u00f6lk\u0259 kimi t\u0259qdim etmi\u015fdir.<\/p>\n<p>Az\u0259rbaycan COVAX platformas\u0131na ilk qo\u015fulan \u00f6lk\u0259l\u0259rd\u0259n oldu. Y\u0259ni, bu\u00a0 platforma\u00a0 vaksin portfeli i\u00e7ind\u0259n \u0259n yax\u015f\u0131s\u0131n\u0131 se\u00e7m\u0259k v\u0259 onun \u0259l\u00e7atanl\u0131l\u0131\u011f\u0131n\u0131 t\u0259min etm\u0259k, maliyy\u0259 imkanlar\u0131 az olan \u00f6lk\u0259l\u0259rin d\u0259 bundan yararlanmas\u0131na \u015f\u0259rait yarad\u0131lmas\u0131 \u00fc\u00e7\u00fcnd\u00fcr. Az\u0259rbaycan \u00dcST v\u0259 Peyv\u0259ndl\u0259\u015fm\u0259y\u0259 N\u0259zar\u0259t Alyans\u0131n\u0131n birg\u0259 t\u0259\u015fkilat\u00e7\u0131l\u0131\u011f\u0131 il\u0259 h\u0259yata ke\u00e7iril\u0259n COVAX proqram\u0131na qo\u015fulan ilk \u00f6lk\u0259l\u0259rd\u0259n olub. H\u0259m \u00f6z \u00f6lk\u0259miz, h\u0259m d\u0259 d\u00fcnya \u0259halisi \u00fc\u00e7\u00fcn bunun n\u0259 q\u0259d\u0259r vacib olmas\u0131na x\u00fcsusi \u0259h\u0259miyy\u0259t ver\u0259r\u0259k qo\u015fulmu\u015fuq. Vaksinl\u0259rin d\u00fczg\u00fcn payla\u015fd\u0131r\u0131lmas\u0131nda \u0259dal\u0259tsiz yana\u015fma birba\u015fa bu layih\u0259nin icras\u0131nda ciddi probleml\u0259rin olmas\u0131ndan x\u0259b\u0259r verir. T\u0259\u0259ss\u00fcfl\u0259r olsun ki,\u00a0 vaksin b\u00f6lg\u00fcs\u00fc d\u00fcnyada \u0259dal\u0259tsizliyin simvolu oldu. Y\u0259ni, d\u00fcnyan\u0131n bel\u0259 a\u011f\u0131r vaxt\u0131nda virus t\u0259hdidin\u0259 qar\u015f\u0131 qlobal m\u00fcbariz\u0259 n\u00fcmayi\u015f etdirm\u0259k \u0259v\u0259zin\u0259 COVAX proqram\u0131 \u00e7\u0259r\u00e7iv\u0259sind\u0259 veril\u0259n b\u0259dl\u0259r tamamil\u0259 unuduldu. Bu \u0259dal\u0259tsizliy\u0259 qar\u015f\u0131 Az\u0259rbaycan q\u0259d\u0259r haqq s\u0259sini ucaldan ikinci bir \u00f6lk\u0259 yoxdur.<\/p>\n<p>Fevral\u0131n 25-d\u0259 BMT Ba\u015f Assambleyas\u0131n\u0131n tematik m\u00fczakir\u0259l\u0259rinin gedi\u015find\u0259 etdiyi \u00e7\u0131x\u0131\u015f\u0131nda da Prezident \u0130lham \u018fliyev bildirdi ki, COVID-19 pandemiyas\u0131 kimi qlobal f\u00f6vq\u0259lad\u0259 v\u0259ziyy\u0259t qlobal yana\u015fma t\u0259l\u0259b edir. M\u00f6ht\u0259r\u0259m Prezident bu d\u0259f\u0259 d\u0259 konkret t\u0259klifl\u0259r ir\u0259li s\u00fcr\u0259r\u0259k bildirdi ki, COVID-19 pandemiyas\u0131 il\u0259 effektiv m\u00fcbariz\u0259ni t\u0259min ed\u0259 bilm\u0259k \u00fc\u00e7\u00fcn b\u00fct\u00fcn \u00f6lk\u0259l\u0259rin, beyn\u0259lxalq t\u0259\u015fkilatlar\u0131n v\u0259 aidiyy\u0259ti t\u0259r\u0259fda\u015flar\u0131n milli v\u0259 regional h\u00fcquqi \u00e7\u0259r\u00e7iv\u0259y\u0259 uy\u011fun olaraq peyv\u0259nd istehsal\u0131, paylan\u0131lmas\u0131 v\u0259 \u0259dal\u0259tli qiym\u0259t qoyulmas\u0131 m\u0259s\u0259l\u0259l\u0259rind\u0259 \u015f\u0259ffafl\u0131qla ba\u011fl\u0131 \u00f6hd\u0259lik g\u00f6t\u00fcrm\u0259l\u0259ri vacibdir.<\/p>\n<p>Pandemiyan\u0131n ba\u015flad\u0131\u011f\u0131 ilk g\u00fcnl\u0259rd\u0259n c\u0259nab \u0130lham \u018fliyevin \u0259halinin sa\u011flaml\u0131\u011f\u0131n\u0131 prioritet m\u0259s\u0259l\u0259 hesab etm\u0259si, \u00f6lk\u0259nin g\u00fcc\u00fcn\u00fcn v\u0259 q\u00fcdr\u0259tinin m\u0259hz bu sah\u0259y\u0259 istiqam\u0259tl\u0259nm\u0259sin\u0259 g\u00f6st\u0259ri\u015f verilm\u0259si, t\u0259xir\u0259sal\u0131nmaz t\u0259dbirl\u0259rin h\u0259yata ke\u00e7irilm\u0259si \u0259n y\u00fcks\u0259k s\u0259viyy\u0259d\u0259 icra olunmu\u015fdur.<\/p>\n<p><strong>M\u0259ml\u0259k\u0259t Qara\u00e7obanova,<br \/>\nYeni Az\u0259rbaycan Partiyas\u0131 Pirallah\u0131 rayon t\u0259\u015fkilat\u0131 Aparat\u0131n\u0131n m\u0259sul \u0259m\u0259kda\u015f\u0131<\/strong><\/p>\n","protected":false},"excerpt":{"rendered":"<p>Az\u0259rbaycan bu g\u00fcn dayan\u0131ql\u0131 inki\u015fafa malik, q\u00fcdr\u0259tli v\u0259 n\u00fcfuzlu bir \u00f6lk\u0259dir. \u00d6lk\u0259mizd\u0259 h\u0259yata ke\u015firil\u0259n d\u00f6vl\u0259t siyas\u0259tinin\u00a0 m\u0259rk\u0259zind\u0259 Az\u0259rbaycan v\u0259t\u0259nda\u015flar\u0131n\u0131n m\u0259nafeyi\u00a0 dayan\u0131r. \u0130nsanlar\u0131n rifah hal\u0131n\u0131n daha da yax\u015f\u0131la\u015fd\u0131r\u0131lmas\u0131, h\u0259yat \u015f\u0259raitinin t\u0259min olunmas\u0131 istiqam\u0259tind\u0259 h\u0259yata ke\u00e7iril\u0259n m\u0259qs\u0259dy\u00f6nl\u00fc v\u0259 s\u0259m\u0259r\u0259li t\u0259dbirl\u0259r davaml\u0131 xarakter da\u015f\u0131y\u0131r. \u00d6lk\u0259mizd\u0259 ba\u015f ver\u0259n s\u00fcr\u0259tli iqtisadi inki\u015faf b\u00fct\u00fcn sosial sah\u0259l\u0259rin, o c\u00fcml\u0259d\u0259n s\u0259hiyy\u0259nin inki\u015faf\u0131na da \u0259sasl\u0131 t\u0259kan vermi\u015fdir.\u00a0 Son ill\u0259rd\u0259 d\u00fcnya standartlar\u0131na uy\u011fun inki\u015faf yolu tutmu\u015f Az\u0259rbaycan s\u0259hiyy\u0259sinin n\u00fcfuzu n\u0259z\u0259r\u0259\u00e7arpacaq d\u0259r\u0259c\u0259d\u0259 artm\u0131\u015fd\u0131r. Az\u0259rbaycan\u0131n s\u0259hiyy\u0259 sistemind\u0259 apar\u0131lan u\u011furlu islahatlar\u0131n, tibb m\u00fc\u0259ssis\u0259l\u0259rinin maddi-texniki bazan\u0131n t\u0259kmill\u0259\u015fdirilm\u0259sinin, t\u0259chizat v\u0259 kadr haz\u0131rl\u0131\u011f\u0131 il\u0259 ba\u011fl\u0131 g\u00f6r\u00fclm\u00fc\u015f&hellip;<\/p>\n","protected":false},"author":2,"featured_media":445797,"comment_status":"closed","ping_status":"closed","sticky":false,"template":"","format":"standard","meta":{"om_disable_all_campaigns":false,"_monsterinsights_skip_tracking":false,"_monsterinsights_sitenote_active":false,"_monsterinsights_sitenote_note":"","_monsterinsights_sitenote_category":0},"categories":[19],"tags":[],"aioseo_notices":[],"gutentor_comment":0,"rttpg_featured_image_url":{"full":["https:\/\/arantv.az\/wp-content\/uploads\/2022\/03\/2715518c164606047579221827911083688.jpg",975,540,false],"landscape":["https:\/\/arantv.az\/wp-content\/uploads\/2022\/03\/2715518c164606047579221827911083688.jpg",975,540,false],"portraits":["https:\/\/arantv.az\/wp-content\/uploads\/2022\/03\/2715518c164606047579221827911083688.jpg",975,540,false],"thumbnail":["https:\/\/arantv.az\/wp-content\/uploads\/2022\/03\/2715518c164606047579221827911083688-500x280.jpg",500,280,true],"medium":["https:\/\/arantv.az\/wp-content\/uploads\/2022\/03\/2715518c164606047579221827911083688-660x365.jpg",660,365,true],"large":["https:\/\/arantv.az\/wp-content\/uploads\/2022\/03\/2715518c164606047579221827911083688-840x465.jpg",640,354,true],"1536x1536":["https:\/\/arantv.az\/wp-content\/uploads\/2022\/03\/2715518c164606047579221827911083688.jpg",975,540,false],"2048x2048":["https:\/\/arantv.az\/wp-content\/uploads\/2022\/03\/2715518c164606047579221827911083688.jpg",975,540,false],"post-thumbnail":["https:\/\/arantv.az\/wp-content\/uploads\/2022\/03\/2715518c164606047579221827911083688-240x172.jpg",240,172,true],"advps-thumb-one":["https:\/\/arantv.az\/wp-content\/uploads\/2022\/03\/2715518c164606047579221827911083688.jpg",975,540,false]},"rttpg_author":{"display_name":"V\u00fcsal Rafiqo\u011flu","author_link":"https:\/\/arantv.az\/?author=2"},"rttpg_comment":0,"rttpg_category":"<a href=\"https:\/\/arantv.az\/?cat=19\" rel=\"category\">G\u00fcnd\u0259m<\/a>","rttpg_excerpt":"Az\u0259rbaycan bu g\u00fcn dayan\u0131ql\u0131 inki\u015fafa malik, q\u00fcdr\u0259tli v\u0259 n\u00fcfuzlu bir \u00f6lk\u0259dir. \u00d6lk\u0259mizd\u0259 h\u0259yata ke\u015firil\u0259n d\u00f6vl\u0259t siyas\u0259tinin\u00a0 m\u0259rk\u0259zind\u0259 Az\u0259rbaycan v\u0259t\u0259nda\u015flar\u0131n\u0131n m\u0259nafeyi\u00a0 dayan\u0131r. \u0130nsanlar\u0131n rifah hal\u0131n\u0131n daha da yax\u015f\u0131la\u015fd\u0131r\u0131lmas\u0131, h\u0259yat \u015f\u0259raitinin t\u0259min olunmas\u0131 istiqam\u0259tind\u0259 h\u0259yata ke\u00e7iril\u0259n m\u0259qs\u0259dy\u00f6nl\u00fc v\u0259 s\u0259m\u0259r\u0259li t\u0259dbirl\u0259r davaml\u0131 xarakter da\u015f\u0131y\u0131r. \u00d6lk\u0259mizd\u0259 ba\u015f ver\u0259n s\u00fcr\u0259tli iqtisadi inki\u015faf b\u00fct\u00fcn sosial sah\u0259l\u0259rin, o c\u00fcml\u0259d\u0259n s\u0259hiyy\u0259nin inki\u015faf\u0131na da&hellip;","_links":{"self":[{"href":"https:\/\/arantv.az\/index.php?rest_route=\/wp\/v2\/posts\/445796"}],"collection":[{"href":"https:\/\/arantv.az\/index.php?rest_route=\/wp\/v2\/posts"}],"about":[{"href":"https:\/\/arantv.az\/index.php?rest_route=\/wp\/v2\/types\/post"}],"author":[{"embeddable":true,"href":"https:\/\/arantv.az\/index.php?rest_route=\/wp\/v2\/users\/2"}],"replies":[{"embeddable":true,"href":"https:\/\/arantv.az\/index.php?rest_route=%2Fwp%2Fv2%2Fcomments&post=445796"}],"version-history":[{"count":0,"href":"https:\/\/arantv.az\/index.php?rest_route=\/wp\/v2\/posts\/445796\/revisions"}],"wp:featuredmedia":[{"embeddable":true,"href":"https:\/\/arantv.az\/index.php?rest_route=\/wp\/v2\/media\/445797"}],"wp:attachment":[{"href":"https:\/\/arantv.az\/index.php?rest_route=%2Fwp%2Fv2%2Fmedia&parent=445796"}],"wp:term":[{"taxonomy":"category","embeddable":true,"href":"https:\/\/arantv.az\/index.php?rest_route=%2Fwp%2Fv2%2Fcategories&post=445796"},{"taxonomy":"post_tag","embeddable":true,"href":"https:\/\/arantv.az\/index.php?rest_route=%2Fwp%2Fv2%2Ftags&post=445796"}],"curies":[{"name":"wp","href":"https:\/\/api.w.org\/{rel}","templated":true}]}}