{"id":445799,"date":"2022-03-01T07:19:00","date_gmt":"2022-03-01T04:19:00","guid":{"rendered":"http:\/\/arantv.az\/?p=445799"},"modified":"2022-03-01T07:19:00","modified_gmt":"2022-03-01T04:19:00","slug":"az%c9%99rbaycandan-qlobal-h%c9%99mr%c9%99ylik-cagirisi","status":"publish","type":"post","link":"https:\/\/arantv.az\/?p=445799","title":{"rendered":"Az\u0259rbaycandan qlobal h\u0259mr\u0259ylik \u00e7a\u011f\u0131r\u0131\u015f\u0131"},"content":{"rendered":"<p>25 Fevral 2022-ci il tarixd\u0259 BMT Ba\u015f Assambleyas\u0131 s\u0259drinin \u201cUniversal peyv\u0259ndl\u0259nm\u0259 \u00fc\u00e7\u00fcn s\u0259yl\u0259rin art\u0131r\u0131lmas\u0131\u201d m\u00f6vzusunda t\u0259\u015fkil etdiyi y\u00fcks\u0259k s\u0259viyy\u0259li tematik m\u00fczakir\u0259l\u0259rd\u0259 Az\u0259rbaycan Respublikas\u0131n\u0131n Prezidenti \u0130lham \u018fliyevin milli qisimd\u0259 v\u0259 Qo\u015fulmama H\u0259r\u0259kat\u0131n\u0131n s\u0259dri kimi H\u0259r\u0259kata \u00fczv d\u00f6vl\u0259tl\u0259r ad\u0131ndan videoformatda \u00e7\u0131x\u0131\u015f\u0131 t\u0259qdim olunub. Bir \u00e7ox m\u0259s\u0259l\u0259l\u0259rin \u00f6z \u0259ksini tapd\u0131\u011f\u0131 \u00e7\u0131x\u0131\u015fda \u0259sas diqq\u0259t peyv\u0259ndl\u0259rin \u0259dal\u0259tli b\u00f6lg\u00fcs\u00fc v\u0259 \u00f6lk\u0259mizin bu sah\u0259d\u0259ki f\u0259aliyy\u0259tl\u0259rin\u0259 y\u00f6n\u0259lmi\u015fdi.<\/p>\n<p>D\u00f6vl\u0259t ba\u015f\u00e7\u0131m\u0131z \u00e7\u0131x\u0131\u015f\u0131 zaman\u0131 ilk \u00f6nc\u0259 bu sah\u0259d\u0259 Birl\u0259\u015fmi\u015f Mill\u0259tl\u0259r T\u0259\u015fkilat\u0131n\u0131n effektiv rolundan dan\u0131\u015faraq, ke\u00e7iril\u0259n toplant\u0131n\u0131n d\u00fcnyada COVID-19 \u0259leyhin\u0259 peyv\u0259ndl\u0259rd\u0259n istifad\u0259 m\u0259qs\u0259dil\u0259 b\u0259rab\u0259r imkanlar\u0131n t\u0259min edilm\u0259si il\u0259 ba\u011fl\u0131 probleml\u0259rin davam etdiyi vaxta t\u0259sad\u00fcf etdiyini vur\u011fulad\u0131. T\u0259\u0259ss\u00fcf hissi il\u0259 qeyd etm\u0259k laz\u0131md\u0131r ki, pandemiyan\u0131n d\u00fcnyan\u0131 \u00f6z a\u011fu\u015funa ald\u0131\u011f\u0131 ilk g\u00fcnd\u0259n art\u0131q iki ild\u0259n \u00e7ox m\u00fcdd\u0259t ke\u00e7m\u0259sin\u0259 baxmayaraq h\u0259l\u0259 d\u0259 d\u00fcnyada \u201cpeyv\u0259nd mill\u0259t\u00e7iliyi\u201d davam etm\u0259kd\u0259dir. Qeyd ed\u0259k ki, \u201cPeyv\u0259nd mill\u0259t\u00e7iliyi\u201d z\u0259ngin \u00f6lk\u0259l\u0259rin \u00f6z ehtiyaclar\u0131ndan d\u0259f\u0259l\u0259rl\u0259 art\u0131q miqdarda peyv\u0259ndl\u0259ri \u0259ld\u0259 etm\u0259si v\u0259 dolay\u0131s\u0131yla az inki\u015faf etmi\u015f \u00f6lk\u0259l\u0259rin peyv\u0259ndl\u0259rl\u0259 t\u0259minat\u0131na \u0259ng\u0259l t\u00f6r\u0259tm\u0259si s\u0259b\u0259bind\u0259n yaranan v\u0259ziyy\u0259ti xarakteriz\u0259 edir. Maraql\u0131s\u0131 bundad\u0131r ki, peyv\u0259ndl\u0259 ba\u011fl\u0131 yaranan bu v\u0259ziyy\u0259t \u00fcmumilikd\u0259 m\u0259n\u0259vi v\u0259 iqtisadi bax\u0131mdan h\u0259r bir d\u00f6vl\u0259tin m\u0259nafeyin\u0259 qar\u015f\u0131 i\u015fl\u0259y\u0259n, yaln\u0131z b\u00f6hran\u0131 uzadan, u\u011fursuzlu\u011fa m\u0259hkum olan bir strategiyad\u0131r. Ayd\u0131nd\u0131r ki, d\u00fcnya ya \u00fcmumilikd\u0259 bu b\u0259ladan qurtulacaq, ya da bir d\u00f6vl\u0259td\u0259 bel\u0259 bu virus qalarsa yenid\u0259n yay\u0131laraq d\u00fcnyan\u0131 \u0259l\u0259 ke\u00e7ir\u0259c\u0259k. Bel\u0259 olan halda, hans\u0131sa bir \u00f6lk\u0259nin f\u0259rdi olaraq \u00f6z v\u0259t\u0259nda\u015flar\u0131n\u0131 bu b\u0259ladan qurtarmas\u0131 he\u00e7 n\u0259 ifad\u0259 etmir. \u00c7\u00fcnki, d\u00f6vl\u0259tl\u0259r iqtisadiyyatlar\u0131n\u0131 t\u0259min etm\u0259k v\u0259 pandemiyan\u0131n t\u0259sirl\u0259rini minimuma endirm\u0259k \u00fc\u00e7\u00fcn s\u0259rh\u0259dl\u0259rini\u00a0 a\u00e7ma\u011fa m\u0259cburdur. Bu is\u0259 yenid\u0259n virusun d\u00f6vr etm\u0259sin\u0259 g\u0259tirib \u00e7\u0131xar\u0131r. Onu da qeyd ed\u0259k ki, virus vaxta\u015f\u0131r\u0131 olaraq mutasiyaya u\u011fray\u0131r v\u0259 yeni \u015ftamlar\u0131 meydana \u00e7\u0131x\u0131r. Y\u0259ni, \u015f\u0259xsl\u0259r peyv\u0259ndl\u0259ns\u0259 d\u0259 yeni \u015ftamlar qar\u015f\u0131s\u0131nda yen\u0259 d\u0259 risk qar\u015f\u0131s\u0131nda qalmaqdad\u0131r. Bel\u0259likl\u0259, bir daha vur\u011fulamaq laz\u0131md\u0131r ki, yaln\u0131z bir \u00f6lk\u0259d\u0259 bel\u0259 pandemiyan\u0131n t\u0259sirl\u0259ri, izl\u0259ri qalacaqsa bu yenid\u0259n b\u00fct\u00fcn d\u00fcnyaya yay\u0131la bil\u0259r. Buna g\u00f6r\u0259 d\u0259 x\u00fcsusil\u0259 b\u00f6y\u00fck d\u00f6vl\u0259tl\u0259r problemi \u00f6z s\u0259rh\u0259dl\u0259ri \u00e7\u0259r\u00e7iv\u0259sind\u0259 h\u0259ll etm\u0259k \u0259v\u0259zin\u0259 daha qlobal miqyasda h\u0259lli \u00fc\u00e7\u00fcn s\u0259y g\u00f6st\u0259rm\u0259lidirl\u0259r. Az\u0259rbaycan Respublikas\u0131n\u0131n Prezidenti c\u0259nab \u0130lham \u018fliyev Qo\u015fulmama H\u0259r\u0259kat\u0131n\u0131n s\u0259dri kimi d\u0259f\u0259l\u0259rl\u0259 \u201cpeyv\u0259nd mill\u0259t\u00e7iliyin\u0259\u201d qar\u015f\u0131 \u00e7\u0131x\u0131\u015flar etmi\u015f, inki\u015faf etm\u0259kd\u0259 olan d\u00f6vl\u0259tl\u0259rin haqq s\u0259sini beyn\u0259lxalq tribunalardan s\u0259sl\u0259ndirmi\u015fdir. \u018fminlikl\u0259 dem\u0259k olar ki, Prezident \u0130lham \u018fliyev bu sah\u0259d\u0259 \u0259n \u00e7ox \u00e7\u0131x\u0131\u015flar ed\u0259n liderl\u0259rd\u0259ndir.<\/p>\n<p>25 fevral tarixli y\u00fcks\u0259k s\u0259viyy\u0259li tematik m\u00fczakir\u0259l\u0259rd\u0259 c\u0259nab \u0130lham \u018fliyev Az\u0259rbaycan Prezidenti kimi milli kontekstd\u0259 d\u0259 \u00e7\u0131x\u0131\u015f etdi. \u00c7\u0131x\u0131\u015f zaman\u0131 2021-ci ilin yanvar ay\u0131nda \u00f6lk\u0259 \u0259razisind\u0259 peyv\u0259ndl\u0259nm\u0259 prosesin\u0259 start verildiyi v\u0259 indiy\u0259 q\u0259d\u0259r \u00f6lk\u0259 \u0259halisinin yetkin hiss\u0259sinin 68 faizinin h\u0259r iki doza peyv\u0259ndl\u0259 t\u0259min olundu\u011fu bildirildi. \u018flav\u0259 olaraq, pandemiyan\u0131n t\u0259sirl\u0259rind\u0259n \u0259ziyy\u0259t \u00e7\u0259k\u0259n v\u0259t\u0259nda\u015flar\u0131n v\u0259 \u00f6z\u0259l subyektl\u0259rin d\u0259st\u0259kl\u0259nm\u0259si \u00fc\u00e7\u00fcn d\u00f6vl\u0259t b\u00fcdc\u0259sind\u0259n v\u0259sait ayr\u0131ld\u0131\u011f\u0131 vur\u011fuland\u0131. \u00dcmumiyy\u0259tl\u0259, Az\u0259rbaycan Respublikas\u0131n\u0131n pandemiya il\u0259 m\u00fcbariz\u0259 t\u0259dbirl\u0259ri \u00e7\u0259r\u00e7iv\u0259sind\u0259 u\u011furlu m\u00fcbariz\u0259 modeli ortaya qoydu\u011fu art\u0131q d\u00fcnya t\u0259r\u0259find\u0259n q\u0259bul edilmi\u015f reall\u0131qd\u0131r. Bunun n\u0259tic\u0259sidir ki, \u00dcmumd\u00fcnya S\u0259hiyy\u0259 T\u0259\u015fkilat\u0131 \u00f6z\u00fcn\u00fcn a\u00e7\u0131q \u00e7\u0131x\u0131\u015flar\u0131nda Az\u0259rbaycan\u0131 h\u0259m daxild\u0259, h\u0259m d\u0259 xaricd\u0259 n\u00fcmun\u0259vi \u00f6lk\u0259 kimi qiym\u0259tl\u0259ndirmi\u015fdir. Onu da qeyd etm\u0259k z\u0259ruridir ki, Az\u0259rbaycan t\u0259qrib\u0259n 80 \u00f6lk\u0259y\u0259 maliyy\u0259 v\u0259 humanitar yard\u0131mlar\u0131 g\u00f6st\u0259rmi\u015f, \u00dcmumd\u00fcnya S\u0259hiyy\u0259 T\u0259\u015fkilat\u0131na (\u00dcST) 10 milyon dollar k\u00f6n\u00fcll\u00fc ian\u0259 ay\u0131rm\u0131\u015fd\u0131r. Bel\u0259likl\u0259, d\u00fcnya birliyinin m\u0259suliyy\u0259tli v\u0259 etibarl\u0131 \u00fczv\u00fc kimi Az\u0259rbaycan koronovirus t\u0259hl\u00fck\u0259sinin ilk g\u00fcnl\u0259rind\u0259n etibar\u0259n qlobal h\u0259mr\u0259ylik \u00e7a\u011f\u0131r\u0131\u015flar\u0131na d\u0259st\u0259k vermi\u015f v\u0259 bu g\u00fcnd\u0259 bu d\u0259st\u0259yi y\u00fcks\u0259l\u0259n x\u0259tl\u0259 davam etdirm\u0259kd\u0259dir.<\/p>\n<p><strong>K\u0259mal\u0259 Mustafayeva,<br \/>\nPirallah\u0131 Tibb M\u0259rk\u0259zinin h\u0259kimi<\/strong><\/p>\n","protected":false},"excerpt":{"rendered":"<p>25 Fevral 2022-ci il tarixd\u0259 BMT Ba\u015f Assambleyas\u0131 s\u0259drinin \u201cUniversal peyv\u0259ndl\u0259nm\u0259 \u00fc\u00e7\u00fcn s\u0259yl\u0259rin art\u0131r\u0131lmas\u0131\u201d m\u00f6vzusunda t\u0259\u015fkil etdiyi y\u00fcks\u0259k s\u0259viyy\u0259li tematik m\u00fczakir\u0259l\u0259rd\u0259 Az\u0259rbaycan Respublikas\u0131n\u0131n Prezidenti \u0130lham \u018fliyevin milli qisimd\u0259 v\u0259 Qo\u015fulmama H\u0259r\u0259kat\u0131n\u0131n s\u0259dri kimi H\u0259r\u0259kata \u00fczv d\u00f6vl\u0259tl\u0259r ad\u0131ndan videoformatda \u00e7\u0131x\u0131\u015f\u0131 t\u0259qdim olunub. Bir \u00e7ox m\u0259s\u0259l\u0259l\u0259rin \u00f6z \u0259ksini tapd\u0131\u011f\u0131 \u00e7\u0131x\u0131\u015fda \u0259sas diqq\u0259t peyv\u0259ndl\u0259rin \u0259dal\u0259tli b\u00f6lg\u00fcs\u00fc v\u0259 \u00f6lk\u0259mizin bu sah\u0259d\u0259ki f\u0259aliyy\u0259tl\u0259rin\u0259 y\u00f6n\u0259lmi\u015fdi. D\u00f6vl\u0259t ba\u015f\u00e7\u0131m\u0131z \u00e7\u0131x\u0131\u015f\u0131 zaman\u0131 ilk \u00f6nc\u0259 bu sah\u0259d\u0259 Birl\u0259\u015fmi\u015f Mill\u0259tl\u0259r T\u0259\u015fkilat\u0131n\u0131n effektiv rolundan dan\u0131\u015faraq, ke\u00e7iril\u0259n toplant\u0131n\u0131n d\u00fcnyada COVID-19 \u0259leyhin\u0259 peyv\u0259ndl\u0259rd\u0259n istifad\u0259 m\u0259qs\u0259dil\u0259 b\u0259rab\u0259r imkanlar\u0131n t\u0259min edilm\u0259si il\u0259 ba\u011fl\u0131 probleml\u0259rin davam etdiyi&hellip;<\/p>\n","protected":false},"author":2,"featured_media":445800,"comment_status":"closed","ping_status":"closed","sticky":false,"template":"","format":"standard","meta":{"om_disable_all_campaigns":false,"_monsterinsights_skip_tracking":false,"_monsterinsights_sitenote_active":false,"_monsterinsights_sitenote_note":"","_monsterinsights_sitenote_category":0},"categories":[19],"tags":[],"aioseo_notices":[],"gutentor_comment":0,"rttpg_featured_image_url":{"full":["https:\/\/arantv.az\/wp-content\/uploads\/2022\/03\/533fa796164606040188421376910751317.jpg",975,540,false],"landscape":["https:\/\/arantv.az\/wp-content\/uploads\/2022\/03\/533fa796164606040188421376910751317.jpg",975,540,false],"portraits":["https:\/\/arantv.az\/wp-content\/uploads\/2022\/03\/533fa796164606040188421376910751317.jpg",975,540,false],"thumbnail":["https:\/\/arantv.az\/wp-content\/uploads\/2022\/03\/533fa796164606040188421376910751317-500x280.jpg",500,280,true],"medium":["https:\/\/arantv.az\/wp-content\/uploads\/2022\/03\/533fa796164606040188421376910751317-660x365.jpg",660,365,true],"large":["https:\/\/arantv.az\/wp-content\/uploads\/2022\/03\/533fa796164606040188421376910751317-840x465.jpg",640,354,true],"1536x1536":["https:\/\/arantv.az\/wp-content\/uploads\/2022\/03\/533fa796164606040188421376910751317.jpg",975,540,false],"2048x2048":["https:\/\/arantv.az\/wp-content\/uploads\/2022\/03\/533fa796164606040188421376910751317.jpg",975,540,false],"post-thumbnail":["https:\/\/arantv.az\/wp-content\/uploads\/2022\/03\/533fa796164606040188421376910751317-240x172.jpg",240,172,true],"advps-thumb-one":["https:\/\/arantv.az\/wp-content\/uploads\/2022\/03\/533fa796164606040188421376910751317.jpg",975,540,false]},"rttpg_author":{"display_name":"V\u00fcsal Rafiqo\u011flu","author_link":"https:\/\/arantv.az\/?author=2"},"rttpg_comment":0,"rttpg_category":"<a href=\"https:\/\/arantv.az\/?cat=19\" rel=\"category\">G\u00fcnd\u0259m<\/a>","rttpg_excerpt":"25 Fevral 2022-ci il tarixd\u0259 BMT Ba\u015f Assambleyas\u0131 s\u0259drinin \u201cUniversal peyv\u0259ndl\u0259nm\u0259 \u00fc\u00e7\u00fcn s\u0259yl\u0259rin art\u0131r\u0131lmas\u0131\u201d m\u00f6vzusunda t\u0259\u015fkil etdiyi y\u00fcks\u0259k s\u0259viyy\u0259li tematik m\u00fczakir\u0259l\u0259rd\u0259 Az\u0259rbaycan Respublikas\u0131n\u0131n Prezidenti \u0130lham \u018fliyevin milli qisimd\u0259 v\u0259 Qo\u015fulmama H\u0259r\u0259kat\u0131n\u0131n s\u0259dri kimi H\u0259r\u0259kata \u00fczv d\u00f6vl\u0259tl\u0259r ad\u0131ndan videoformatda \u00e7\u0131x\u0131\u015f\u0131 t\u0259qdim olunub. Bir \u00e7ox m\u0259s\u0259l\u0259l\u0259rin \u00f6z \u0259ksini tapd\u0131\u011f\u0131 \u00e7\u0131x\u0131\u015fda \u0259sas diqq\u0259t peyv\u0259ndl\u0259rin \u0259dal\u0259tli b\u00f6lg\u00fcs\u00fc v\u0259 \u00f6lk\u0259mizin&hellip;","_links":{"self":[{"href":"https:\/\/arantv.az\/index.php?rest_route=\/wp\/v2\/posts\/445799"}],"collection":[{"href":"https:\/\/arantv.az\/index.php?rest_route=\/wp\/v2\/posts"}],"about":[{"href":"https:\/\/arantv.az\/index.php?rest_route=\/wp\/v2\/types\/post"}],"author":[{"embeddable":true,"href":"https:\/\/arantv.az\/index.php?rest_route=\/wp\/v2\/users\/2"}],"replies":[{"embeddable":true,"href":"https:\/\/arantv.az\/index.php?rest_route=%2Fwp%2Fv2%2Fcomments&post=445799"}],"version-history":[{"count":0,"href":"https:\/\/arantv.az\/index.php?rest_route=\/wp\/v2\/posts\/445799\/revisions"}],"wp:featuredmedia":[{"embeddable":true,"href":"https:\/\/arantv.az\/index.php?rest_route=\/wp\/v2\/media\/445800"}],"wp:attachment":[{"href":"https:\/\/arantv.az\/index.php?rest_route=%2Fwp%2Fv2%2Fmedia&parent=445799"}],"wp:term":[{"taxonomy":"category","embeddable":true,"href":"https:\/\/arantv.az\/index.php?rest_route=%2Fwp%2Fv2%2Fcategories&post=445799"},{"taxonomy":"post_tag","embeddable":true,"href":"https:\/\/arantv.az\/index.php?rest_route=%2Fwp%2Fv2%2Ftags&post=445799"}],"curies":[{"name":"wp","href":"https:\/\/api.w.org\/{rel}","templated":true}]}}