{"id":445802,"date":"2022-03-01T07:19:38","date_gmt":"2022-03-01T04:19:38","guid":{"rendered":"http:\/\/arantv.az\/?p=445802"},"modified":"2022-03-01T07:19:38","modified_gmt":"2022-03-01T04:19:38","slug":"az%c9%99rbaycan-%c9%99dal%c9%99tsiz-vaksin-bolgusun%c9%99-qarsi-cixan-nadir-olk%c9%99l%c9%99rd%c9%99ndir","status":"publish","type":"post","link":"https:\/\/arantv.az\/?p=445802","title":{"rendered":"Az\u0259rbaycan \u201c\u0259dal\u0259tsiz vaksin b\u00f6lg\u00fcs\u00fc\u201dn\u0259 qar\u015f\u0131 \u00e7\u0131xan nadir \u00f6lk\u0259l\u0259rd\u0259ndir"},"content":{"rendered":"<p>Bu g\u00fcn d\u00fcnya \u00f6lk\u0259l\u0259rini narahat ed\u0259n \u0259n b\u00f6y\u00fck problem koronavirus infeksiyas\u0131n\u0131n yay\u0131lmas\u0131n\u0131n qar\u015f\u0131s\u0131n\u0131 almaq v\u0259 bunun \u00fc\u00e7\u00fcn u\u011furlu \u015f\u0259kild\u0259 vaksinasiya prosesini h\u0259yata ke\u00e7irm\u0259kdir. D\u00fcnyada COVID-19 pandemiyas\u0131n\u0131n yay\u0131lma\u011fa ba\u015flad\u0131\u011f\u0131 ilk g\u00fcnl\u0259rd\u0259n etibar\u0259n Az\u0259rbaycan d\u00f6vl\u0259ti \u0259h\u0259miyy\u0259tli v\u0259 sistemli t\u0259dbirl\u0259r g\u00f6r\u0259r\u0259k virusun \u00f6lk\u0259 \u0259razisind\u0259 s\u00fcr\u0259tl\u0259 yay\u0131lmas\u0131n\u0131n qar\u015f\u0131s\u0131n\u0131 n\u0259z\u0259r\u0259\u00e7arpacaq d\u0259r\u0259c\u0259d\u0259 ald\u0131 v\u0259 haz\u0131rda \u00f6lk\u0259mizd\u0259 virusa yoluxanlar\u0131n, onun qurban\u0131na \u00e7evril\u0259nl\u0259rin say\u0131 d\u00fcnya statistikas\u0131n\u0131n \u00e7ox a\u015fa\u011f\u0131s\u0131ndad\u0131r. D\u00fcnyan\u0131n \u00fcz-\u00fcz\u0259 qald\u0131\u011f\u0131, \u0259n q\u00fcdr\u0259tli hesab olunan d\u00f6vl\u0259tl\u0259rin bel\u0259 qar\u015f\u0131s\u0131nda duru\u015f g\u0259tir\u0259 bilm\u0259diyi bu virusun f\u0259sadlar\u0131 il\u0259 indiy\u0259 q\u0259d\u0259r \u0259n ciddi m\u00fcbariz\u0259 aparan \u00f6lk\u0259l\u0259r s\u0131ras\u0131nda Az\u0259rbaycan\u0131n ad\u0131 daim m\u00fcsb\u0259t m\u0259nada f\u0259rql\u0259nm\u0259kd\u0259dir. Az\u0259rbaycan\u0131n koronavirusa qar\u015f\u0131 \u00fcmumb\u0259\u015f\u0259ri m\u00fcbariz\u0259y\u0259 ciddi maddi v\u0259 m\u0259n\u0259vi d\u0259st\u0259k verm\u0259si, b\u00fct\u00f6vl\u00fckd\u0259, bu proses\u0259 qo\u015fulmaqla ortaya \u00e7ox ciddi n\u0259tic\u0259l\u0259r qoymas\u0131 bir daha t\u0259sdiq etdi ki, Prezident \u0130lham \u018fliyevin pandemiyaya qar\u015f\u0131 m\u00fc\u0259yy\u0259nl\u0259\u015fdirdiyi siyas\u0259t t\u0259kc\u0259 r\u0259hb\u0259ri oldu\u011fu xalq\u0131n deyil, h\u0259m d\u0259 b\u00fct\u00fcn b\u0259\u015f\u0259riyy\u0259tin xilas\u0131na y\u00f6n\u0259lib. Az\u0259rbaycan Respublikas\u0131n\u0131n Prezidenti c\u0259nab \u0130lham \u018fliyevin v\u0259 Birinci vitse-prezident Mehriban xan\u0131m \u018fliyevan\u0131n s\u0259yl\u0259ri n\u0259tic\u0259sind\u0259 bu g\u00fcn Az\u0259rbaycan \u0259halisini ilk vaksinasiya ed\u0259n \u00f6lk\u0259l\u0259r s\u0131ras\u0131ndad\u0131r.<\/p>\n<p>Az\u0259rbaycan b\u00fct\u00fcn bunlarla yana\u015f\u0131, ard\u0131c\u0131l olaraq d\u00fcnyada peyv\u0259ndl\u0259rin \u0259dal\u0259tsiz b\u00f6lg\u00fcs\u00fcn\u0259 qar\u015f\u0131 etiraz s\u0259sini ucald\u0131r. Z\u0259ngin \u00f6lk\u0259l\u0259r s\u00f6zd\u0259 b\u0259rab\u0259rlik, insan haqlar\u0131, demokratiya t\u0259r\u0259fdarlar\u0131 kimi \u00e7\u0131x\u0131\u015f edir, praktikada is\u0259 milyonlarla insan\u0131n, yoxsul \u00f6lk\u0259l\u0259rd\u0259 ya\u015fayan v\u0259 buna imkan\u0131 olmayan insanlar\u0131n h\u00fcquqlar\u0131n\u0131 tapdalay\u0131rlar. \u0130nki\u015faf etmi\u015f b\u0259zi \u00f6lk\u0259l\u0259rin vaksinl\u0259rin b\u00f6lg\u00fcs\u00fc il\u0259 ba\u011fl\u0131 add\u0131mlar\u0131 b\u0259rab\u0259rlik, insan haqlar\u0131, demokratiya kimi prinsipl\u0259rl\u0259 bir araya s\u0131\u011fm\u0131r. \u00d6lk\u0259mizin ba\u015f\u00e7\u0131s\u0131 fevral\u0131n 25-d\u0259 BMT Ba\u015f Assambleyas\u0131n\u0131n \u201cUniversal peyv\u0259ndl\u0259m\u0259 \u00fc\u00e7\u00fcn s\u0259yl\u0259rin art\u0131r\u0131lmas\u0131\u201d m\u00f6vzusunda ke\u00e7irilmi\u015f m\u00fczakir\u0259l\u0259rind\u0259 Qo\u015fulmama H\u0259r\u0259kat\u0131n\u0131n s\u0259dri kimi s\u00f6z\u00fcged\u0259n m\u0259s\u0259l\u0259ni bir daha d\u00fcnya \u00f6lk\u0259l\u0259rinin liderl\u0259rin\u0259 \u00e7atd\u0131rm\u0131\u015fd\u0131r.<\/p>\n<p>\u00dcmumiyy\u0259tl\u0259, Az\u0259rbaycan ilk g\u00fcnl\u0259rd\u0259n pandemiyaya qar\u015f\u0131 m\u00fcbariz\u0259d\u0259 aktiv i\u015ftirak edir v\u0259 m\u00fcxt\u0259lif beyn\u0259lxalq platformalarda d\u00f6vl\u0259tl\u0259ri birliy\u0259 \u00e7a\u011f\u0131r\u0131r. \u00d6lk\u0259miz Pandemiya d\u00f6vr\u00fcnd\u0259 m\u00fcsb\u0259t m\u0259qamlarla se\u00e7ildi, koronavirusla m\u00fcbariz\u0259nin \u201cAz\u0259rbaycan modeli\u201dni yaratd\u0131. Bu m\u0259nada \u00dcmumd\u00fcnya S\u0259hiyy\u0259 T\u0259\u015fkilat\u0131n\u0131n r\u0259smil\u0259ri v\u0259 dig\u0259r beyn\u0259lxalq s\u0259hiyy\u0259 qurumlar\u0131n\u0131n m\u00fcsb\u0259t r\u0259yl\u0259ri, Az\u0259rbaycan\u0131n ba\u015fqa \u00f6lk\u0259l\u0259r\u0259 n\u00fcmun\u0259 g\u00f6st\u0259rilm\u0259si pandemiya il\u0259 m\u00fcbariz\u0259d\u0259 u\u011furlar\u0131m\u0131z\u0131 \u015f\u0259rtl\u0259ndir\u0259n amill\u0259rdir. Az\u0259rbaycan beyn\u0259lxalq al\u0259md\u0259 h\u0259m d\u0259 ona g\u00f6r\u0259 alq\u0131\u015fland\u0131 ki, pandemiya d\u00f6vr\u00fcnd\u0259 d\u00f6vl\u0259timiz yaln\u0131z \u00f6z v\u0259t\u0259nda\u015flar\u0131 qar\u015f\u0131s\u0131nda deyil, beyn\u0259lxalq t\u0259r\u0259fda\u015flar qar\u015f\u0131s\u0131nda da diqq\u0259tli v\u0259 m\u0259suliyy\u0259tli add\u0131mlar atd\u0131. Bu g\u00fcn Az\u0259rbaycan C\u0259nubi Qafqazda ilk olaraq vaksinasiya i\u015fl\u0259rin\u0259 start ver\u0259n d\u00f6vl\u0259t kimi \u00f6n\u0259 \u00e7\u0131x\u0131r. Az\u0259rbaycan h\u00f6kum\u0259ti b\u00fct\u00fcn platformalarda pandemiya problemini beyn\u0259lxalq m\u00fczakir\u0259y\u0259 \u00e7\u0131xarmaqla \u00f6z t\u0259klif v\u0259 ideyalar\u0131n\u0131 ortaya qoyurdu. T\u0259bii ki, b\u00fct\u00fcn bunlar \u00f6lk\u0259nin diplomatik u\u011furlar\u0131 v\u0259 qlobal d\u00fcnyadak\u0131 \u00e7\u0259kisinin, el\u0259c\u0259 d\u0259 n\u00fcfuzunun g\u00f6st\u0259ricisidir. Az\u0259rbaycan, eyni zamanda qlobal m\u00fcst\u0259vid\u0259 pandemiya il\u0259 m\u00fcbariz\u0259 t\u0259dbirl\u0259rinin \u0259sas i\u015ftirak\u00e7\u0131s\u0131 rolunda \u00e7\u0131x\u0131\u015f etm\u0259kd\u0259dir.<\/p>\n<p><strong>Tural C\u0259f\u0259rov,<br \/>\nPirallah\u0131 Rayon \u0130cra Hakimiyy\u0259ti ba\u015f\u00e7\u0131s\u0131 Aparat\u0131n\u0131n V\u0259t\u0259n m\u00fcharib\u0259si i\u015ftirak\u00e7\u0131lar\u0131 v\u0259 \u015f\u0259hid ail\u0259l\u0259ri il\u0259 i\u015fin t\u0259\u015fkili \u015f\u00f6b\u0259sinin b\u00f6y\u00fck m\u0259sl\u0259h\u0259t\u00e7isi<\/strong><\/p>\n","protected":false},"excerpt":{"rendered":"<p>Bu g\u00fcn d\u00fcnya \u00f6lk\u0259l\u0259rini narahat ed\u0259n \u0259n b\u00f6y\u00fck problem koronavirus infeksiyas\u0131n\u0131n yay\u0131lmas\u0131n\u0131n qar\u015f\u0131s\u0131n\u0131 almaq v\u0259 bunun \u00fc\u00e7\u00fcn u\u011furlu \u015f\u0259kild\u0259 vaksinasiya prosesini h\u0259yata ke\u00e7irm\u0259kdir. D\u00fcnyada COVID-19 pandemiyas\u0131n\u0131n yay\u0131lma\u011fa ba\u015flad\u0131\u011f\u0131 ilk g\u00fcnl\u0259rd\u0259n etibar\u0259n Az\u0259rbaycan d\u00f6vl\u0259ti \u0259h\u0259miyy\u0259tli v\u0259 sistemli t\u0259dbirl\u0259r g\u00f6r\u0259r\u0259k virusun \u00f6lk\u0259 \u0259razisind\u0259 s\u00fcr\u0259tl\u0259 yay\u0131lmas\u0131n\u0131n qar\u015f\u0131s\u0131n\u0131 n\u0259z\u0259r\u0259\u00e7arpacaq d\u0259r\u0259c\u0259d\u0259 ald\u0131 v\u0259 haz\u0131rda \u00f6lk\u0259mizd\u0259 virusa yoluxanlar\u0131n, onun qurban\u0131na \u00e7evril\u0259nl\u0259rin say\u0131 d\u00fcnya statistikas\u0131n\u0131n \u00e7ox a\u015fa\u011f\u0131s\u0131ndad\u0131r. D\u00fcnyan\u0131n \u00fcz-\u00fcz\u0259 qald\u0131\u011f\u0131, \u0259n q\u00fcdr\u0259tli hesab olunan d\u00f6vl\u0259tl\u0259rin bel\u0259 qar\u015f\u0131s\u0131nda duru\u015f g\u0259tir\u0259 bilm\u0259diyi bu virusun f\u0259sadlar\u0131 il\u0259 indiy\u0259 q\u0259d\u0259r \u0259n ciddi m\u00fcbariz\u0259 aparan \u00f6lk\u0259l\u0259r s\u0131ras\u0131nda Az\u0259rbaycan\u0131n ad\u0131 daim m\u00fcsb\u0259t m\u0259nada&hellip;<\/p>\n","protected":false},"author":2,"featured_media":445803,"comment_status":"closed","ping_status":"closed","sticky":false,"template":"","format":"standard","meta":{"om_disable_all_campaigns":false,"_monsterinsights_skip_tracking":false,"_monsterinsights_sitenote_active":false,"_monsterinsights_sitenote_note":"","_monsterinsights_sitenote_category":0},"categories":[19],"tags":[],"aioseo_notices":[],"gutentor_comment":0,"rttpg_featured_image_url":{"full":["https:\/\/arantv.az\/wp-content\/uploads\/2022\/03\/219e0524164606031529241585610287524.jpg",975,540,false],"landscape":["https:\/\/arantv.az\/wp-content\/uploads\/2022\/03\/219e0524164606031529241585610287524.jpg",975,540,false],"portraits":["https:\/\/arantv.az\/wp-content\/uploads\/2022\/03\/219e0524164606031529241585610287524.jpg",975,540,false],"thumbnail":["https:\/\/arantv.az\/wp-content\/uploads\/2022\/03\/219e0524164606031529241585610287524-500x280.jpg",500,280,true],"medium":["https:\/\/arantv.az\/wp-content\/uploads\/2022\/03\/219e0524164606031529241585610287524-660x365.jpg",660,365,true],"large":["https:\/\/arantv.az\/wp-content\/uploads\/2022\/03\/219e0524164606031529241585610287524-840x465.jpg",640,354,true],"1536x1536":["https:\/\/arantv.az\/wp-content\/uploads\/2022\/03\/219e0524164606031529241585610287524.jpg",975,540,false],"2048x2048":["https:\/\/arantv.az\/wp-content\/uploads\/2022\/03\/219e0524164606031529241585610287524.jpg",975,540,false],"post-thumbnail":["https:\/\/arantv.az\/wp-content\/uploads\/2022\/03\/219e0524164606031529241585610287524-240x172.jpg",240,172,true],"advps-thumb-one":["https:\/\/arantv.az\/wp-content\/uploads\/2022\/03\/219e0524164606031529241585610287524.jpg",975,540,false]},"rttpg_author":{"display_name":"V\u00fcsal Rafiqo\u011flu","author_link":"https:\/\/arantv.az\/?author=2"},"rttpg_comment":0,"rttpg_category":"<a href=\"https:\/\/arantv.az\/?cat=19\" rel=\"category\">G\u00fcnd\u0259m<\/a>","rttpg_excerpt":"Bu g\u00fcn d\u00fcnya \u00f6lk\u0259l\u0259rini narahat ed\u0259n \u0259n b\u00f6y\u00fck problem koronavirus infeksiyas\u0131n\u0131n yay\u0131lmas\u0131n\u0131n qar\u015f\u0131s\u0131n\u0131 almaq v\u0259 bunun \u00fc\u00e7\u00fcn u\u011furlu \u015f\u0259kild\u0259 vaksinasiya prosesini h\u0259yata ke\u00e7irm\u0259kdir. D\u00fcnyada COVID-19 pandemiyas\u0131n\u0131n yay\u0131lma\u011fa ba\u015flad\u0131\u011f\u0131 ilk g\u00fcnl\u0259rd\u0259n etibar\u0259n Az\u0259rbaycan d\u00f6vl\u0259ti \u0259h\u0259miyy\u0259tli v\u0259 sistemli t\u0259dbirl\u0259r g\u00f6r\u0259r\u0259k virusun \u00f6lk\u0259 \u0259razisind\u0259 s\u00fcr\u0259tl\u0259 yay\u0131lmas\u0131n\u0131n qar\u015f\u0131s\u0131n\u0131 n\u0259z\u0259r\u0259\u00e7arpacaq d\u0259r\u0259c\u0259d\u0259 ald\u0131 v\u0259 haz\u0131rda \u00f6lk\u0259mizd\u0259 virusa yoluxanlar\u0131n, onun qurban\u0131na \u00e7evril\u0259nl\u0259rin&hellip;","_links":{"self":[{"href":"https:\/\/arantv.az\/index.php?rest_route=\/wp\/v2\/posts\/445802"}],"collection":[{"href":"https:\/\/arantv.az\/index.php?rest_route=\/wp\/v2\/posts"}],"about":[{"href":"https:\/\/arantv.az\/index.php?rest_route=\/wp\/v2\/types\/post"}],"author":[{"embeddable":true,"href":"https:\/\/arantv.az\/index.php?rest_route=\/wp\/v2\/users\/2"}],"replies":[{"embeddable":true,"href":"https:\/\/arantv.az\/index.php?rest_route=%2Fwp%2Fv2%2Fcomments&post=445802"}],"version-history":[{"count":0,"href":"https:\/\/arantv.az\/index.php?rest_route=\/wp\/v2\/posts\/445802\/revisions"}],"wp:featuredmedia":[{"embeddable":true,"href":"https:\/\/arantv.az\/index.php?rest_route=\/wp\/v2\/media\/445803"}],"wp:attachment":[{"href":"https:\/\/arantv.az\/index.php?rest_route=%2Fwp%2Fv2%2Fmedia&parent=445802"}],"wp:term":[{"taxonomy":"category","embeddable":true,"href":"https:\/\/arantv.az\/index.php?rest_route=%2Fwp%2Fv2%2Fcategories&post=445802"},{"taxonomy":"post_tag","embeddable":true,"href":"https:\/\/arantv.az\/index.php?rest_route=%2Fwp%2Fv2%2Ftags&post=445802"}],"curies":[{"name":"wp","href":"https:\/\/api.w.org\/{rel}","templated":true}]}}