{"id":445811,"date":"2022-03-01T07:24:55","date_gmt":"2022-03-01T04:24:55","guid":{"rendered":"http:\/\/arantv.az\/?p=445811"},"modified":"2022-03-01T07:24:55","modified_gmt":"2022-03-01T04:24:55","slug":"aytac-kollektiv-c%c9%99kdirdiyi-s%c9%99kl%c9%99-gor%c9%99-oldurulubmus","status":"publish","type":"post","link":"https:\/\/arantv.az\/?p=445811","title":{"rendered":"Aytac kollektiv \u00e7\u0259kdirdiyi \u015f\u0259kl\u0259 g\u00f6r\u0259 \u00f6ld\u00fcr\u00fcl\u00fcbm\u00fc\u015f&#8230;"},"content":{"rendered":"<p>Fevral\u0131n 27-d\u0259 \u015e\u0259mkirin \u0130rma\u015fl\u0131 k\u0259ndind\u0259 1998-ci il t\u0259v\u0259ll\u00fcdl\u00fc Aytac Famil q\u0131z\u0131 Piriyevan\u0131n q\u0259tl\u0259 yetirilm\u0259sinin b\u0259zi t\u0259f\u0259rr\u00fcatlar\u0131 m\u0259lum olub.<\/p>\n<p><strong>ARANTV.AZ\u00a0<\/strong> &#8220;qafqazinfo&#8221;-ya istinad\u0259n x\u0259b\u0259r verir ki, Aytac \u0259misi o\u011flu 1998-ci il t\u0259v\u0259ll\u00fcdl\u00fc Piri Piriyev t\u0259r\u0259find\u0259n q\u0131sqancl\u0131q niyy\u0259ti il\u0259 \u00f6ld\u00fcr\u00fcl\u00fcb.<\/p>\n<p>Bel\u0259 ki, Piri Aytac\u0131n getdiyi komp\u00fcter kursunda kollektiv \u015f\u0259kil \u00e7\u0259kdirdiyini g\u00f6r\u00fcb v\u0259 bundan \u0259s\u0259bl\u0259\u015fib. T\u0259r\u0259fl\u0259r aras\u0131nda bu s\u0259b\u0259bd\u0259n m\u00fcbahis\u0259 yaran\u0131b. M\u00fcbahis\u0259nin davam\u0131nda is\u0259 Piri \u0259misi q\u0131z\u0131n\u0131 Sulud\u0259r\u0259 adlanan \u0259raziy\u0259 apar\u0131b v\u0259 orada 24 ya\u015fl\u0131 qad\u0131n\u0131n bo\u011faz\u0131n\u0131 k\u0259s\u0259r\u0259k q\u0259tl\u0259 yetirib. Q\u0259tld\u0259n sonra Piri \u018fli o\u011flu Piriyev k\u00f6n\u00fcll\u00fc olaraq polis\u0259 t\u0259slim olub.<\/p>\n<p>Qeyd ed\u0259k ki, Aytac Piriyeva bir m\u00fcdd\u0259t \u0259vv\u0259l \u0259rind\u0259n bo\u011fan\u0131b v\u0259 onun bir o\u011flan \u00f6vlad\u0131 olub. Atas\u0131 v\u0259fat ed\u0259n qad\u0131n, anas\u0131 il\u0259 birg\u0259 qal\u0131rm\u0131\u015f. M\u0259lumata g\u00f6r\u0259, Aytac\u0131n bo\u015fanmas\u0131ndan sonra, Piri Piriyev onunla evl\u0259nm\u0259k niyy\u0259tind\u0259 olub.<\/p>\n","protected":false},"excerpt":{"rendered":"<p>Fevral\u0131n 27-d\u0259 \u015e\u0259mkirin \u0130rma\u015fl\u0131 k\u0259ndind\u0259 1998-ci il t\u0259v\u0259ll\u00fcdl\u00fc Aytac Famil q\u0131z\u0131 Piriyevan\u0131n q\u0259tl\u0259 yetirilm\u0259sinin b\u0259zi t\u0259f\u0259rr\u00fcatlar\u0131 m\u0259lum olub. ARANTV.AZ\u00a0 &#8220;qafqazinfo&#8221;-ya istinad\u0259n x\u0259b\u0259r verir ki, Aytac \u0259misi o\u011flu 1998-ci il t\u0259v\u0259ll\u00fcdl\u00fc Piri Piriyev t\u0259r\u0259find\u0259n q\u0131sqancl\u0131q niyy\u0259ti il\u0259 \u00f6ld\u00fcr\u00fcl\u00fcb. Bel\u0259 ki, Piri Aytac\u0131n getdiyi komp\u00fcter kursunda kollektiv \u015f\u0259kil \u00e7\u0259kdirdiyini g\u00f6r\u00fcb v\u0259 bundan \u0259s\u0259bl\u0259\u015fib. T\u0259r\u0259fl\u0259r aras\u0131nda bu s\u0259b\u0259bd\u0259n m\u00fcbahis\u0259 yaran\u0131b. M\u00fcbahis\u0259nin davam\u0131nda is\u0259 Piri \u0259misi q\u0131z\u0131n\u0131 Sulud\u0259r\u0259 adlanan \u0259raziy\u0259 apar\u0131b v\u0259 orada 24 ya\u015fl\u0131 qad\u0131n\u0131n bo\u011faz\u0131n\u0131 k\u0259s\u0259r\u0259k q\u0259tl\u0259 yetirib. Q\u0259tld\u0259n sonra Piri \u018fli o\u011flu Piriyev k\u00f6n\u00fcll\u00fc olaraq polis\u0259 t\u0259slim olub. Qeyd ed\u0259k ki,&hellip;<\/p>\n","protected":false},"author":2,"featured_media":445812,"comment_status":"closed","ping_status":"closed","sticky":false,"template":"","format":"standard","meta":{"om_disable_all_campaigns":false,"_monsterinsights_skip_tracking":false,"_monsterinsights_sitenote_active":false,"_monsterinsights_sitenote_note":"","_monsterinsights_sitenote_category":0},"categories":[5],"tags":[],"aioseo_notices":[],"gutentor_comment":0,"rttpg_featured_image_url":{"full":["https:\/\/arantv.az\/wp-content\/uploads\/2022\/03\/bicaq.jpg",637,400,false],"landscape":["https:\/\/arantv.az\/wp-content\/uploads\/2022\/03\/bicaq.jpg",637,400,false],"portraits":["https:\/\/arantv.az\/wp-content\/uploads\/2022\/03\/bicaq.jpg",637,400,false],"thumbnail":["https:\/\/arantv.az\/wp-content\/uploads\/2022\/03\/bicaq-500x280.jpg",500,280,true],"medium":["https:\/\/arantv.az\/wp-content\/uploads\/2022\/03\/bicaq-581x365.jpg",581,365,true],"large":["https:\/\/arantv.az\/wp-content\/uploads\/2022\/03\/bicaq.jpg",637,400,false],"1536x1536":["https:\/\/arantv.az\/wp-content\/uploads\/2022\/03\/bicaq.jpg",637,400,false],"2048x2048":["https:\/\/arantv.az\/wp-content\/uploads\/2022\/03\/bicaq.jpg",637,400,false],"post-thumbnail":["https:\/\/arantv.az\/wp-content\/uploads\/2022\/03\/bicaq-240x172.jpg",240,172,true],"advps-thumb-one":["https:\/\/arantv.az\/wp-content\/uploads\/2022\/03\/bicaq.jpg",637,400,false]},"rttpg_author":{"display_name":"V\u00fcsal Rafiqo\u011flu","author_link":"https:\/\/arantv.az\/?author=2"},"rttpg_comment":0,"rttpg_category":"<a href=\"https:\/\/arantv.az\/?cat=5\" rel=\"category\">Hadis\u0259<\/a>","rttpg_excerpt":"Fevral\u0131n 27-d\u0259 \u015e\u0259mkirin \u0130rma\u015fl\u0131 k\u0259ndind\u0259 1998-ci il t\u0259v\u0259ll\u00fcdl\u00fc Aytac Famil q\u0131z\u0131 Piriyevan\u0131n q\u0259tl\u0259 yetirilm\u0259sinin b\u0259zi t\u0259f\u0259rr\u00fcatlar\u0131 m\u0259lum olub. ARANTV.AZ\u00a0 &#8220;qafqazinfo&#8221;-ya istinad\u0259n x\u0259b\u0259r verir ki, Aytac \u0259misi o\u011flu 1998-ci il t\u0259v\u0259ll\u00fcdl\u00fc Piri Piriyev t\u0259r\u0259find\u0259n q\u0131sqancl\u0131q niyy\u0259ti il\u0259 \u00f6ld\u00fcr\u00fcl\u00fcb. Bel\u0259 ki, Piri Aytac\u0131n getdiyi komp\u00fcter kursunda kollektiv \u015f\u0259kil \u00e7\u0259kdirdiyini g\u00f6r\u00fcb v\u0259 bundan \u0259s\u0259bl\u0259\u015fib. T\u0259r\u0259fl\u0259r aras\u0131nda bu s\u0259b\u0259bd\u0259n&hellip;","_links":{"self":[{"href":"https:\/\/arantv.az\/index.php?rest_route=\/wp\/v2\/posts\/445811"}],"collection":[{"href":"https:\/\/arantv.az\/index.php?rest_route=\/wp\/v2\/posts"}],"about":[{"href":"https:\/\/arantv.az\/index.php?rest_route=\/wp\/v2\/types\/post"}],"author":[{"embeddable":true,"href":"https:\/\/arantv.az\/index.php?rest_route=\/wp\/v2\/users\/2"}],"replies":[{"embeddable":true,"href":"https:\/\/arantv.az\/index.php?rest_route=%2Fwp%2Fv2%2Fcomments&post=445811"}],"version-history":[{"count":0,"href":"https:\/\/arantv.az\/index.php?rest_route=\/wp\/v2\/posts\/445811\/revisions"}],"wp:featuredmedia":[{"embeddable":true,"href":"https:\/\/arantv.az\/index.php?rest_route=\/wp\/v2\/media\/445812"}],"wp:attachment":[{"href":"https:\/\/arantv.az\/index.php?rest_route=%2Fwp%2Fv2%2Fmedia&parent=445811"}],"wp:term":[{"taxonomy":"category","embeddable":true,"href":"https:\/\/arantv.az\/index.php?rest_route=%2Fwp%2Fv2%2Fcategories&post=445811"},{"taxonomy":"post_tag","embeddable":true,"href":"https:\/\/arantv.az\/index.php?rest_route=%2Fwp%2Fv2%2Ftags&post=445811"}],"curies":[{"name":"wp","href":"https:\/\/api.w.org\/{rel}","templated":true}]}}