{"id":445814,"date":"2022-03-01T07:26:17","date_gmt":"2022-03-01T04:26:17","guid":{"rendered":"http:\/\/arantv.az\/?p=445814"},"modified":"2022-03-01T07:26:17","modified_gmt":"2022-03-01T04:26:17","slug":"ukraynadan-t%c9%99xliy%c9%99-edil%c9%99n-176-az%c9%99rbaycan-v%c9%99t%c9%99ndasi-bakiya-g%c9%99tirilib-foto","status":"publish","type":"post","link":"https:\/\/arantv.az\/?p=445814","title":{"rendered":"Ukraynadan t\u0259xliy\u0259 edil\u0259n 176 Az\u0259rbaycan v\u0259t\u0259nda\u015f\u0131 Bak\u0131ya g\u0259tirilib -FOTO"},"content":{"rendered":"<p>Ukraynadak\u0131 v\u0259ziyy\u0259tl\u0259 \u0259laq\u0259dar, \u00f6lk\u0259ni t\u0259rk ed\u0259r\u0259k Rum\u0131niya d\u00f6vl\u0259tin\u0259 daxil olan Az\u0259rbaycan v\u0259t\u0259nda\u015flar\u0131n\u0131n t\u0259xliy\u0259sini h\u0259yata ke\u00e7irm\u0259k \u00fc\u00e7\u00fcn t\u0259\u015fkil olunan ikinci \u00e7arter reysinin t\u0259yyar\u0259si bu g\u00fcn Heyd\u0259r \u018fliyev Beyn\u0259lxalq Aeroportuna eni\u015f edib.<\/p>\n<p>APA-n\u0131n hava liman\u0131nda olan m\u00fcxbirinin m\u0259lumat\u0131na g\u00f6r\u0259, 176 s\u0259rni\u015fini g\u0259tir\u0259n AZAL-\u0131n t\u0259yyar\u0259si saat 03.20-d\u0259 eni\u015f edib.<\/p>\n<p>Ukraynadak\u0131 v\u0259ziyy\u0259tl\u0259 \u0259laq\u0259dar \u00f6lk\u0259ni t\u0259rk ed\u0259r\u0259k qon\u015fu d\u00f6vl\u0259tl\u0259r\u0259 daxil olan Az\u0259rbaycan v\u0259t\u0259nda\u015flar\u0131n\u0131n t\u0259xliy\u0259sini h\u0259yata ke\u00e7irm\u0259k \u00fc\u00e7\u00fcn d\u00f6vl\u0259t t\u0259r\u0259find\u0259n iki \u00e7arter reysi t\u0259\u015fkil edilib.<\/p>\n<div>\n<div class=\"form-group\"><img class=\"img-responsive\" src=\"https:\/\/d.radikal.ru\/d16\/2202\/c8\/a1ef09426d29.jpg\" \/><\/div>\n<div class=\"form-group\"><img class=\"img-responsive\" src=\"https:\/\/b.radikal.ru\/b23\/2202\/d0\/169a1ba2df2d.jpg\" \/><\/div>\n<\/div>\n","protected":false},"excerpt":{"rendered":"<p>Ukraynadak\u0131 v\u0259ziyy\u0259tl\u0259 \u0259laq\u0259dar, \u00f6lk\u0259ni t\u0259rk ed\u0259r\u0259k Rum\u0131niya d\u00f6vl\u0259tin\u0259 daxil olan Az\u0259rbaycan v\u0259t\u0259nda\u015flar\u0131n\u0131n t\u0259xliy\u0259sini h\u0259yata ke\u00e7irm\u0259k \u00fc\u00e7\u00fcn t\u0259\u015fkil olunan ikinci \u00e7arter reysinin t\u0259yyar\u0259si bu g\u00fcn Heyd\u0259r \u018fliyev Beyn\u0259lxalq Aeroportuna eni\u015f edib. APA-n\u0131n hava liman\u0131nda olan m\u00fcxbirinin m\u0259lumat\u0131na g\u00f6r\u0259, 176 s\u0259rni\u015fini g\u0259tir\u0259n AZAL-\u0131n t\u0259yyar\u0259si saat 03.20-d\u0259 eni\u015f edib. Ukraynadak\u0131 v\u0259ziyy\u0259tl\u0259 \u0259laq\u0259dar \u00f6lk\u0259ni t\u0259rk ed\u0259r\u0259k qon\u015fu d\u00f6vl\u0259tl\u0259r\u0259 daxil olan Az\u0259rbaycan v\u0259t\u0259nda\u015flar\u0131n\u0131n t\u0259xliy\u0259sini h\u0259yata ke\u00e7irm\u0259k \u00fc\u00e7\u00fcn d\u00f6vl\u0259t t\u0259r\u0259find\u0259n iki \u00e7arter reysi t\u0259\u015fkil edilib.<\/p>\n","protected":false},"author":2,"featured_media":445815,"comment_status":"closed","ping_status":"closed","sticky":false,"template":"","format":"standard","meta":{"om_disable_all_campaigns":false,"_monsterinsights_skip_tracking":false,"_monsterinsights_sitenote_active":false,"_monsterinsights_sitenote_note":"","_monsterinsights_sitenote_category":0},"categories":[1],"tags":[],"aioseo_notices":[],"gutentor_comment":0,"rttpg_featured_image_url":{"full":["https:\/\/arantv.az\/wp-content\/uploads\/2022\/03\/06fa2609828641b5109faf9c394c4be2.jpg",450,300,false],"landscape":["https:\/\/arantv.az\/wp-content\/uploads\/2022\/03\/06fa2609828641b5109faf9c394c4be2.jpg",450,300,false],"portraits":["https:\/\/arantv.az\/wp-content\/uploads\/2022\/03\/06fa2609828641b5109faf9c394c4be2.jpg",450,300,false],"thumbnail":["https:\/\/arantv.az\/wp-content\/uploads\/2022\/03\/06fa2609828641b5109faf9c394c4be2-450x280.jpg",450,280,true],"medium":["https:\/\/arantv.az\/wp-content\/uploads\/2022\/03\/06fa2609828641b5109faf9c394c4be2.jpg",450,300,false],"large":["https:\/\/arantv.az\/wp-content\/uploads\/2022\/03\/06fa2609828641b5109faf9c394c4be2.jpg",450,300,false],"1536x1536":["https:\/\/arantv.az\/wp-content\/uploads\/2022\/03\/06fa2609828641b5109faf9c394c4be2.jpg",450,300,false],"2048x2048":["https:\/\/arantv.az\/wp-content\/uploads\/2022\/03\/06fa2609828641b5109faf9c394c4be2.jpg",450,300,false],"post-thumbnail":["https:\/\/arantv.az\/wp-content\/uploads\/2022\/03\/06fa2609828641b5109faf9c394c4be2-240x172.jpg",240,172,true],"advps-thumb-one":["https:\/\/arantv.az\/wp-content\/uploads\/2022\/03\/06fa2609828641b5109faf9c394c4be2.jpg",450,300,false]},"rttpg_author":{"display_name":"V\u00fcsal Rafiqo\u011flu","author_link":"https:\/\/arantv.az\/?author=2"},"rttpg_comment":0,"rttpg_category":"<a href=\"https:\/\/arantv.az\/?cat=1\" rel=\"category\">C\u0259miyy\u0259t<\/a>","rttpg_excerpt":"Ukraynadak\u0131 v\u0259ziyy\u0259tl\u0259 \u0259laq\u0259dar, \u00f6lk\u0259ni t\u0259rk ed\u0259r\u0259k Rum\u0131niya d\u00f6vl\u0259tin\u0259 daxil olan Az\u0259rbaycan v\u0259t\u0259nda\u015flar\u0131n\u0131n t\u0259xliy\u0259sini h\u0259yata ke\u00e7irm\u0259k \u00fc\u00e7\u00fcn t\u0259\u015fkil olunan ikinci \u00e7arter reysinin t\u0259yyar\u0259si bu g\u00fcn Heyd\u0259r \u018fliyev Beyn\u0259lxalq Aeroportuna eni\u015f edib. APA-n\u0131n hava liman\u0131nda olan m\u00fcxbirinin m\u0259lumat\u0131na g\u00f6r\u0259, 176 s\u0259rni\u015fini g\u0259tir\u0259n AZAL-\u0131n t\u0259yyar\u0259si saat 03.20-d\u0259 eni\u015f edib. Ukraynadak\u0131 v\u0259ziyy\u0259tl\u0259 \u0259laq\u0259dar \u00f6lk\u0259ni t\u0259rk ed\u0259r\u0259k qon\u015fu d\u00f6vl\u0259tl\u0259r\u0259 daxil&hellip;","_links":{"self":[{"href":"https:\/\/arantv.az\/index.php?rest_route=\/wp\/v2\/posts\/445814"}],"collection":[{"href":"https:\/\/arantv.az\/index.php?rest_route=\/wp\/v2\/posts"}],"about":[{"href":"https:\/\/arantv.az\/index.php?rest_route=\/wp\/v2\/types\/post"}],"author":[{"embeddable":true,"href":"https:\/\/arantv.az\/index.php?rest_route=\/wp\/v2\/users\/2"}],"replies":[{"embeddable":true,"href":"https:\/\/arantv.az\/index.php?rest_route=%2Fwp%2Fv2%2Fcomments&post=445814"}],"version-history":[{"count":0,"href":"https:\/\/arantv.az\/index.php?rest_route=\/wp\/v2\/posts\/445814\/revisions"}],"wp:featuredmedia":[{"embeddable":true,"href":"https:\/\/arantv.az\/index.php?rest_route=\/wp\/v2\/media\/445815"}],"wp:attachment":[{"href":"https:\/\/arantv.az\/index.php?rest_route=%2Fwp%2Fv2%2Fmedia&parent=445814"}],"wp:term":[{"taxonomy":"category","embeddable":true,"href":"https:\/\/arantv.az\/index.php?rest_route=%2Fwp%2Fv2%2Fcategories&post=445814"},{"taxonomy":"post_tag","embeddable":true,"href":"https:\/\/arantv.az\/index.php?rest_route=%2Fwp%2Fv2%2Ftags&post=445814"}],"curies":[{"name":"wp","href":"https:\/\/api.w.org\/{rel}","templated":true}]}}