{"id":445818,"date":"2022-03-01T07:32:13","date_gmt":"2022-03-01T04:32:13","guid":{"rendered":"http:\/\/arantv.az\/?p=445818"},"modified":"2022-03-01T07:32:13","modified_gmt":"2022-03-01T04:32:13","slug":"cari-ilin-t%c9%99sdiq-olunmus-is-planina-uygun-olaraq-novb%c9%99ti-tapsiriqlar-verildi","status":"publish","type":"post","link":"https:\/\/arantv.az\/?p=445818","title":{"rendered":"Cari ilin t\u0259sdiq olunmu\u015f i\u015f plan\u0131na uy\u011fun olaraq n\u00f6vb\u0259ti tap\u015f\u0131r\u0131qlar verildi"},"content":{"rendered":"<p>\u015e\u0259mkir Rayon \u0130cra Hakimiyy\u0259ti, 2 sayl\u0131 Regional Ekologiya v\u0259 T\u0259bii S\u0259rv\u0259tl\u0259r \u0130dar\u0259si, \u015e\u0259mkir Rayon Gigiyena v\u0259 Epidemiologiya M\u0259rk\u0259zi, inzibati \u0259razi dair\u0259si \u00fczr\u0259 n\u00fcmay\u0259nd\u0259l\u0259r v\u0259 b\u0259l\u0259diyy\u0259l\u0259rin i\u015ftirak\u0131 il\u0259 cari il \u00fc\u00e7\u00fcn t\u0259sdiq olunmu\u015f birg\u0259 i\u015f plan\u0131na uy\u011fun olaraq n\u00f6vb\u0259ti g\u00f6r\u00fc\u015f ke\u00e7irilib.<\/p>\n<p>G\u00f6r\u00fc\u015fd\u0259 \u0259traf m\u00fchitin m\u00fchafiz\u0259si v\u0259 t\u0259mizliyi, m\u0259i\u015f\u0259t tullant\u0131lar\u0131 \u00fc\u00e7\u00fcn x\u00fcsusi yerl\u0259rin ayr\u0131lmas\u0131 v\u0259 bu i\u015f\u0259 n\u0259zar\u0259t edilm\u0259si, \u0259halinin vaksinasiya prosesin\u0259 c\u0259lb olunmas\u0131 \u00fc\u00e7\u00fcn maarifl\u0259ndirm\u0259 i\u015fl\u0259rinin y\u00fcks\u0259k s\u0259viyy\u0259d\u0259 t\u0259\u015fkili, ev t\u0259s\u0259rr\u00fcfatlar\u0131 kitablar\u0131n\u0131n i\u015fl\u0259nm\u0259si v\u0259.s m\u0259s\u0259l\u0259l\u0259r m\u00fczakir\u0259 olunub.<\/p>\n<p>\u015e\u0259mkir Rayon \u0130cra Hakimiyy\u0259tinin ba\u015f\u00e7\u0131s\u0131 R\u0259\u015fad Ta\u011f\u0131yev bildirib ki, m\u0259i\u015f\u0259t tullant\u0131s\u0131 problemi rayonumuzda uzun m\u00fcdd\u0259tdir ki, m\u00fczakir\u0259 edilir. Bu problemin b\u00f6y\u00fck hiss\u0259si \u015e\u0259mkir \u015f\u0259h\u0259rinin m\u0259rk\u0259zi \u0259razil\u0259rind\u0259 art\u0131q m\u00fc\u015fahid\u0259 edilm\u0259s\u0259 d\u0259, \u0259traf k\u0259nd v\u0259 q\u0259s\u0259b\u0259l\u0259rd\u0259 \u00f6z\u00fcn\u00fc qabar\u0131q b\u00fcruz\u0259 verir. Lakin m\u0259i\u015f\u0259t tullant\u0131lar\u0131n\u0131n idar\u0259 olunmas\u0131n\u0131n t\u0259kmill\u0259\u015fdirilm\u0259si istiqam\u0259tind\u0259 g\u00f6r\u00fcl\u0259n i\u015fl\u0259r yax\u0131n g\u0259l\u0259c\u0259kd\u0259 bu sah\u0259d\u0259 n\u00fcmun\u0259vi \u015f\u0259raitin yarad\u0131laca\u011f\u0131ndan x\u0259b\u0259r verir. Bu is\u0259 geni\u015f m\u0259nada rayonun h\u0259m ekoloji v\u0259ziyy\u0259tini daha da yax\u015f\u0131la\u015fd\u0131racaq, h\u0259m d\u0259 rayonumuz daha da g\u00f6z\u0259ll\u0259\u015f\u0259c\u0259kdir.<\/p>\n<p>G\u00f6r\u00fc\u015fd\u0259 h\u0259m\u00e7inin aidiyy\u0259ti qurumlar\u0131n, yerli idar\u0259etm\u0259 orqanlar\u0131n\u0131n v\u0259 ictimaiyy\u0259tin bu istiqam\u0259td\u0259 birg\u0259 f\u0259aliyy\u0259tinin z\u0259ruriliyi v\u0259 \u0259hali aras\u0131nda maarifl\u0259ndirm\u0259 t\u0259dbirl\u0259rinin geni\u015fl\u0259ndirilm\u0259sinin vacibliyi vur\u011fulan\u0131b. Bildirilib ki, bu sah\u0259d\u0259 y\u00fcks\u0259k keyfiyy\u0259tli i\u015fl\u0259r \u0259ld\u0259 etm\u0259k \u00fc\u00e7\u00fcn yeni paliqonlar m\u00fc\u0259yy\u0259n edilm\u0259li v\u0259 m\u0259i\u015f\u0259t tullant\u0131lar\u0131n\u0131n da\u015f\u0131nmas\u0131 i\u015fi g\u00fcn\u00fcn t\u0259l\u0259bl\u0259rin\u0259 uy\u011fun qurulmal\u0131d\u0131r.<\/p>\n<p>Prezident c\u0259nab \u0130lham \u018fliyevin qar\u015f\u0131ya qoydu\u011fu \u0259sas v\u0259zif\u0259l\u0259rd\u0259n birinin v\u0259t\u0259nda\u015f m\u0259mnunlu\u011funun t\u0259min edilm\u0259si oldu\u011funu bildir\u0259n R\u0130H ba\u015f\u00e7\u0131s\u0131 v\u0259t\u0259nda\u015f-m\u0259mur m\u00fcnasib\u0259tl\u0259rinin g\u00fcn\u00fcn t\u0259l\u0259bl\u0259rin\u0259 uy\u011fun qurulmas\u0131, \u015f\u0259hid ail\u0259l\u0259ri v\u0259 qazil\u0259rin m\u00fct\u0259madi diqq\u0259td\u0259 saxlan\u0131lmas\u0131, onlara g\u00f6st\u0259ril\u0259n qay\u011f\u0131n\u0131n daha da art\u0131r\u0131lmas\u0131n\u0131n vacibliyini diqq\u0259t\u0259 \u00e7atd\u0131r\u0131b.<\/p>\n<p>Sonda qald\u0131r\u0131lan m\u0259s\u0259l\u0259l\u0259r \u0259traf\u0131nda m\u00fczakir\u0259l\u0259r apar\u0131l\u0131b, n\u00fcmay\u0259nd\u0259 v\u0259 b\u0259l\u0259diyy\u0259l\u0259ri maraqland\u0131ran suallar cavabland\u0131r\u0131l\u0131b.\u015e\u0259mkir Rayon \u0130cra Hakimiyy\u0259ti, 2 sayl\u0131 Regional Ekologiya v\u0259 T\u0259bii S\u0259rv\u0259tl\u0259r \u0130dar\u0259si, \u015e\u0259mkir Rayon Gigiyena v\u0259 Epidemiologiya M\u0259rk\u0259zi, inzibati \u0259razi dair\u0259si \u00fczr\u0259 n\u00fcmay\u0259nd\u0259l\u0259r v\u0259 b\u0259l\u0259diyy\u0259l\u0259rin i\u015ftirak\u0131 il\u0259 cari il \u00fc\u00e7\u00fcn t\u0259sdiq olunmu\u015f birg\u0259 i\u015f plan\u0131na uy\u011fun olaraq n\u00f6vb\u0259ti g\u00f6r\u00fc\u015f ke\u00e7irilib.<\/p>\n<p>G\u00f6r\u00fc\u015fd\u0259 \u0259traf m\u00fchitin m\u00fchafiz\u0259si v\u0259 t\u0259mizliyi, m\u0259i\u015f\u0259t tullant\u0131lar\u0131 \u00fc\u00e7\u00fcn x\u00fcsusi yerl\u0259rin ayr\u0131lmas\u0131 v\u0259 bu i\u015f\u0259 n\u0259zar\u0259t edilm\u0259si, \u0259halinin vaksinasiya prosesin\u0259 c\u0259lb olunmas\u0131 \u00fc\u00e7\u00fcn maarifl\u0259ndirm\u0259 i\u015fl\u0259rinin y\u00fcks\u0259k s\u0259viyy\u0259d\u0259 t\u0259\u015fkili, ev t\u0259s\u0259rr\u00fcfatlar\u0131 kitablar\u0131n\u0131n i\u015fl\u0259nm\u0259si v\u0259.s m\u0259s\u0259l\u0259l\u0259r m\u00fczakir\u0259 olunub.<\/p>\n<p>\u015e\u0259mkir Rayon \u0130cra Hakimiyy\u0259tinin ba\u015f\u00e7\u0131s\u0131 R\u0259\u015fad Ta\u011f\u0131yev bildirib ki, m\u0259i\u015f\u0259t tullant\u0131s\u0131 problemi rayonumuzda uzun m\u00fcdd\u0259tdir ki, m\u00fczakir\u0259 edilir. Bu problemin b\u00f6y\u00fck hiss\u0259si \u015e\u0259mkir \u015f\u0259h\u0259rinin m\u0259rk\u0259zi \u0259razil\u0259rind\u0259 art\u0131q m\u00fc\u015fahid\u0259 edilm\u0259s\u0259 d\u0259, \u0259traf k\u0259nd v\u0259 q\u0259s\u0259b\u0259l\u0259rd\u0259 \u00f6z\u00fcn\u00fc qabar\u0131q b\u00fcruz\u0259 verir. Lakin m\u0259i\u015f\u0259t tullant\u0131lar\u0131n\u0131n idar\u0259 olunmas\u0131n\u0131n t\u0259kmill\u0259\u015fdirilm\u0259si istiqam\u0259tind\u0259 g\u00f6r\u00fcl\u0259n i\u015fl\u0259r yax\u0131n g\u0259l\u0259c\u0259kd\u0259 bu sah\u0259d\u0259 n\u00fcmun\u0259vi \u015f\u0259raitin yarad\u0131laca\u011f\u0131ndan x\u0259b\u0259r verir. Bu is\u0259 geni\u015f m\u0259nada rayonun h\u0259m ekoloji v\u0259ziyy\u0259tini daha da yax\u015f\u0131la\u015fd\u0131racaq, h\u0259m d\u0259 rayonumuz daha da g\u00f6z\u0259ll\u0259\u015f\u0259c\u0259kdir.<\/p>\n<p>G\u00f6r\u00fc\u015fd\u0259 h\u0259m\u00e7inin aidiyy\u0259ti qurumlar\u0131n, yerli idar\u0259etm\u0259 orqanlar\u0131n\u0131n v\u0259 ictimaiyy\u0259tin bu istiqam\u0259td\u0259 birg\u0259 f\u0259aliyy\u0259tinin z\u0259ruriliyi v\u0259 \u0259hali aras\u0131nda maarifl\u0259ndirm\u0259 t\u0259dbirl\u0259rinin geni\u015fl\u0259ndirilm\u0259sinin vacibliyi vur\u011fulan\u0131b. Bildirilib ki, bu sah\u0259d\u0259 y\u00fcks\u0259k keyfiyy\u0259tli i\u015fl\u0259r \u0259ld\u0259 etm\u0259k \u00fc\u00e7\u00fcn yeni paliqonlar m\u00fc\u0259yy\u0259n edilm\u0259li v\u0259 m\u0259i\u015f\u0259t tullant\u0131lar\u0131n\u0131n da\u015f\u0131nmas\u0131 i\u015fi g\u00fcn\u00fcn t\u0259l\u0259bl\u0259rin\u0259 uy\u011fun qurulmal\u0131d\u0131r.<\/p>\n<p>Prezident c\u0259nab \u0130lham \u018fliyevin qar\u015f\u0131ya qoydu\u011fu \u0259sas v\u0259zif\u0259l\u0259rd\u0259n birinin v\u0259t\u0259nda\u015f m\u0259mnunlu\u011funun t\u0259min edilm\u0259si oldu\u011funu bildir\u0259n R\u0130H ba\u015f\u00e7\u0131s\u0131 v\u0259t\u0259nda\u015f-m\u0259mur m\u00fcnasib\u0259tl\u0259rinin g\u00fcn\u00fcn t\u0259l\u0259bl\u0259rin\u0259 uy\u011fun qurulmas\u0131, \u015f\u0259hid ail\u0259l\u0259ri v\u0259 qazil\u0259rin m\u00fct\u0259madi diqq\u0259td\u0259 saxlan\u0131lmas\u0131, onlara g\u00f6st\u0259ril\u0259n qay\u011f\u0131n\u0131n daha da art\u0131r\u0131lmas\u0131n\u0131n vacibliyini diqq\u0259t\u0259 \u00e7atd\u0131r\u0131b.<\/p>\n<p>Sonda qald\u0131r\u0131lan m\u0259s\u0259l\u0259l\u0259r \u0259traf\u0131nda m\u00fczakir\u0259l\u0259r apar\u0131l\u0131b, n\u00fcmay\u0259nd\u0259 v\u0259 b\u0259l\u0259diyy\u0259l\u0259ri maraqland\u0131ran suallar cavabland\u0131r\u0131l\u0131b.<\/p>\n<p><img loading=\"lazy\" src=\"http:\/\/shamkir-ih.gov.az\/userfiles\/images\/2315-2.jpg\" alt=\"\" width=\"650\" height=\"366\" \/><\/p>\n<p><img loading=\"lazy\" src=\"http:\/\/shamkir-ih.gov.az\/userfiles\/images\/2315-3.jpg\" alt=\"\" width=\"650\" height=\"366\" \/><\/p>\n<p><img loading=\"lazy\" src=\"http:\/\/shamkir-ih.gov.az\/userfiles\/images\/2315-4.jpg\" alt=\"\" width=\"650\" height=\"366\" \/><\/p>\n<p><img loading=\"lazy\" src=\"http:\/\/shamkir-ih.gov.az\/userfiles\/images\/2315-5(1).jpg\" alt=\"\" width=\"650\" height=\"366\" \/><\/p>\n","protected":false},"excerpt":{"rendered":"<p>\u015e\u0259mkir Rayon \u0130cra Hakimiyy\u0259ti, 2 sayl\u0131 Regional Ekologiya v\u0259 T\u0259bii S\u0259rv\u0259tl\u0259r \u0130dar\u0259si, \u015e\u0259mkir Rayon Gigiyena v\u0259 Epidemiologiya M\u0259rk\u0259zi, inzibati \u0259razi dair\u0259si \u00fczr\u0259 n\u00fcmay\u0259nd\u0259l\u0259r v\u0259 b\u0259l\u0259diyy\u0259l\u0259rin i\u015ftirak\u0131 il\u0259 cari il \u00fc\u00e7\u00fcn t\u0259sdiq olunmu\u015f birg\u0259 i\u015f plan\u0131na uy\u011fun olaraq n\u00f6vb\u0259ti g\u00f6r\u00fc\u015f ke\u00e7irilib. G\u00f6r\u00fc\u015fd\u0259 \u0259traf m\u00fchitin m\u00fchafiz\u0259si v\u0259 t\u0259mizliyi, m\u0259i\u015f\u0259t tullant\u0131lar\u0131 \u00fc\u00e7\u00fcn x\u00fcsusi yerl\u0259rin ayr\u0131lmas\u0131 v\u0259 bu i\u015f\u0259 n\u0259zar\u0259t edilm\u0259si, \u0259halinin vaksinasiya prosesin\u0259 c\u0259lb olunmas\u0131 \u00fc\u00e7\u00fcn maarifl\u0259ndirm\u0259 i\u015fl\u0259rinin y\u00fcks\u0259k s\u0259viyy\u0259d\u0259 t\u0259\u015fkili, ev t\u0259s\u0259rr\u00fcfatlar\u0131 kitablar\u0131n\u0131n i\u015fl\u0259nm\u0259si v\u0259.s m\u0259s\u0259l\u0259l\u0259r m\u00fczakir\u0259 olunub. \u015e\u0259mkir Rayon \u0130cra Hakimiyy\u0259tinin ba\u015f\u00e7\u0131s\u0131 R\u0259\u015fad Ta\u011f\u0131yev bildirib ki, m\u0259i\u015f\u0259t tullant\u0131s\u0131 problemi rayonumuzda uzun&hellip;<\/p>\n","protected":false},"author":2,"featured_media":445819,"comment_status":"closed","ping_status":"closed","sticky":false,"template":"","format":"standard","meta":{"om_disable_all_campaigns":false,"_monsterinsights_skip_tracking":false,"_monsterinsights_sitenote_active":false,"_monsterinsights_sitenote_note":"","_monsterinsights_sitenote_category":0},"categories":[2],"tags":[],"aioseo_notices":[],"gutentor_comment":0,"rttpg_featured_image_url":{"full":["https:\/\/arantv.az\/wp-content\/uploads\/2022\/03\/2315-1.jpg",1600,900,false],"landscape":["https:\/\/arantv.az\/wp-content\/uploads\/2022\/03\/2315-1.jpg",1600,900,false],"portraits":["https:\/\/arantv.az\/wp-content\/uploads\/2022\/03\/2315-1.jpg",1600,900,false],"thumbnail":["https:\/\/arantv.az\/wp-content\/uploads\/2022\/03\/2315-1-500x280.jpg",500,280,true],"medium":["https:\/\/arantv.az\/wp-content\/uploads\/2022\/03\/2315-1-649x365.jpg",649,365,true],"large":["https:\/\/arantv.az\/wp-content\/uploads\/2022\/03\/2315-1-840x473.jpg",640,360,true],"1536x1536":["https:\/\/arantv.az\/wp-content\/uploads\/2022\/03\/2315-1-1536x864.jpg",1536,864,true],"2048x2048":["https:\/\/arantv.az\/wp-content\/uploads\/2022\/03\/2315-1.jpg",1600,900,false],"post-thumbnail":["https:\/\/arantv.az\/wp-content\/uploads\/2022\/03\/2315-1-240x172.jpg",240,172,true],"advps-thumb-one":["https:\/\/arantv.az\/wp-content\/uploads\/2022\/03\/2315-1-1200x620.jpg",1200,620,true]},"rttpg_author":{"display_name":"V\u00fcsal Rafiqo\u011flu","author_link":"https:\/\/arantv.az\/?author=2"},"rttpg_comment":0,"rttpg_category":"<a href=\"https:\/\/arantv.az\/?cat=2\" rel=\"category\">Region X\u0259b\u0259rl\u0259ri<\/a>","rttpg_excerpt":"\u015e\u0259mkir Rayon \u0130cra Hakimiyy\u0259ti, 2 sayl\u0131 Regional Ekologiya v\u0259 T\u0259bii S\u0259rv\u0259tl\u0259r \u0130dar\u0259si, \u015e\u0259mkir Rayon Gigiyena v\u0259 Epidemiologiya M\u0259rk\u0259zi, inzibati \u0259razi dair\u0259si \u00fczr\u0259 n\u00fcmay\u0259nd\u0259l\u0259r v\u0259 b\u0259l\u0259diyy\u0259l\u0259rin i\u015ftirak\u0131 il\u0259 cari il \u00fc\u00e7\u00fcn t\u0259sdiq olunmu\u015f birg\u0259 i\u015f plan\u0131na uy\u011fun olaraq n\u00f6vb\u0259ti g\u00f6r\u00fc\u015f ke\u00e7irilib. G\u00f6r\u00fc\u015fd\u0259 \u0259traf m\u00fchitin m\u00fchafiz\u0259si v\u0259 t\u0259mizliyi, m\u0259i\u015f\u0259t tullant\u0131lar\u0131 \u00fc\u00e7\u00fcn x\u00fcsusi yerl\u0259rin ayr\u0131lmas\u0131 v\u0259 bu i\u015f\u0259&hellip;","_links":{"self":[{"href":"https:\/\/arantv.az\/index.php?rest_route=\/wp\/v2\/posts\/445818"}],"collection":[{"href":"https:\/\/arantv.az\/index.php?rest_route=\/wp\/v2\/posts"}],"about":[{"href":"https:\/\/arantv.az\/index.php?rest_route=\/wp\/v2\/types\/post"}],"author":[{"embeddable":true,"href":"https:\/\/arantv.az\/index.php?rest_route=\/wp\/v2\/users\/2"}],"replies":[{"embeddable":true,"href":"https:\/\/arantv.az\/index.php?rest_route=%2Fwp%2Fv2%2Fcomments&post=445818"}],"version-history":[{"count":0,"href":"https:\/\/arantv.az\/index.php?rest_route=\/wp\/v2\/posts\/445818\/revisions"}],"wp:featuredmedia":[{"embeddable":true,"href":"https:\/\/arantv.az\/index.php?rest_route=\/wp\/v2\/media\/445819"}],"wp:attachment":[{"href":"https:\/\/arantv.az\/index.php?rest_route=%2Fwp%2Fv2%2Fmedia&parent=445818"}],"wp:term":[{"taxonomy":"category","embeddable":true,"href":"https:\/\/arantv.az\/index.php?rest_route=%2Fwp%2Fv2%2Fcategories&post=445818"},{"taxonomy":"post_tag","embeddable":true,"href":"https:\/\/arantv.az\/index.php?rest_route=%2Fwp%2Fv2%2Ftags&post=445818"}],"curies":[{"name":"wp","href":"https:\/\/api.w.org\/{rel}","templated":true}]}}