{"id":445821,"date":"2022-03-01T07:33:24","date_gmt":"2022-03-01T04:33:24","guid":{"rendered":"http:\/\/arantv.az\/?p=445821"},"modified":"2022-03-01T07:33:24","modified_gmt":"2022-03-01T04:33:24","slug":"agcab%c9%99did%c9%99-d%c9%99r%c9%99c%c9%99li-idmancilarin-v%c9%99-m%c9%99sqci-mu%c9%99lliml%c9%99rin-istiraki-il%c9%99-gorus-kecirilmisdir","status":"publish","type":"post","link":"https:\/\/arantv.az\/?p=445821","title":{"rendered":"A\u011fcab\u0259did\u0259 d\u0259r\u0259c\u0259li idman\u00e7\u0131lar\u0131n v\u0259 m\u0259\u015fq\u00e7i m\u00fc\u0259lliml\u0259rin i\u015ftiraki il\u0259 g\u00f6r\u00fc\u015f ke\u00e7irilmi\u015fdir."},"content":{"rendered":"<p>28 fevral 2022-ci il tarixd\u0259 Az\u0259rbaycan Respublikas\u0131n\u0131n G\u0259ncl\u0259r v\u0259 \u0130dman Nazirliyinin t\u0259\u015f\u0259bb\u00fcs\u00fc il\u0259 ke\u00e7iril\u0259n \u201d\u0130dman H\u0259ft\u0259si\u201d \u00e7\u0259r\u00e7iv\u0259sind\u0259 A\u011fcab\u0259di Rayon G\u0259ncl\u0259r v\u0259 \u0130dman \u0130dar\u0259sinin v\u0259 Olimpiya \u0130dman Kompleksinin birg\u0259 t\u0259\u015fkilat\u00e7\u0131l\u0131\u011f\u0131 il\u0259 05 mart &#8211; B\u0259d\u0259n T\u0259rbiy\u0259si v\u0259 \u0130dman G\u00fcn\u00fcn\u0259 h\u0259sr olunmu\u015f d\u0259r\u0259c\u0259li idman\u00e7\u0131lar\u0131n v\u0259 m\u0259\u015fq\u00e7i m\u00fc\u0259lliml\u0259rin i\u015ftiraki il\u0259 g\u00f6r\u00fc\u015f ke\u00e7irilmi\u015fdir.<\/p>\n<p>A\u011fcab\u0259di Olimpiya \u0130dman Kompleksinin akt zal\u0131nda ba\u015f tutmu\u015f g\u00f6r\u00fc\u015fd\u0259 rayon G\u0259ncl\u0259r v\u0259 \u0130dman \u0130dar\u0259sinin, Olimpiya \u0130dman Kompleksinin, Az\u0259rbaycan Karate-do Federasiyalar\u0131 Assosiasiyas\u0131n\u0131n, Az\u0259rbaycan Taekvondo Federasiyas\u0131n\u0131n, Az\u0259rbaycan Boks Federasiyas\u0131n\u0131n, Az\u0259rbaycan G\u00fcl\u0259\u015f Federasiyas\u0131n\u0131n, Az\u0259rbaycan Kikboksinq Federasiyas\u0131n\u0131n, Az\u0259rbaycan MMA Federasiyas\u0131n\u0131n, Az\u0259rbaycan Juboksinq Citsu Federasiyas\u0131n\u0131n rayon n\u00fcmay\u0259nd\u0259l\u0259ri v\u0259 idman\u00e7\u0131lar i\u015ftirak etmi\u015fdir.<\/p>\n<p>T\u0259dbiri giri\u015f s\u00f6z\u00fc il\u0259 a\u00e7an A\u011fcab\u0259di Rayon G\u0259ncl\u0259r v\u0259 \u0130dman \u0130dar\u0259sinin r\u0259is m\u00fcavini Eld\u0259niz Q\u0259nb\u0259rov \u0259vv\u0259lc\u0259 idman\u00e7\u0131lar\u0131 qa\u015f\u0131dan g\u0259l\u0259n bayram m\u00fcnasib\u0259ti il\u0259 t\u0259brik ed\u0259r\u0259k qeyd etdi ki, Mart\u0131n ay\u0131n\u0131n 5-i Az\u0259rbaycanda B\u0259d\u0259n T\u0259rbiy\u0259si v\u0259 \u0130dman G\u00fcn\u00fcd\u00fcr. Bu tarix Az\u0259rbaycan Respublikas\u0131n\u0131n Prezidenti c\u0259nab \u0130lham \u018fliyevin \u201cB\u0259d\u0259n T\u0259rbiy\u0259si v\u0259 \u0130dman G\u00fcn\u00fc\u201dn\u00fcn t\u0259sis edilm\u0259si haqq\u0131nda 2005-ci il 4 mart tarixli S\u0259r\u0259ncam\u0131na \u0259sas\u0259n qeyd edilir.<\/p>\n<p>Az\u0259rbaycanda B\u0259d\u0259n T\u0259rbiy\u0259si v\u0259 \u0130dman G\u00fcn\u00fcn\u00fcn mart\u0131n 5-d\u0259 qeyd olunmas\u0131 t\u0259sad\u00fcfi deyil. M\u0259hz 1995-ci il mart\u0131n 5-d\u0259 Ulu \u00d6nd\u0259r Heyd\u0259r \u018fliyev Bak\u0131 \u0130dman Saray\u0131nda D\u00fcnya v\u0259 Avropa \u00e7empionatlar\u0131n\u0131n qalibl\u0259ri v\u0259 m\u00fckafat\u00e7\u0131lar\u0131 il\u0259 g\u00f6r\u00fc\u015f\u00fcb, \u0130dman Fondunu t\u0259sis edib, b\u0259d\u0259n t\u0259rbiy\u0259si v\u0259 idman\u0131n inki\u015faf\u0131nda yeni strategiyan\u0131n t\u0259m\u0259lini qoyub. Prezidenti \u0130lham \u018fliyevin 1997-ci ild\u0259 Milli Olimpiya Komit\u0259sinin r\u0259hb\u0259ri se\u00e7ilm\u0259sind\u0259n sonra \u00f6lk\u0259mizd\u0259 idmana, b\u0259d\u0259n t\u0259rbiy\u0259sin\u0259 diqq\u0259t daha da artd\u0131, idman\u0131n maddi-texniki bazas\u0131n\u0131n m\u00f6hk\u0259ml\u0259ndirilm\u0259si, idman\u00e7\u0131lar\u0131n pe\u015f\u0259kar s\u0259viyy\u0259d\u0259 haz\u0131rlanmas\u0131na g\u00f6st\u0259ril\u0259n qay\u011f\u0131 is\u0259 tezlikl\u0259 \u00f6z m\u00fcsb\u0259t n\u0259tic\u0259sini g\u00f6st\u0259rdi.<\/p>\n<p>G\u00f6r\u00fc\u015fd\u0259 \u00e7\u0131x\u0131\u015f ed\u0259n dig\u0259r qonaqlar \u201c5 mart &#8211; B\u0259d\u0259n T\u0259rbiy\u0259si v\u0259 \u0130dman G\u00fcn\u00fc\u201d m\u00fcnasib\u0259ti il\u0259 idman\u00e7\u0131lar\u0131 t\u0259brik ed\u0259r\u0259k \u00f6lk\u0259mizd\u0259 idmana v\u0259 idman\u00e7\u0131lara g\u00f6st\u0259ril\u0259n diqq\u0259t v\u0259 qay\u011f\u0131dan \u0259trafl\u0131 s\u00f6z a\u00e7d\u0131lar.<\/p>\n","protected":false},"excerpt":{"rendered":"<p>28 fevral 2022-ci il tarixd\u0259 Az\u0259rbaycan Respublikas\u0131n\u0131n G\u0259ncl\u0259r v\u0259 \u0130dman Nazirliyinin t\u0259\u015f\u0259bb\u00fcs\u00fc il\u0259 ke\u00e7iril\u0259n \u201d\u0130dman H\u0259ft\u0259si\u201d \u00e7\u0259r\u00e7iv\u0259sind\u0259 A\u011fcab\u0259di Rayon G\u0259ncl\u0259r v\u0259 \u0130dman \u0130dar\u0259sinin v\u0259 Olimpiya \u0130dman Kompleksinin birg\u0259 t\u0259\u015fkilat\u00e7\u0131l\u0131\u011f\u0131 il\u0259 05 mart &#8211; B\u0259d\u0259n T\u0259rbiy\u0259si v\u0259 \u0130dman G\u00fcn\u00fcn\u0259 h\u0259sr olunmu\u015f d\u0259r\u0259c\u0259li idman\u00e7\u0131lar\u0131n v\u0259 m\u0259\u015fq\u00e7i m\u00fc\u0259lliml\u0259rin i\u015ftiraki il\u0259 g\u00f6r\u00fc\u015f ke\u00e7irilmi\u015fdir. A\u011fcab\u0259di Olimpiya \u0130dman Kompleksinin akt zal\u0131nda ba\u015f tutmu\u015f g\u00f6r\u00fc\u015fd\u0259 rayon G\u0259ncl\u0259r v\u0259 \u0130dman \u0130dar\u0259sinin, Olimpiya \u0130dman Kompleksinin, Az\u0259rbaycan Karate-do Federasiyalar\u0131 Assosiasiyas\u0131n\u0131n, Az\u0259rbaycan Taekvondo Federasiyas\u0131n\u0131n, Az\u0259rbaycan Boks Federasiyas\u0131n\u0131n, Az\u0259rbaycan G\u00fcl\u0259\u015f Federasiyas\u0131n\u0131n, Az\u0259rbaycan Kikboksinq Federasiyas\u0131n\u0131n, Az\u0259rbaycan MMA Federasiyas\u0131n\u0131n, Az\u0259rbaycan Juboksinq Citsu Federasiyas\u0131n\u0131n rayon&hellip;<\/p>\n","protected":false},"author":2,"featured_media":445822,"comment_status":"closed","ping_status":"closed","sticky":false,"template":"","format":"standard","meta":{"om_disable_all_campaigns":false,"_monsterinsights_skip_tracking":false,"_monsterinsights_sitenote_active":false,"_monsterinsights_sitenote_note":"","_monsterinsights_sitenote_category":0},"categories":[2],"tags":[],"aioseo_notices":[],"gutentor_comment":0,"rttpg_featured_image_url":{"full":["https:\/\/arantv.az\/wp-content\/uploads\/2022\/03\/f30899dae28338900864e02f99e025af.jpg",1280,960,false],"landscape":["https:\/\/arantv.az\/wp-content\/uploads\/2022\/03\/f30899dae28338900864e02f99e025af.jpg",1280,960,false],"portraits":["https:\/\/arantv.az\/wp-content\/uploads\/2022\/03\/f30899dae28338900864e02f99e025af.jpg",1280,960,false],"thumbnail":["https:\/\/arantv.az\/wp-content\/uploads\/2022\/03\/f30899dae28338900864e02f99e025af-500x280.jpg",500,280,true],"medium":["https:\/\/arantv.az\/wp-content\/uploads\/2022\/03\/f30899dae28338900864e02f99e025af-487x365.jpg",487,365,true],"large":["https:\/\/arantv.az\/wp-content\/uploads\/2022\/03\/f30899dae28338900864e02f99e025af-840x630.jpg",640,480,true],"1536x1536":["https:\/\/arantv.az\/wp-content\/uploads\/2022\/03\/f30899dae28338900864e02f99e025af.jpg",1280,960,false],"2048x2048":["https:\/\/arantv.az\/wp-content\/uploads\/2022\/03\/f30899dae28338900864e02f99e025af.jpg",1280,960,false],"post-thumbnail":["https:\/\/arantv.az\/wp-content\/uploads\/2022\/03\/f30899dae28338900864e02f99e025af-240x172.jpg",240,172,true],"advps-thumb-one":["https:\/\/arantv.az\/wp-content\/uploads\/2022\/03\/f30899dae28338900864e02f99e025af-1200x620.jpg",1200,620,true]},"rttpg_author":{"display_name":"V\u00fcsal Rafiqo\u011flu","author_link":"https:\/\/arantv.az\/?author=2"},"rttpg_comment":0,"rttpg_category":"<a href=\"https:\/\/arantv.az\/?cat=2\" rel=\"category\">Region X\u0259b\u0259rl\u0259ri<\/a>","rttpg_excerpt":"28 fevral 2022-ci il tarixd\u0259 Az\u0259rbaycan Respublikas\u0131n\u0131n G\u0259ncl\u0259r v\u0259 \u0130dman Nazirliyinin t\u0259\u015f\u0259bb\u00fcs\u00fc il\u0259 ke\u00e7iril\u0259n \u201d\u0130dman H\u0259ft\u0259si\u201d \u00e7\u0259r\u00e7iv\u0259sind\u0259 A\u011fcab\u0259di Rayon G\u0259ncl\u0259r v\u0259 \u0130dman \u0130dar\u0259sinin v\u0259 Olimpiya \u0130dman Kompleksinin birg\u0259 t\u0259\u015fkilat\u00e7\u0131l\u0131\u011f\u0131 il\u0259 05 mart &#8211; B\u0259d\u0259n T\u0259rbiy\u0259si v\u0259 \u0130dman G\u00fcn\u00fcn\u0259 h\u0259sr olunmu\u015f d\u0259r\u0259c\u0259li idman\u00e7\u0131lar\u0131n v\u0259 m\u0259\u015fq\u00e7i m\u00fc\u0259lliml\u0259rin i\u015ftiraki il\u0259 g\u00f6r\u00fc\u015f ke\u00e7irilmi\u015fdir. A\u011fcab\u0259di Olimpiya \u0130dman Kompleksinin akt zal\u0131nda&hellip;","_links":{"self":[{"href":"https:\/\/arantv.az\/index.php?rest_route=\/wp\/v2\/posts\/445821"}],"collection":[{"href":"https:\/\/arantv.az\/index.php?rest_route=\/wp\/v2\/posts"}],"about":[{"href":"https:\/\/arantv.az\/index.php?rest_route=\/wp\/v2\/types\/post"}],"author":[{"embeddable":true,"href":"https:\/\/arantv.az\/index.php?rest_route=\/wp\/v2\/users\/2"}],"replies":[{"embeddable":true,"href":"https:\/\/arantv.az\/index.php?rest_route=%2Fwp%2Fv2%2Fcomments&post=445821"}],"version-history":[{"count":0,"href":"https:\/\/arantv.az\/index.php?rest_route=\/wp\/v2\/posts\/445821\/revisions"}],"wp:featuredmedia":[{"embeddable":true,"href":"https:\/\/arantv.az\/index.php?rest_route=\/wp\/v2\/media\/445822"}],"wp:attachment":[{"href":"https:\/\/arantv.az\/index.php?rest_route=%2Fwp%2Fv2%2Fmedia&parent=445821"}],"wp:term":[{"taxonomy":"category","embeddable":true,"href":"https:\/\/arantv.az\/index.php?rest_route=%2Fwp%2Fv2%2Fcategories&post=445821"},{"taxonomy":"post_tag","embeddable":true,"href":"https:\/\/arantv.az\/index.php?rest_route=%2Fwp%2Fv2%2Ftags&post=445821"}],"curies":[{"name":"wp","href":"https:\/\/api.w.org\/{rel}","templated":true}]}}