{"id":445837,"date":"2022-03-01T08:05:32","date_gmt":"2022-03-01T05:05:32","guid":{"rendered":"http:\/\/arantv.az\/?p=445837"},"modified":"2022-03-01T08:05:32","modified_gmt":"2022-03-01T05:05:32","slug":"c%c9%99nubi-qafqazin-ukrayna-sinagi-az%c9%99rbaycan-gurcustan-erm%c9%99nistan-kremli-qiciqlandirmir","status":"publish","type":"post","link":"https:\/\/arantv.az\/?p=445837","title":{"rendered":"C\u0259nubi Qafqaz\u0131n Ukrayna s\u0131na\u011f\u0131 &#8211; Az\u0259rbaycan, G\u00fcrc\u00fcstan, Erm\u0259nistan Kremli q\u0131c\u0131qland\u0131rm\u0131r&#8230;"},"content":{"rendered":"<p><strong>\u201c\u018fg\u0259r beyn\u0259lxalq h\u00fcquq tan\u0131mayan Rusiya il\u0259 \u00fcz-\u00fcz\u0259 qalm\u0131sansa, buna uy\u011fun siyas\u0259t y\u00fcr\u00fctm\u0259lis\u0259n\u201d &#8211; politoloq r\u0259yi<\/strong><\/p>\n<p><strong>Rusiyan\u0131n fevral\u0131n 24-d\u0259n Ukrayna \u0259razil\u0259rin\u0259 h\u00fccumu d\u00fcnya t\u0259r\u0259find\u0259n birm\u0259nal\u0131 \u015f\u0259kild\u0259 pisl\u0259nm\u0259kd\u0259dir. El\u0259 bir \u00f6lk\u0259 yoxdur ki, Kremlin i\u015f\u011fal\u00e7\u0131 siyas\u0259tini t\u0259qdir etsin, yaxud ona d\u0259st\u0259k versin. Bu m\u00fcharib\u0259d\u0259 istisna olaraq Belarus Rusiyan\u0131n vassal\u0131 kimi h\u0259r\u0259k\u0259t edir, dig\u0259r \u00f6lk\u0259l\u0259r is\u0259 Ukraynan\u0131n yan\u0131ndad\u0131r, Moskvaya qar\u015f\u0131 sanksiyalar\u0131 d\u0259st\u0259kl\u0259yirl\u0259r. \u018fn pis halda AB\u015e v\u0259 NATO q\u0131nan\u0131r ki, bu geopolitik qar\u015f\u0131durman\u0131n ucbat\u0131ndan Ukrayna qurbana \u00e7evrilib, d\u00f6y\u00fc\u015f platsdarm\u0131 kim istifad\u0259 olunur.<\/strong><\/p>\n<p>\u201cYeni M\u00fcsavat\u201d bildirir ki,\u00a0 Rusiya-Ukrayna c\u0259bh\u0259sind\u0259 ged\u0259n d\u00f6y\u00fc\u015fl\u0259rl\u0259 ba\u011fl\u0131 C\u0259nubi Qafqaz \u00f6lk\u0259l\u0259ri d\u0259 t\u0259r\u0259dd\u00fcd v\u0259 ehtiyatla add\u0131m at\u0131rlar. H\u0259tta \u201cSoros\u201d Fondunun yeti\u015fdirm\u0259si olan Pa\u015finyan h\u00f6kum\u0259ti bel\u0259 Q\u0259rbl\u0259 h\u0259mr\u0259ylik n\u00fcmayi\u015f etdirmir, Erm\u0259nistanda Ukraynaya d\u0259st\u0259k aksiyalar\u0131 ke\u00e7irilmir, bu azm\u0131\u015f kimi, Rusiyan\u0131n Avropa \u015euras\u0131ndan \u00e7\u0131xar\u0131lmas\u0131 il\u0259 ba\u011fl\u0131 s\u0259sverm\u0259d\u0259 Rusiyadan savay\u0131 yegan\u0259 Erm\u0259nistan \u0259leyhin\u0259 s\u0259s verdi. H\u0259r\u00e7\u0259nd Erm\u0259nistanda ciddi antirus \u0259hval-ruhiyy\u0259si var, Qaraba\u011f m\u00fcharib\u0259sind\u0259 m\u0259\u011flubiyy\u0259t\u0259 g\u00f6r\u0259 Rusiyan\u0131 g\u00fcnahkar \u00e7\u0131xar\u0131rlar, Pa\u015finyan m\u0259kt\u0259bl\u0259rd\u0259 rus sektorlar\u0131n\u0131 ba\u011flay\u0131b, rus telekanallar\u0131n\u0131n yay\u0131m\u0131n\u0131 qada\u011fan etmi\u015fdi. O bax\u0131mdan \u0130r\u0259van k\u00fc\u00e7\u0259l\u0259rind\u0259 Rusiya \u0259leyhin\u0259 aksiyalar g\u00f6zl\u0259nilirdi, amma n\u0259 r\u0259smi \u015f\u0259kild\u0259 Ukraynaya d\u0259st\u0259k var, n\u0259 Erm\u0259nistanda v\u0259t\u0259nda\u015f c\u0259miyy\u0259ti mitinql\u0259r ke\u00e7irir.<\/p>\n<p>G\u00fcrc\u00fcstana g\u0259linc\u0259, Tiflisd\u0259 minl\u0259rl\u0259 insan\u0131n i\u015ftirak etdiyi mitinql\u0259r ke\u00e7irils\u0259 d\u0259, Qariba\u015fvili hakimiyy\u0259tind\u0259n Ukraynaya d\u0259st\u0259k \u00fc\u00e7\u00fcn hans\u0131sa a\u00e7\u0131q, s\u0259rt b\u0259yanatlar olmay\u0131b. \u00dcst\u0259lik, r\u0259smi Tiflis Rusiya \u0259leyhin\u0259 sanksiyalara da qo\u015fulmad\u0131\u011f\u0131n\u0131 a\u00e7\u0131qlad\u0131. Halbuki C\u0259nubi Qafqazda Rusiya il\u0259 d\u00fc\u015fm\u0259n olan, \u0259razil\u0259ri Abxaziya v\u0259 C\u0259nubi Osetiyan\u0131 i\u015f\u011fal etmi\u015f, 2008-c\u0131 ild\u0259 Ukraynan\u0131n ya\u015fad\u0131qlar\u0131\u00a0 ba\u015f\u0131na g\u0259lmi\u015f, q\u0259rp\u0259r\u0259st siyas\u0259t y\u00fcr\u00fctm\u00fc\u015f \u00f6lk\u0259 G\u00fcrc\u00fcstand\u0131r.<\/p>\n<p><strong>Az\u0259rbaycana g\u0259ldikd\u0259, r\u0259smi Bak\u0131 bu m\u0259s\u0259l\u0259d\u0259 vasit\u0259\u00e7i, bar\u0131\u015fd\u0131r\u0131c\u0131 rol oynama\u011fa \u00e7al\u0131\u015f\u0131r. H\u0259tta Ukrayna prezidenti Volodimir Zelenskinin Rusiya n\u00fcmay\u0259nd\u0259 hey\u0259ti il\u0259 dan\u0131\u015f\u0131qlar \u00fc\u00e7\u00fcn t\u0259klif etdiyi \u015f\u0259h\u0259rl\u0259rd\u0259n biri Bak\u0131 idi.<\/strong><\/p>\n<p>Eyni zamanda Az\u0259rbaycan Ukraynaya 5 milyon avroluq humanitar v\u0259 tibbi yard\u0131m yollay\u0131b, h\u0259m\u00e7inin Ukraynan\u0131n Bak\u0131dak\u0131 s\u0259firliyi qar\u015f\u0131s\u0131nda ictimai f\u0259allar d\u0259st\u0259k aksiyas\u0131 ke\u00e7iribl\u0259r, Zelenski bu d\u0259st\u0259k \u00fc\u00e7\u00fcn t\u0259\u015f\u0259kk\u00fcr\u00fcn\u00fc bildirib.<\/p>\n<p>Amma Az\u0259rbaycan A\u015e-d\u0259 ke\u00e7iril\u0259n s\u0259sverm\u0259d\u0259 i\u015ftirak etm\u0259yib, r\u0259smi Bak\u0131 da Rusiyan\u0131 q\u0131c\u0131qland\u0131rmamaq \u00fc\u00e7\u00fcn Tiflis v\u0259 \u0130r\u0259van kimi bir q\u0259d\u0259r korrekt\u0259li, ehtiyatl\u0131 siyas\u0259t y\u00fcr\u00fctm\u0259kd\u0259dir. Bu ehtiyatl\u0131l\u0131qda s\u0259b\u0259b n\u0259dir? C\u0259nubi Qafqaz \u00f6lk\u0259l\u0259ri NATO-Rusiya qar\u015f\u0131durmas\u0131na qar\u0131\u015fmad\u0131qlar\u0131n\u0131 dem\u0259k ist\u0259yirl\u0259r, yoxsa Putin administrasiyas\u0131n\u0131 q\u0131c\u0131qland\u0131rmama\u011fa \u00e7al\u0131\u015f\u0131rlar?<\/p>\n<p><img src=\"https:\/\/konkret.az\/cloud\/uploads\/2021\/05\/qabilhuseynli.jpg\" alt=\"Qabil H\u00fcseynli geri add\u0131m atd\u0131: \u201cD\u00fcn\u0259nki emosional s\u00f6zl\u0259rimd\u0259n imtina  edir\u0259m\u201d | KONKRET\" \/><\/p>\n<p><strong>Qabil H\u00fcseynli<\/strong><\/p>\n<p><strong>Professor Qabil H\u00fcseynli \u201cYeni M\u00fcsavat\u201da qeyd etdi ki, bu v\u0259ziyy\u0259ti latviyal\u0131 bir jurnalist \u00f6z yaz\u0131s\u0131nda yax\u015f\u0131 izah edib:<\/strong><\/p>\n<p>\u201cO yaz\u0131r ki, Rusiya postsovet \u00f6lk\u0259l\u0259rin\u0259 normal ya\u015fama\u011fa imkan vermir. Qazax\u0131stan, Moldova, G\u00fcrc\u00fcstan, el\u0259c\u0259 d\u0259 Az\u0259rbaycana m\u00fcnasib\u0259td\u0259 beyn\u0259lxalq h\u00fcquq normalar\u0131na q\u0259tiyy\u0259n \u0259m\u0259l etm\u0259k ist\u0259m\u0259yib. M\u0259ni \u0259n \u00e7ox t\u0259\u0259cc\u00fcbl\u0259ndir\u0259n G\u00fcrc\u00fcstan\u0131n m\u00f6vqeyidir. \u00c7\u00fcnki G\u00fcrc\u00fcstan Rusiya t\u0259cav\u00fcz\u00fcn\u00fcn b\u00fct\u00fcn \u0259m\u0259ll\u0259rini \u00f6z\u00fcnd\u0259 hiss edib. \u00dcst\u0259lik, Rusiya G\u00fcrc\u00fcstana m\u00fcnasib\u0259td\u0259 \u0259dal\u0259tsiz davran\u0131\u015flar\u0131n\u0131 davam etdirir. H\u0259m\u00e7inin Ukraynada ba\u015f ver\u0259nl\u0259r eynil\u0259 2008-ci ild\u0259 G\u00fcrc\u00fcstanda ya\u015fanm\u0131\u015f ssenaridir\u201d. Q.H\u00fcseynli vur\u011fulad\u0131 ki, Az\u0259rbaycan Ukraynan\u0131n haqq i\u015fini m\u00fcdafi\u0259 edir: \u201cHumanitar yard\u0131m g\u00f6nd\u0259rdi, SOCAR-\u0131n Ukraynada olan yanacaqdoldurma m\u0259nt\u0259q\u0259l\u0259ri t\u0259cili yard\u0131m ma\u015f\u0131nlar\u0131na, yan\u011f\u0131ns\u00f6nd\u00fcr\u0259n ma\u015f\u0131nlara pulsuz yanacaq verir, bu da b\u00f6y\u00fck add\u0131md\u0131r. Erm\u0259nistana g\u0259ldikd\u0259 is\u0259 yen\u0259 hiyl\u0259g\u0259r siyas\u0259tini b\u00fcruz\u0259 verir, a\u00e7\u0131q m\u00f6vqe qoymaqdan \u00e7\u0259kinir. H\u0259tta Ukrayna ordusu t\u0259r\u0259find\u0259n erm\u0259ni \u0259sir g\u00f6t\u00fcr\u00fcl\u00fcb, m\u0259lum olub ki, rus ordusunda d\u00f6y\u00fc\u015f\u00fcr. Bu da r\u00fcsvay\u00e7\u0131 m\u00f6vqedir, r\u0259smi \u015f\u0259kild\u0259 he\u00e7 n\u0259 demirl\u0259r, adamlar\u0131n\u0131 gizli rus ordusuna g\u00f6nd\u0259rirl\u0259r\u201d.<\/p>\n<p><img loading=\"lazy\" src=\"https:\/\/m.modern.az\/file\/articles\/2016\/02\/07\/210351.jpg\" alt=\"M\u0259\u015fhurlar\u0131n \u00f6vladlar\u0131: P\u0259nah H\u00fcseynin h\u00fcquq\u015f\u00fcnas o\u011flu - FOTOLAR\" width=\"652\" height=\"740\" \/><\/p>\n<p><strong>Vaqif H\u00fcseyn\u00a0<\/strong><\/p>\n<p><strong>Politoloq Vaqif H\u00fcseyn hesab edir ki, Ukraynadak\u0131 real v\u0259ziyy\u0259t bu \u00fc\u00e7 \u00f6lk\u0259y\u0259 tam b\u0259lli deyil:<\/strong>\u00a0\u201cBel\u0259 \u00f6lk\u0259l\u0259ri ist\u0259nil\u0259n konyukturda anlamaq laz\u0131md\u0131r. \u018fg\u0259r beyn\u0259lxalq h\u00fcquq tan\u0131mayan Rusiya il\u0259 \u00fcz-\u00fcz\u0259 qalm\u0131sansa, buna uy\u011fun siyas\u0259t y\u00fcr\u00fctm\u0259lis\u0259n. Haz\u0131rda C\u0259nubi Qafqaz \u00f6lk\u0259l\u0259rinin \u0259lind\u0259 \u0259n d\u0259y\u0259rli \u015fey onlar\u0131n m\u00fcst\u0259qilliyidir v\u0259 ist\u0259nil\u0259n halda onu qorumaq laz\u0131md\u0131r\u201d.<\/p>\n","protected":false},"excerpt":{"rendered":"<p>\u201c\u018fg\u0259r beyn\u0259lxalq h\u00fcquq tan\u0131mayan Rusiya il\u0259 \u00fcz-\u00fcz\u0259 qalm\u0131sansa, buna uy\u011fun siyas\u0259t y\u00fcr\u00fctm\u0259lis\u0259n\u201d &#8211; politoloq r\u0259yi Rusiyan\u0131n fevral\u0131n 24-d\u0259n Ukrayna \u0259razil\u0259rin\u0259 h\u00fccumu d\u00fcnya t\u0259r\u0259find\u0259n birm\u0259nal\u0131 \u015f\u0259kild\u0259 pisl\u0259nm\u0259kd\u0259dir. El\u0259 bir \u00f6lk\u0259 yoxdur ki, Kremlin i\u015f\u011fal\u00e7\u0131 siyas\u0259tini t\u0259qdir etsin, yaxud ona d\u0259st\u0259k versin. Bu m\u00fcharib\u0259d\u0259 istisna olaraq Belarus Rusiyan\u0131n vassal\u0131 kimi h\u0259r\u0259k\u0259t edir, dig\u0259r \u00f6lk\u0259l\u0259r is\u0259 Ukraynan\u0131n yan\u0131ndad\u0131r, Moskvaya qar\u015f\u0131 sanksiyalar\u0131 d\u0259st\u0259kl\u0259yirl\u0259r. \u018fn pis halda AB\u015e v\u0259 NATO q\u0131nan\u0131r ki, bu geopolitik qar\u015f\u0131durman\u0131n ucbat\u0131ndan Ukrayna qurbana \u00e7evrilib, d\u00f6y\u00fc\u015f platsdarm\u0131 kim istifad\u0259 olunur. \u201cYeni M\u00fcsavat\u201d bildirir ki,\u00a0 Rusiya-Ukrayna c\u0259bh\u0259sind\u0259 ged\u0259n d\u00f6y\u00fc\u015fl\u0259rl\u0259 ba\u011fl\u0131 C\u0259nubi Qafqaz&hellip;<\/p>\n","protected":false},"author":2,"featured_media":445838,"comment_status":"closed","ping_status":"closed","sticky":false,"template":"","format":"standard","meta":{"om_disable_all_campaigns":false,"_monsterinsights_skip_tracking":false,"_monsterinsights_sitenote_active":false,"_monsterinsights_sitenote_note":"","_monsterinsights_sitenote_category":0},"categories":[4],"tags":[],"aioseo_notices":[],"gutentor_comment":0,"rttpg_featured_image_url":{"full":["https:\/\/arantv.az\/wp-content\/uploads\/2022\/03\/be52b1a47505dc9a82ca554b2f461eca.jpg",450,300,false],"landscape":["https:\/\/arantv.az\/wp-content\/uploads\/2022\/03\/be52b1a47505dc9a82ca554b2f461eca.jpg",450,300,false],"portraits":["https:\/\/arantv.az\/wp-content\/uploads\/2022\/03\/be52b1a47505dc9a82ca554b2f461eca.jpg",450,300,false],"thumbnail":["https:\/\/arantv.az\/wp-content\/uploads\/2022\/03\/be52b1a47505dc9a82ca554b2f461eca-450x280.jpg",450,280,true],"medium":["https:\/\/arantv.az\/wp-content\/uploads\/2022\/03\/be52b1a47505dc9a82ca554b2f461eca.jpg",450,300,false],"large":["https:\/\/arantv.az\/wp-content\/uploads\/2022\/03\/be52b1a47505dc9a82ca554b2f461eca.jpg",450,300,false],"1536x1536":["https:\/\/arantv.az\/wp-content\/uploads\/2022\/03\/be52b1a47505dc9a82ca554b2f461eca.jpg",450,300,false],"2048x2048":["https:\/\/arantv.az\/wp-content\/uploads\/2022\/03\/be52b1a47505dc9a82ca554b2f461eca.jpg",450,300,false],"post-thumbnail":["https:\/\/arantv.az\/wp-content\/uploads\/2022\/03\/be52b1a47505dc9a82ca554b2f461eca-240x172.jpg",240,172,true],"advps-thumb-one":["https:\/\/arantv.az\/wp-content\/uploads\/2022\/03\/be52b1a47505dc9a82ca554b2f461eca.jpg",450,300,false]},"rttpg_author":{"display_name":"V\u00fcsal Rafiqo\u011flu","author_link":"https:\/\/arantv.az\/?author=2"},"rttpg_comment":0,"rttpg_category":"<a href=\"https:\/\/arantv.az\/?cat=4\" rel=\"category\">Siyas\u0259t<\/a>","rttpg_excerpt":"\u201c\u018fg\u0259r beyn\u0259lxalq h\u00fcquq tan\u0131mayan Rusiya il\u0259 \u00fcz-\u00fcz\u0259 qalm\u0131sansa, buna uy\u011fun siyas\u0259t y\u00fcr\u00fctm\u0259lis\u0259n\u201d &#8211; politoloq r\u0259yi Rusiyan\u0131n fevral\u0131n 24-d\u0259n Ukrayna \u0259razil\u0259rin\u0259 h\u00fccumu d\u00fcnya t\u0259r\u0259find\u0259n birm\u0259nal\u0131 \u015f\u0259kild\u0259 pisl\u0259nm\u0259kd\u0259dir. El\u0259 bir \u00f6lk\u0259 yoxdur ki, Kremlin i\u015f\u011fal\u00e7\u0131 siyas\u0259tini t\u0259qdir etsin, yaxud ona d\u0259st\u0259k versin. Bu m\u00fcharib\u0259d\u0259 istisna olaraq Belarus Rusiyan\u0131n vassal\u0131 kimi h\u0259r\u0259k\u0259t edir, dig\u0259r \u00f6lk\u0259l\u0259r is\u0259 Ukraynan\u0131n yan\u0131ndad\u0131r,&hellip;","_links":{"self":[{"href":"https:\/\/arantv.az\/index.php?rest_route=\/wp\/v2\/posts\/445837"}],"collection":[{"href":"https:\/\/arantv.az\/index.php?rest_route=\/wp\/v2\/posts"}],"about":[{"href":"https:\/\/arantv.az\/index.php?rest_route=\/wp\/v2\/types\/post"}],"author":[{"embeddable":true,"href":"https:\/\/arantv.az\/index.php?rest_route=\/wp\/v2\/users\/2"}],"replies":[{"embeddable":true,"href":"https:\/\/arantv.az\/index.php?rest_route=%2Fwp%2Fv2%2Fcomments&post=445837"}],"version-history":[{"count":0,"href":"https:\/\/arantv.az\/index.php?rest_route=\/wp\/v2\/posts\/445837\/revisions"}],"wp:featuredmedia":[{"embeddable":true,"href":"https:\/\/arantv.az\/index.php?rest_route=\/wp\/v2\/media\/445838"}],"wp:attachment":[{"href":"https:\/\/arantv.az\/index.php?rest_route=%2Fwp%2Fv2%2Fmedia&parent=445837"}],"wp:term":[{"taxonomy":"category","embeddable":true,"href":"https:\/\/arantv.az\/index.php?rest_route=%2Fwp%2Fv2%2Fcategories&post=445837"},{"taxonomy":"post_tag","embeddable":true,"href":"https:\/\/arantv.az\/index.php?rest_route=%2Fwp%2Fv2%2Ftags&post=445837"}],"curies":[{"name":"wp","href":"https:\/\/api.w.org\/{rel}","templated":true}]}}