{"id":445840,"date":"2022-03-01T08:13:15","date_gmt":"2022-03-01T05:13:15","guid":{"rendered":"http:\/\/arantv.az\/?p=445840"},"modified":"2022-03-01T08:13:15","modified_gmt":"2022-03-01T05:13:15","slug":"bakida-yasayis-binasinda-yangin-ol%c9%99n-var","status":"publish","type":"post","link":"https:\/\/arantv.az\/?p=445840","title":{"rendered":"Bak\u0131da ya\u015fay\u0131\u015f binas\u0131nda yan\u011f\u0131n: \u00d6l\u0259n var"},"content":{"rendered":"<p>Bak\u0131da ya\u015fay\u0131\u015f binas\u0131nda yan\u011f\u0131n olub.<\/p>\n<div class=\"AdviadNativeVideo\"><\/div>\n<p>Bu bar\u0259d\u0259 F\u00f6vq\u0259lad\u0259 Hallar Nazirliyi m\u0259lumat yay\u0131b.<\/p>\n<p>Bildirilib ki, Bak\u0131 \u015f\u0259h\u0259rinin Suraxan\u0131 rayonunda d\u00f6rdm\u0259rt\u0259b\u0259li ya\u015fay\u0131\u015f binas\u0131n\u0131n 4-c\u00fc m\u0259rt\u0259b\u0259sind\u0259 \u00fcmumi sah\u0259si 28 kvadratmetr olan m\u0259nzild\u0259 ev \u0259\u015fyalar\u0131 5 kvadratmetr\u00a0sah\u0259d\u0259 yan\u0131b.<\/p>\n<p>Yan\u011f\u0131n yerinin k\u0259\u015ffiyyat\u0131 zaman\u0131 1967-ci il t\u0259v\u0259ll\u00fcdl\u00fc Dada\u015fov Mahir Ayaz o\u011flunun meyiti yan\u011f\u0131ns\u00f6nd\u00fcr\u0259nl\u0259r t\u0259r\u0259find\u0259n a\u015fkar edil\u0259r\u0259k aidiyy\u0259ti \u00fczr\u0259 t\u0259hvil verilib. M\u0259nzil yan\u011f\u0131ndan m\u00fchafiz\u0259 olunub. Alov yan\u011f\u0131ndan m\u00fchafiz\u0259 b\u00f6lm\u0259l\u0259ri t\u0259r\u0259find\u0259n s\u00f6nd\u00fcr\u00fcl\u00fcb.<\/p>\n<p>Hadis\u0259 il\u0259 \u0259laq\u0259dar m\u00fcvafiq qurumlar t\u0259r\u0259find\u0259n t\u0259hqiqat apar\u0131l\u0131r.<\/p>\n","protected":false},"excerpt":{"rendered":"<p>Bak\u0131da ya\u015fay\u0131\u015f binas\u0131nda yan\u011f\u0131n olub. Bu bar\u0259d\u0259 F\u00f6vq\u0259lad\u0259 Hallar Nazirliyi m\u0259lumat yay\u0131b. Bildirilib ki, Bak\u0131 \u015f\u0259h\u0259rinin Suraxan\u0131 rayonunda d\u00f6rdm\u0259rt\u0259b\u0259li ya\u015fay\u0131\u015f binas\u0131n\u0131n 4-c\u00fc m\u0259rt\u0259b\u0259sind\u0259 \u00fcmumi sah\u0259si 28 kvadratmetr olan m\u0259nzild\u0259 ev \u0259\u015fyalar\u0131 5 kvadratmetr\u00a0sah\u0259d\u0259 yan\u0131b. Yan\u011f\u0131n yerinin k\u0259\u015ffiyyat\u0131 zaman\u0131 1967-ci il t\u0259v\u0259ll\u00fcdl\u00fc Dada\u015fov Mahir Ayaz o\u011flunun meyiti yan\u011f\u0131ns\u00f6nd\u00fcr\u0259nl\u0259r t\u0259r\u0259find\u0259n a\u015fkar edil\u0259r\u0259k aidiyy\u0259ti \u00fczr\u0259 t\u0259hvil verilib. M\u0259nzil yan\u011f\u0131ndan m\u00fchafiz\u0259 olunub. Alov yan\u011f\u0131ndan m\u00fchafiz\u0259 b\u00f6lm\u0259l\u0259ri t\u0259r\u0259find\u0259n s\u00f6nd\u00fcr\u00fcl\u00fcb. Hadis\u0259 il\u0259 \u0259laq\u0259dar m\u00fcvafiq qurumlar t\u0259r\u0259find\u0259n t\u0259hqiqat apar\u0131l\u0131r.<\/p>\n","protected":false},"author":2,"featured_media":326797,"comment_status":"closed","ping_status":"closed","sticky":false,"template":"","format":"standard","meta":{"om_disable_all_campaigns":false,"_monsterinsights_skip_tracking":false,"_monsterinsights_sitenote_active":false,"_monsterinsights_sitenote_note":"","_monsterinsights_sitenote_category":0},"categories":[5],"tags":[],"aioseo_notices":[],"gutentor_comment":0,"rttpg_featured_image_url":{"full":["https:\/\/arantv.az\/wp-content\/uploads\/2021\/04\/fhn_car_bkk_120321.jpg",800,450,false],"landscape":["https:\/\/arantv.az\/wp-content\/uploads\/2021\/04\/fhn_car_bkk_120321.jpg",800,450,false],"portraits":["https:\/\/arantv.az\/wp-content\/uploads\/2021\/04\/fhn_car_bkk_120321.jpg",800,450,false],"thumbnail":["https:\/\/arantv.az\/wp-content\/uploads\/2021\/04\/fhn_car_bkk_120321-500x280.jpg",500,280,true],"medium":["https:\/\/arantv.az\/wp-content\/uploads\/2021\/04\/fhn_car_bkk_120321-649x365.jpg",649,365,true],"large":["https:\/\/arantv.az\/wp-content\/uploads\/2021\/04\/fhn_car_bkk_120321.jpg",640,360,false],"1536x1536":["https:\/\/arantv.az\/wp-content\/uploads\/2021\/04\/fhn_car_bkk_120321.jpg",800,450,false],"2048x2048":["https:\/\/arantv.az\/wp-content\/uploads\/2021\/04\/fhn_car_bkk_120321.jpg",800,450,false],"post-thumbnail":["https:\/\/arantv.az\/wp-content\/uploads\/2021\/04\/fhn_car_bkk_120321-240x172.jpg",240,172,true],"advps-thumb-one":["https:\/\/arantv.az\/wp-content\/uploads\/2021\/04\/fhn_car_bkk_120321.jpg",800,450,false]},"rttpg_author":{"display_name":"V\u00fcsal Rafiqo\u011flu","author_link":"https:\/\/arantv.az\/?author=2"},"rttpg_comment":0,"rttpg_category":"<a href=\"https:\/\/arantv.az\/?cat=5\" rel=\"category\">Hadis\u0259<\/a>","rttpg_excerpt":"Bak\u0131da ya\u015fay\u0131\u015f binas\u0131nda yan\u011f\u0131n olub. Bu bar\u0259d\u0259 F\u00f6vq\u0259lad\u0259 Hallar Nazirliyi m\u0259lumat yay\u0131b. Bildirilib ki, Bak\u0131 \u015f\u0259h\u0259rinin Suraxan\u0131 rayonunda d\u00f6rdm\u0259rt\u0259b\u0259li ya\u015fay\u0131\u015f binas\u0131n\u0131n 4-c\u00fc m\u0259rt\u0259b\u0259sind\u0259 \u00fcmumi sah\u0259si 28 kvadratmetr olan m\u0259nzild\u0259 ev \u0259\u015fyalar\u0131 5 kvadratmetr\u00a0sah\u0259d\u0259 yan\u0131b. Yan\u011f\u0131n yerinin k\u0259\u015ffiyyat\u0131 zaman\u0131 1967-ci il t\u0259v\u0259ll\u00fcdl\u00fc Dada\u015fov Mahir Ayaz o\u011flunun meyiti yan\u011f\u0131ns\u00f6nd\u00fcr\u0259nl\u0259r t\u0259r\u0259find\u0259n a\u015fkar edil\u0259r\u0259k aidiyy\u0259ti \u00fczr\u0259 t\u0259hvil verilib. M\u0259nzil&hellip;","_links":{"self":[{"href":"https:\/\/arantv.az\/index.php?rest_route=\/wp\/v2\/posts\/445840"}],"collection":[{"href":"https:\/\/arantv.az\/index.php?rest_route=\/wp\/v2\/posts"}],"about":[{"href":"https:\/\/arantv.az\/index.php?rest_route=\/wp\/v2\/types\/post"}],"author":[{"embeddable":true,"href":"https:\/\/arantv.az\/index.php?rest_route=\/wp\/v2\/users\/2"}],"replies":[{"embeddable":true,"href":"https:\/\/arantv.az\/index.php?rest_route=%2Fwp%2Fv2%2Fcomments&post=445840"}],"version-history":[{"count":0,"href":"https:\/\/arantv.az\/index.php?rest_route=\/wp\/v2\/posts\/445840\/revisions"}],"wp:featuredmedia":[{"embeddable":true,"href":"https:\/\/arantv.az\/index.php?rest_route=\/wp\/v2\/media\/326797"}],"wp:attachment":[{"href":"https:\/\/arantv.az\/index.php?rest_route=%2Fwp%2Fv2%2Fmedia&parent=445840"}],"wp:term":[{"taxonomy":"category","embeddable":true,"href":"https:\/\/arantv.az\/index.php?rest_route=%2Fwp%2Fv2%2Fcategories&post=445840"},{"taxonomy":"post_tag","embeddable":true,"href":"https:\/\/arantv.az\/index.php?rest_route=%2Fwp%2Fv2%2Ftags&post=445840"}],"curies":[{"name":"wp","href":"https:\/\/api.w.org\/{rel}","templated":true}]}}