{"id":445845,"date":"2022-03-01T08:19:45","date_gmt":"2022-03-01T05:19:45","guid":{"rendered":"http:\/\/arantv.az\/?p=445845"},"modified":"2022-03-01T08:19:45","modified_gmt":"2022-03-01T05:19:45","slug":"az%c9%99rbaycanin-beyn%c9%99lxalq-t%c9%99s%c9%99bbusl%c9%99ri-qosulmama-h%c9%99r%c9%99katinin-nufuzunu-daha-da-artirir","status":"publish","type":"post","link":"https:\/\/arantv.az\/?p=445845","title":{"rendered":"Az\u0259rbaycan\u0131n beyn\u0259lxalq t\u0259\u015f\u0259bb\u00fcsl\u0259ri Qo\u015fulmama H\u0259r\u0259kat\u0131n\u0131n n\u00fcfuzunu daha da art\u0131r\u0131r"},"content":{"rendered":"<p>Az\u0259rbaycan Respublikas\u0131n\u0131n Prezidenti \u0130lham \u018fliyevin vaxt\u0131nda v\u0259 d\u00fczg\u00fcn verdiyi q\u0259rarlar, g\u00f6rd\u00fcy\u00fc qabaqlay\u0131c\u0131 t\u0259dbirl\u0259r say\u0259sind\u0259 \u00f6lk\u0259miz koronavirus pandemiyas\u0131na qar\u015f\u0131 m\u00fcbariz\u0259d\u0259 sad\u0259c\u0259 regional deyil, eyni zamanda, inki\u015faf etmi\u015f bir s\u0131ra d\u00f6vl\u0259tl\u0259rd\u0259n daha haz\u0131rl\u0131ql\u0131d\u0131r. \u00d6lk\u0259 prezidenti \u0130lham \u018fliyev \u00f6lk\u0259 daxilind\u0259 pandemiya il\u0259 m\u00fcbariz\u0259d\u0259 n\u00fcmun\u0259vi t\u0259cr\u00fcb\u0259 n\u00fcmayi\u015f etdirm\u0259kl\u0259 b\u0259rab\u0259r, d\u00fcnya \u00f6lk\u0259l\u0259rini d\u0259 \u0259m\u0259kda\u015fl\u0131\u011fa d\u0259v\u0259t etmi\u015f, beyn\u0259lxalq h\u0259mr\u0259ylik g\u00f6st\u0259rm\u0259y\u0259 \u00e7a\u011f\u0131rm\u0131\u015fd\u0131r.<\/p>\n<p>25 fevral 2022-ci il tarixd\u0259 BMT Ba\u015f Assambleyas\u0131n\u0131n s\u0259drinin &#8220;Universal peyv\u0259ndl\u0259nm\u0259 \u00fc\u00e7\u00fcn s\u0259yl\u0259rin art\u0131r\u0131lmas\u0131&#8221; m\u00f6vzusunda t\u0259\u015fkil etdiyi y\u00fcks\u0259k s\u0259viyy\u0259li tematik m\u00fczakir\u0259l\u0259rind\u0259 Az\u0259rbaycan Respublikas\u0131n\u0131n Prezidenti c\u0259nab \u0130lham \u018fliyevin Qo\u015fulmama H\u0259r\u0259kat\u0131n\u0131n s\u0259dri kimi \u00fczv d\u00f6vl\u0259tl\u0259r ad\u0131ndan videoformatda \u00e7\u0131x\u0131\u015f edib. D\u00f6vl\u0259t ba\u015f\u00e7\u0131s\u0131 \u00e7\u0131x\u0131\u015f\u0131nda bir \u015fox m\u00fch\u00fcm m\u0259s\u0259l\u0259l\u0259r\u0259 \u00f6z m\u00fcnasib\u0259tini bildirmi\u015fdir. Bildirilmi\u015fdir ki, COV\u0130D-19 il\u0259 m\u00fcbariz\u0259d\u0259, onun n\u0259zar\u0259t alt\u0131nda saxlan\u0131lmas\u0131, habel\u0259 d\u00f6vl\u0259tl\u0259r\u0259 d\u0259st\u0259yin verilm\u0259si \u00fczr\u0259 s\u0259yl\u0259rin \u0259laq\u0259l\u0259ndirilm\u0259sind\u0259 BMT sisteminin fundemental rolu olmu\u015f v\u0259 \u00dcmumd\u00fcnya S\u0259hiyy\u0259 T\u0259\u015fkilat\u0131n\u0131n s\u0259yl\u0259ri \u0259v\u0259zolunmazd\u0131r. Bu istiqam\u0259td\u0259 Qo\u015fulmama H\u0259r\u0259kat\u0131n\u0131n f\u0259aliyy\u0259ti y\u00fcks\u0259k qiym\u0259tl\u0259ndirilmi\u015fdir. D\u00f6vl\u0259t ba\u015f\u00e7\u0131s\u0131 qeyd etmi\u015fdir ki, &#8220;Pandemiya ba\u015fland\u0131\u011f\u0131 d\u00f6vrd\u0259n Qo\u015fulmama H\u0259r\u0259kar\u0131 multilateralizm, \u0259m\u0259kda\u015fl\u0131q v\u0259 h\u0259mr\u0259ylik ruhunda geni\u015f beyn\u0259lxalq ictimaiyy\u0259tin s\u0259yl\u0259rini f\u0259al s\u0259f\u0259rb\u0259r ed\u0259r\u0259k, pandemiya il\u0259 m\u00fcbariz\u0259 v\u0259 onun m\u0259nfi n\u0259tic\u0259l\u0259rinin aradan qald\u0131r\u0131lmas\u0131 bax\u0131m\u0131ndan bir s\u0131ra u\u011furlu t\u0259\u015f\u0259bb\u00fcsl\u0259r ir\u0259li s\u00fcrm\u00fc\u015fd\u00fcr&#8221;<\/p>\n<p>Prezidenti \u0130lham \u018fliyev \u00f6z \u00e7\u0131x\u0131\u015f\u0131nda qeyd etdiyi kimi, COVID-d\u0259n \u0259ziyy\u0259t \u00e7\u0259kmi\u015f \u0259hali v\u0259 sahibkarl\u0131q subyektl\u0259rinin d\u0259st\u0259kl\u0259nm\u0259si \u00fc\u00e7\u00fcn bu ilin d\u00f6vl\u0259t b\u00fcdc\u0259sind\u0259n 1.6 milyard AB\u015e dollar\u0131 m\u0259bl\u0259\u011find\u0259 maliyy\u0259 yard\u0131m\u0131 ayr\u0131l\u0131b.<\/p>\n<p>Az\u0259rbaycan pandemiya, \u201cpeyv\u0259nd mill\u0259t\u00e7iliyi\u201d v\u0259 peyv\u0259ndl\u0259rd\u0259n istifad\u0259 il\u0259 ba\u011fl\u0131 inki\u015faf etmi\u015f v\u0259 inki\u015faf etm\u0259kd\u0259 olan \u00f6lk\u0259l\u0259r aras\u0131nda qeyri-b\u0259rab\u0259rliy\u0259 qar\u015f\u0131 beyn\u0259lxalq h\u0259mr\u0259yliyin g\u00fccl\u0259ndirilm\u0259si istiqam\u0259tind\u0259 vacib qlobal t\u0259\u015f\u0259bb\u00fcsl\u0259rl\u0259 \u00e7\u0131x\u0131\u015f edib. BMT Ba\u015f Assambleyas\u0131n\u0131n X\u00fcsusi Sessiyas\u0131, peyv\u0259ndl\u0259rd\u0259n b\u0259rab\u0259r v\u0259 universal istifad\u0259nin t\u0259min edilm\u0259sin\u0259 dair q\u0259tnam\u0259l\u0259r bunun bariz n\u00fcmun\u0259sidir. H\u0259mr\u0259ylik \u0259lam\u0259ti olaraq, koronavirusla m\u00fcbariz\u0259ni d\u0259st\u0259kl\u0259m\u0259k m\u0259qs\u0259dil\u0259 Az\u0259rbaycan birba\u015fa v\u0259 ya \u00dcmumd\u00fcnya S\u0259hiyy\u0259 T\u0259\u015fkilat\u0131 vasit\u0259sil\u0259 80-\u0259 q\u0259d\u0259r \u00f6lk\u0259y\u0259 maliyy\u0259 v\u0259 humanitar yard\u0131m\u0131 etmi\u015fdir. Bununla yana\u015f\u0131, biz 5 \u00f6lk\u0259y\u0259 peyv\u0259nd ian\u0259si etmi\u015fik v\u0259 bu i\u015f davam etdiril\u0259c\u0259k. Haz\u0131rda biz Qo\u015fulmama H\u0259r\u0259kat\u0131na \u00fczv olan 14 \u00f6lk\u0259y\u0259 t\u0259qrib\u0259n bir milyon doza peyv\u0259ndin ian\u0259 edilm\u0259si prosesind\u0259yik.<\/p>\n<p>\u00d6lk\u0259 ba\u015f\u00e7\u0131s\u0131 Qo\u015fulmama H\u0259r\u0259kat\u0131n\u0131n bu istiqam\u0259td\u0259 t\u0259\u015f\u0259bb\u00fcsl\u0259rini davam etdir\u0259c\u0259yini bildir\u0259r\u0259k demi\u015fdir: &#8220;Qo\u015fulmama H\u0259r\u0259kat\u0131 pandemiyan\u0131n tezlikl\u0259 aradan qald\u0131r\u0131lmas\u0131 v\u0259 effektiv b\u0259rpa prosesin\u0259 imkan yaradacaq beyn\u0259lxalq h\u0259mr\u0259yliyin g\u00fccl\u0259ndirilm\u0259si \u00fc\u00e7\u00fcn f\u0259al \u015f\u0259kild\u0259 s\u0259yl\u0259rini davam etdirm\u0259y\u0259 haz\u0131rd\u0131r. Bu m\u0259nada H\u0259r\u0259kat\u0131m\u0131z post-COV\u0130D-19 d\u00f6vr\u00fcn\u00fcn b\u0259rpa ehtiyaclar\u0131 il\u0259 ba\u011fl\u0131 n\u0259tic\u0259y\u00f6n\u00fcml\u00fc t\u0259\u015f\u0259bb\u00fcsl\u0259rl\u0259 \u00e7\u0131x\u0131\u015f ed\u0259c\u0259k&#8221;.<\/p>\n<p>Qo\u015fulmama H\u0259r\u0259kat\u0131n\u0131n videokonfrans\u0131 bir daha s\u00fcbut etdi ki, Az\u0259rbaycan n\u0259inki milli s\u0259viyy\u0259d\u0259 COVID-19-la m\u00fcbariz\u0259d\u0259 s\u0259m\u0259r\u0259li t\u0259dbirl\u0259r g\u00f6r\u00fcr, eyni zamanda, regional v\u0259 qlobal miqyasda da koronavirusa qar\u015f\u0131 h\u0259mr\u0259yliyin v\u0259 \u0259m\u0259kda\u015fl\u0131\u011f\u0131n g\u00fccl\u0259ndirilm\u0259sin\u0259 \u00f6z\u00fcn\u00fcn m\u00fch\u00fcm t\u00f6hf\u0259sini verir.<\/p>\n<p><strong>Aynur X\u0259lilova,<\/strong><\/p>\n<p><strong>Politoloq<\/strong><\/p>\n","protected":false},"excerpt":{"rendered":"<p>Az\u0259rbaycan Respublikas\u0131n\u0131n Prezidenti \u0130lham \u018fliyevin vaxt\u0131nda v\u0259 d\u00fczg\u00fcn verdiyi q\u0259rarlar, g\u00f6rd\u00fcy\u00fc qabaqlay\u0131c\u0131 t\u0259dbirl\u0259r say\u0259sind\u0259 \u00f6lk\u0259miz koronavirus pandemiyas\u0131na qar\u015f\u0131 m\u00fcbariz\u0259d\u0259 sad\u0259c\u0259 regional deyil, eyni zamanda, inki\u015faf etmi\u015f bir s\u0131ra d\u00f6vl\u0259tl\u0259rd\u0259n daha haz\u0131rl\u0131ql\u0131d\u0131r. \u00d6lk\u0259 prezidenti \u0130lham \u018fliyev \u00f6lk\u0259 daxilind\u0259 pandemiya il\u0259 m\u00fcbariz\u0259d\u0259 n\u00fcmun\u0259vi t\u0259cr\u00fcb\u0259 n\u00fcmayi\u015f etdirm\u0259kl\u0259 b\u0259rab\u0259r, d\u00fcnya \u00f6lk\u0259l\u0259rini d\u0259 \u0259m\u0259kda\u015fl\u0131\u011fa d\u0259v\u0259t etmi\u015f, beyn\u0259lxalq h\u0259mr\u0259ylik g\u00f6st\u0259rm\u0259y\u0259 \u00e7a\u011f\u0131rm\u0131\u015fd\u0131r. 25 fevral 2022-ci il tarixd\u0259 BMT Ba\u015f Assambleyas\u0131n\u0131n s\u0259drinin &#8220;Universal peyv\u0259ndl\u0259nm\u0259 \u00fc\u00e7\u00fcn s\u0259yl\u0259rin art\u0131r\u0131lmas\u0131&#8221; m\u00f6vzusunda t\u0259\u015fkil etdiyi y\u00fcks\u0259k s\u0259viyy\u0259li tematik m\u00fczakir\u0259l\u0259rind\u0259 Az\u0259rbaycan Respublikas\u0131n\u0131n Prezidenti c\u0259nab \u0130lham \u018fliyevin Qo\u015fulmama H\u0259r\u0259kat\u0131n\u0131n s\u0259dri kimi \u00fczv d\u00f6vl\u0259tl\u0259r ad\u0131ndan videoformatda&hellip;<\/p>\n","protected":false},"author":2,"featured_media":445846,"comment_status":"closed","ping_status":"closed","sticky":false,"template":"","format":"standard","meta":{"om_disable_all_campaigns":false,"_monsterinsights_skip_tracking":false,"_monsterinsights_sitenote_active":false,"_monsterinsights_sitenote_note":"","_monsterinsights_sitenote_category":0},"categories":[4],"tags":[],"aioseo_notices":[],"gutentor_comment":0,"rttpg_featured_image_url":{"full":["https:\/\/arantv.az\/wp-content\/uploads\/2022\/03\/4cfe94fc164611030687993879210006616.jpg",975,540,false],"landscape":["https:\/\/arantv.az\/wp-content\/uploads\/2022\/03\/4cfe94fc164611030687993879210006616.jpg",975,540,false],"portraits":["https:\/\/arantv.az\/wp-content\/uploads\/2022\/03\/4cfe94fc164611030687993879210006616.jpg",975,540,false],"thumbnail":["https:\/\/arantv.az\/wp-content\/uploads\/2022\/03\/4cfe94fc164611030687993879210006616-500x280.jpg",500,280,true],"medium":["https:\/\/arantv.az\/wp-content\/uploads\/2022\/03\/4cfe94fc164611030687993879210006616-660x365.jpg",660,365,true],"large":["https:\/\/arantv.az\/wp-content\/uploads\/2022\/03\/4cfe94fc164611030687993879210006616-840x465.jpg",640,354,true],"1536x1536":["https:\/\/arantv.az\/wp-content\/uploads\/2022\/03\/4cfe94fc164611030687993879210006616.jpg",975,540,false],"2048x2048":["https:\/\/arantv.az\/wp-content\/uploads\/2022\/03\/4cfe94fc164611030687993879210006616.jpg",975,540,false],"post-thumbnail":["https:\/\/arantv.az\/wp-content\/uploads\/2022\/03\/4cfe94fc164611030687993879210006616-240x172.jpg",240,172,true],"advps-thumb-one":["https:\/\/arantv.az\/wp-content\/uploads\/2022\/03\/4cfe94fc164611030687993879210006616.jpg",975,540,false]},"rttpg_author":{"display_name":"V\u00fcsal Rafiqo\u011flu","author_link":"https:\/\/arantv.az\/?author=2"},"rttpg_comment":0,"rttpg_category":"<a href=\"https:\/\/arantv.az\/?cat=4\" rel=\"category\">Siyas\u0259t<\/a>","rttpg_excerpt":"Az\u0259rbaycan Respublikas\u0131n\u0131n Prezidenti \u0130lham \u018fliyevin vaxt\u0131nda v\u0259 d\u00fczg\u00fcn verdiyi q\u0259rarlar, g\u00f6rd\u00fcy\u00fc qabaqlay\u0131c\u0131 t\u0259dbirl\u0259r say\u0259sind\u0259 \u00f6lk\u0259miz koronavirus pandemiyas\u0131na qar\u015f\u0131 m\u00fcbariz\u0259d\u0259 sad\u0259c\u0259 regional deyil, eyni zamanda, inki\u015faf etmi\u015f bir s\u0131ra d\u00f6vl\u0259tl\u0259rd\u0259n daha haz\u0131rl\u0131ql\u0131d\u0131r. \u00d6lk\u0259 prezidenti \u0130lham \u018fliyev \u00f6lk\u0259 daxilind\u0259 pandemiya il\u0259 m\u00fcbariz\u0259d\u0259 n\u00fcmun\u0259vi t\u0259cr\u00fcb\u0259 n\u00fcmayi\u015f etdirm\u0259kl\u0259 b\u0259rab\u0259r, d\u00fcnya \u00f6lk\u0259l\u0259rini d\u0259 \u0259m\u0259kda\u015fl\u0131\u011fa d\u0259v\u0259t etmi\u015f, beyn\u0259lxalq h\u0259mr\u0259ylik g\u00f6st\u0259rm\u0259y\u0259 \u00e7a\u011f\u0131rm\u0131\u015fd\u0131r.&hellip;","_links":{"self":[{"href":"https:\/\/arantv.az\/index.php?rest_route=\/wp\/v2\/posts\/445845"}],"collection":[{"href":"https:\/\/arantv.az\/index.php?rest_route=\/wp\/v2\/posts"}],"about":[{"href":"https:\/\/arantv.az\/index.php?rest_route=\/wp\/v2\/types\/post"}],"author":[{"embeddable":true,"href":"https:\/\/arantv.az\/index.php?rest_route=\/wp\/v2\/users\/2"}],"replies":[{"embeddable":true,"href":"https:\/\/arantv.az\/index.php?rest_route=%2Fwp%2Fv2%2Fcomments&post=445845"}],"version-history":[{"count":0,"href":"https:\/\/arantv.az\/index.php?rest_route=\/wp\/v2\/posts\/445845\/revisions"}],"wp:featuredmedia":[{"embeddable":true,"href":"https:\/\/arantv.az\/index.php?rest_route=\/wp\/v2\/media\/445846"}],"wp:attachment":[{"href":"https:\/\/arantv.az\/index.php?rest_route=%2Fwp%2Fv2%2Fmedia&parent=445845"}],"wp:term":[{"taxonomy":"category","embeddable":true,"href":"https:\/\/arantv.az\/index.php?rest_route=%2Fwp%2Fv2%2Fcategories&post=445845"},{"taxonomy":"post_tag","embeddable":true,"href":"https:\/\/arantv.az\/index.php?rest_route=%2Fwp%2Fv2%2Ftags&post=445845"}],"curies":[{"name":"wp","href":"https:\/\/api.w.org\/{rel}","templated":true}]}}