{"id":445979,"date":"2022-03-01T10:21:47","date_gmt":"2022-03-01T07:21:47","guid":{"rendered":"http:\/\/arantv.az\/?p=445979"},"modified":"2022-03-01T10:21:47","modified_gmt":"2022-03-01T07:21:47","slug":"dunyanin-%c9%99n-yaxsi-qirici-pilotlarindan-biri-ukraynadaki-h%c9%99lak-oldu-foto","status":"publish","type":"post","link":"https:\/\/arantv.az\/?p=445979","title":{"rendered":"D\u00fcnyan\u0131n \u0259n yax\u015f\u0131 q\u0131r\u0131c\u0131 pilotlar\u0131ndan biri Ukraynadak\u0131 h\u0259lak oldu &#8211; FOTO"},"content":{"rendered":"<p>D\u00fcnyan\u0131n \u0259n yax\u015f\u0131 q\u0131r\u0131c\u0131 pilotlar\u0131ndan biri hesab olunan, ukraynal\u0131 polkovnik Aleksandr Oksan\u00e7enko Ukraynada davam ed\u0259n h\u0259rbi \u0259m\u0259liyyatlarda h\u0259yat\u0131n\u0131 itirib.<\/p>\n<div class=\"AdviadNativeVideo\"><\/div>\n<p>Ukrayna Prezidenti Volodimir Zelenski polkovnik Oksan\u00e7enkoya \u00f6l\u00fcm\u00fcnd\u0259n sonra \u201cUkrayna Q\u0259hr\u0259man\u0131\u201d ad\u0131na layiq g\u00f6r\u00fcb.<\/p>\n<p>Qeyd olunur ki, Aleksandr Oksan\u00e7enko uzun ill\u0259r \u0259rzind\u0259 \u0259n \u00e7\u0259tin u\u00e7u\u015f elementl\u0259rini q\u00fcsursuz yerin\u0259 yetir\u0259n azsayl\u0131 pilotlardan biri olub.<\/p>\n<p>&nbsp;<\/p>\n<div class=\"gallery\">\n<div class=\"gallery-i\"><img src=\"https:\/\/cdn.oxu.az\/uploads\/W1siZiIsIjIwMjIvMDMvMDEvMTAvMzkvMDIvMGQ3YjIzN2ItZjM5ZS00YzY1LWE3MmYtMGRhYjNkYmYyZGU5L29yaWdpbmFsLmpwZyJdLFsicCIsImVuY29kZSIsImpwZyIsIi1xdWFsaXR5IDgwIl0sWyJwIiwidGh1bWIiLCI1OTB4NTkwXHUwMDNlIl1d?sha=8c7d4f35423bb0c1\" alt=\"\" \/><\/p>\n<div class=\"gallery-i-caption\"><\/div>\n<\/div>\n<\/div>\n<p>M\u0259nb\u0259: Uninet<\/p>\n","protected":false},"excerpt":{"rendered":"<p>D\u00fcnyan\u0131n \u0259n yax\u015f\u0131 q\u0131r\u0131c\u0131 pilotlar\u0131ndan biri hesab olunan, ukraynal\u0131 polkovnik Aleksandr Oksan\u00e7enko Ukraynada davam ed\u0259n h\u0259rbi \u0259m\u0259liyyatlarda h\u0259yat\u0131n\u0131 itirib. Ukrayna Prezidenti Volodimir Zelenski polkovnik Oksan\u00e7enkoya \u00f6l\u00fcm\u00fcnd\u0259n sonra \u201cUkrayna Q\u0259hr\u0259man\u0131\u201d ad\u0131na layiq g\u00f6r\u00fcb. Qeyd olunur ki, Aleksandr Oksan\u00e7enko uzun ill\u0259r \u0259rzind\u0259 \u0259n \u00e7\u0259tin u\u00e7u\u015f elementl\u0259rini q\u00fcsursuz yerin\u0259 yetir\u0259n azsayl\u0131 pilotlardan biri olub. &nbsp; M\u0259nb\u0259: Uninet<\/p>\n","protected":false},"author":2,"featured_media":445980,"comment_status":"closed","ping_status":"closed","sticky":false,"template":"","format":"standard","meta":{"om_disable_all_campaigns":false,"_monsterinsights_skip_tracking":false,"_monsterinsights_sitenote_active":false,"_monsterinsights_sitenote_note":"","_monsterinsights_sitenote_category":0},"categories":[7],"tags":[],"aioseo_notices":[],"gutentor_comment":0,"rttpg_featured_image_url":{"full":["https:\/\/arantv.az\/wp-content\/uploads\/2022\/03\/FotoJet-2022-03-01T103717.871.jpg",620,413,false],"landscape":["https:\/\/arantv.az\/wp-content\/uploads\/2022\/03\/FotoJet-2022-03-01T103717.871.jpg",620,413,false],"portraits":["https:\/\/arantv.az\/wp-content\/uploads\/2022\/03\/FotoJet-2022-03-01T103717.871.jpg",620,413,false],"thumbnail":["https:\/\/arantv.az\/wp-content\/uploads\/2022\/03\/FotoJet-2022-03-01T103717.871-500x280.jpg",500,280,true],"medium":["https:\/\/arantv.az\/wp-content\/uploads\/2022\/03\/FotoJet-2022-03-01T103717.871-548x365.jpg",548,365,true],"large":["https:\/\/arantv.az\/wp-content\/uploads\/2022\/03\/FotoJet-2022-03-01T103717.871.jpg",620,413,false],"1536x1536":["https:\/\/arantv.az\/wp-content\/uploads\/2022\/03\/FotoJet-2022-03-01T103717.871.jpg",620,413,false],"2048x2048":["https:\/\/arantv.az\/wp-content\/uploads\/2022\/03\/FotoJet-2022-03-01T103717.871.jpg",620,413,false],"post-thumbnail":["https:\/\/arantv.az\/wp-content\/uploads\/2022\/03\/FotoJet-2022-03-01T103717.871-240x172.jpg",240,172,true],"advps-thumb-one":["https:\/\/arantv.az\/wp-content\/uploads\/2022\/03\/FotoJet-2022-03-01T103717.871.jpg",620,413,false]},"rttpg_author":{"display_name":"V\u00fcsal Rafiqo\u011flu","author_link":"https:\/\/arantv.az\/?author=2"},"rttpg_comment":0,"rttpg_category":"<a href=\"https:\/\/arantv.az\/?cat=7\" rel=\"category\">D\u00fcnya<\/a>","rttpg_excerpt":"D\u00fcnyan\u0131n \u0259n yax\u015f\u0131 q\u0131r\u0131c\u0131 pilotlar\u0131ndan biri hesab olunan, ukraynal\u0131 polkovnik Aleksandr Oksan\u00e7enko Ukraynada davam ed\u0259n h\u0259rbi \u0259m\u0259liyyatlarda h\u0259yat\u0131n\u0131 itirib. Ukrayna Prezidenti Volodimir Zelenski polkovnik Oksan\u00e7enkoya \u00f6l\u00fcm\u00fcnd\u0259n sonra \u201cUkrayna Q\u0259hr\u0259man\u0131\u201d ad\u0131na layiq g\u00f6r\u00fcb. Qeyd olunur ki, Aleksandr Oksan\u00e7enko uzun ill\u0259r \u0259rzind\u0259 \u0259n \u00e7\u0259tin u\u00e7u\u015f elementl\u0259rini q\u00fcsursuz yerin\u0259 yetir\u0259n azsayl\u0131 pilotlardan biri olub. &nbsp; M\u0259nb\u0259: Uninet","_links":{"self":[{"href":"https:\/\/arantv.az\/index.php?rest_route=\/wp\/v2\/posts\/445979"}],"collection":[{"href":"https:\/\/arantv.az\/index.php?rest_route=\/wp\/v2\/posts"}],"about":[{"href":"https:\/\/arantv.az\/index.php?rest_route=\/wp\/v2\/types\/post"}],"author":[{"embeddable":true,"href":"https:\/\/arantv.az\/index.php?rest_route=\/wp\/v2\/users\/2"}],"replies":[{"embeddable":true,"href":"https:\/\/arantv.az\/index.php?rest_route=%2Fwp%2Fv2%2Fcomments&post=445979"}],"version-history":[{"count":0,"href":"https:\/\/arantv.az\/index.php?rest_route=\/wp\/v2\/posts\/445979\/revisions"}],"wp:featuredmedia":[{"embeddable":true,"href":"https:\/\/arantv.az\/index.php?rest_route=\/wp\/v2\/media\/445980"}],"wp:attachment":[{"href":"https:\/\/arantv.az\/index.php?rest_route=%2Fwp%2Fv2%2Fmedia&parent=445979"}],"wp:term":[{"taxonomy":"category","embeddable":true,"href":"https:\/\/arantv.az\/index.php?rest_route=%2Fwp%2Fv2%2Fcategories&post=445979"},{"taxonomy":"post_tag","embeddable":true,"href":"https:\/\/arantv.az\/index.php?rest_route=%2Fwp%2Fv2%2Ftags&post=445979"}],"curies":[{"name":"wp","href":"https:\/\/api.w.org\/{rel}","templated":true}]}}