{"id":445982,"date":"2022-03-01T10:23:25","date_gmt":"2022-03-01T07:23:25","guid":{"rendered":"http:\/\/arantv.az\/?p=445982"},"modified":"2022-03-01T10:23:25","modified_gmt":"2022-03-01T07:23:25","slug":"az%c9%99rbaycan-covid-19-pandemiyasi-il%c9%99-bagli-t%c9%99sirli-v%c9%99-adekvat-t%c9%99dbirl%c9%99rin-h%c9%99yata-kecirilm%c9%99sini-davam-etdirir","status":"publish","type":"post","link":"https:\/\/arantv.az\/?p=445982","title":{"rendered":"Az\u0259rbaycan COVID-19 pandemiyas\u0131 il\u0259 ba\u011fl\u0131 t\u0259sirli v\u0259 adekvat t\u0259dbirl\u0259rin h\u0259yata ke\u00e7irilm\u0259sini davam etdirir"},"content":{"rendered":"<p>COVID-19 b\u00fct\u00fcn d\u00fcnyan\u0131 ba\u015f\u0131na alan qlobal problemdir. Ona g\u00f6r\u0259 pandemiya il\u0259 m\u00fcbariz\u0259d\u0259 b\u00fct\u00fcn \u00f6lk\u0259l\u0259rin h\u0259mr\u0259yliyin\u0259 nail olunmas\u0131n\u0131n vacibliyi ilk g\u00fcnd\u0259n meydana \u00e7\u0131xan \u00e7a\u011f\u0131r\u0131\u015f idi. Bu \u00e7a\u011f\u0131r\u0131\u015f\u0131 ilk d\u0259y\u0259rl\u0259ndir\u0259n is\u0259 m\u00f6ht\u0259r\u0259m Prezident \u0130lham \u018fliyev oldu.<br \/>\nPandemiya qar\u015f\u0131s\u0131nda d\u00fcnya \u00f6lk\u0259l\u0259rinin \u0259ks\u0259riyy\u0259tinin \u00f6z\u00fcn\u0259 qapand\u0131\u011f\u0131 d\u00f6vrd\u0259 Az\u0259rbaycan qlobal liderlik rolunu \u00fcz\u0259rin\u0259 g\u00f6t\u00fcrd\u00fc, pandemiyan\u0131n \u00f6hd\u0259sind\u0259n g\u0259lm\u0259k \u00fc\u00e7\u00fcn beyn\u0259lxalq h\u0259mr\u0259yliyi v\u0259 \u0259m\u0259kda\u015fl\u0131\u011f\u0131 t\u0259bli\u011f ed\u0259n ilk \u00f6lk\u0259l\u0259rd\u0259n oldu. M\u0259hz c\u0259nab \u0130lham \u018fliyev koronavirusla m\u00fcbariz\u0259d\u0259 beyn\u0259lxalq h\u0259mr\u0259yliyin \u0259ld\u0259 olunmas\u0131 \u00fc\u00e7\u00fcn t\u0259\u015f\u0259bb\u00fcsl\u0259rl\u0259 \u00e7\u0131x\u0131\u015f etdi.<br \/>\nBu g\u00fcn\u0259 q\u0259d\u0259r bu sah\u0259d\u0259 g\u00f6r\u00fclm\u00fc\u015f i\u015fl\u0259rin davam\u0131 olaraq bu ilin fevral ay\u0131n\u0131n 25-d\u0259 BMT Ba\u015f Assambleyas\u0131n\u0131n &#8220;Universal peyv\u0259ndl\u0259nm\u0259 \u00fc\u00e7\u00fcn s\u0259yl\u0259rin art\u0131r\u0131lmas\u0131&#8221; m\u00f6vzusunda tematik m\u00fczakir\u0259si ke\u00e7irilmi\u015fdir. \u0130clasda \u00e7\u0131x\u0131\u015f ed\u0259n c\u0259nab Prezident \u0130lham \u018fliyev COV\u0130D-19 la m\u00fcbariz\u0259d\u0259 Qo\u015fulmama H\u0259r\u0259kat\u0131n\u0131n u\u011furlu t\u0259\u015f\u0259bb\u00fcsl\u0259ri, peyv\u0259ndl\u0259rin \u0259dal\u0259tsiz b\u00f6lg\u00fcs\u00fc, &#8220;peyv\u0259nd mill\u0259t\u00e7iliyi&#8221; v\u0259 Az\u0259rbaycan\u0131n qlobal humanitar missiyas\u0131 kimi vacib m\u00f6vzulara toxunmu\u015fdur.<br \/>\nC\u0259nab Prezident \u00e7\u0131x\u0131\u015f\u0131nda BMT-nin bu sah\u0259d\u0259ki f\u0259aliyy\u0259tini y\u00fcks\u0259k qiym\u0259tl\u0259ndir\u0259r\u0259k bildirmi\u015fdir: &#8220;COVID-19 il\u0259 qlobal m\u00fcbariz\u0259, onun n\u0259zar\u0259t alt\u0131nda saxlan\u0131lmas\u0131 v\u0259 yay\u0131lmas\u0131n\u0131n qar\u015f\u0131s\u0131n\u0131n al\u0131nmas\u0131, habel\u0259 d\u00f6vl\u0259tl\u0259r\u0259 d\u0259st\u0259yin verilm\u0259si \u00fczr\u0259 s\u0259yl\u0259rin \u0259laq\u0259l\u0259ndirilm\u0259sind\u0259 BMT sisteminin fundamental rolu var. \u00dcmumd\u00fcnya S\u0259hiyy\u0259 T\u0259\u015fkilat\u0131n\u0131n s\u0259yl\u0259ri \u0259v\u0259zolunmazd\u0131r&#8221;.<br \/>\nQo\u015fulmama H\u0259r\u0259kat\u0131n\u0131n s\u0259dri kimi d\u0259 Az\u0259rbaycan Prezidenti &#8220;peyv\u0259nd mill\u0259t\u00e7iliyi&#8221;, varl\u0131 v\u0259 kas\u0131b \u00f6lk\u0259l\u0259r aras\u0131nda peyv\u0259ndl\u0259r\u0259 \u0259l\u00e7atanl\u0131qla ba\u011fl\u0131 getdikc\u0259 d\u0259rinl\u0259\u015f\u0259n qeyri-b\u0259rab\u0259rliy\u0259 qar\u015f\u0131 m\u00fcbariz\u0259ni daim g\u00fcnd\u0259likd\u0259 saxlay\u0131r. &#8220;Az\u0259rbaycan pandemiya, &#8220;peyv\u0259nd mill\u0259t\u00e7iliyi&#8221; v\u0259 peyv\u0259ndl\u0259rd\u0259n istifad\u0259 il\u0259 ba\u011fl\u0131 inki\u015faf etmi\u015f v\u0259 inki\u015faf etm\u0259kd\u0259 olan \u00f6lk\u0259l\u0259r aras\u0131nda qeyri-b\u0259rab\u0259rliy\u0259 qar\u015f\u0131 beyn\u0259lxalq h\u0259mr\u0259yliyin g\u00fccl\u0259ndirilm\u0259si istiqam\u0259tind\u0259 vacib qlobal t\u0259\u015f\u0259bb\u00fcsl\u0259rl\u0259 \u00e7\u0131x\u0131\u015f edib. BMT Ba\u015f Assambleyas\u0131n\u0131n X\u00fcsusi Sessiyas\u0131, peyv\u0259ndl\u0259rd\u0259n b\u0259rab\u0259r v\u0259 universal istifad\u0259nin t\u0259min edilm\u0259sin\u0259 dair q\u0259tnam\u0259l\u0259r bunun bariz n\u00fcmun\u0259sidir.&#8221;<br \/>\n&#8220;Peyv\u0259nd mill\u0259t\u00e7iliyi&#8221;nin aradan qald\u0131r\u0131lmas\u0131 COVID-19 pandemiyas\u0131na qar\u015f\u0131 m\u00fcbariz\u0259d\u0259 Prezident \u0130lham \u018fliyevin ir\u0259li s\u00fcrd\u00fcy\u00fc olduqca m\u00fch\u00fcm v\u0259 tarixi qlobal t\u0259\u015f\u0259bb\u00fcsd\u00fcr. BMT Ba\u015f Assambleyas\u0131nda q\u0259bul olunan q\u0259tnam\u0259 is\u0259 beyn\u0259lxalq ictimaiyy\u0259tin c\u0259nab \u0130lham \u018fliyevin bu t\u0259\u015f\u0259bb\u00fcs\u00fcn\u00fc d\u0259st\u0259kl\u0259diyini g\u00f6st\u0259rir. Onu da xat\u0131rladaq ki, Az\u0259rbaycan h\u00f6kum\u0259ti koronavirusla m\u00fcbariz\u0259d\u0259 qlobal h\u0259mr\u0259yliyin t\u0259c\u0259ss\u00fcm\u00fc kimi onlarca \u00f6lk\u0259y\u0259 humanitar v\u0259 maliyy\u0259 k\u00f6m\u0259kliyi g\u00f6st\u0259rib, \u00dcmumd\u00fcnya S\u0259hiyy\u0259 T\u0259\u015fkilat\u0131na maliyy\u0259 yard\u0131mlar\u0131 ay\u0131r\u0131b, bir ne\u00e7\u0259 \u00f6lk\u0259y\u0259 t\u0259m\u0259nnas\u0131z olaraq vaksin g\u00f6nd\u0259rib.<br \/>\nAz\u0259rbaycan d\u00f6vl\u0259ti COVID-19 infeksiyas\u0131n\u0131n qar\u015f\u0131s\u0131n\u0131n al\u0131nmas\u0131 \u00fc\u00e7\u00fcn \u0259lind\u0259n g\u0259l\u0259ni edir. Pandemiya rejimin\u0259 son qoyulmas\u0131 Prezident \u0130lham \u018fliyevin f\u0259aliyy\u0259tind\u0259 \u0259n prioritet m\u0259s\u0259l\u0259l\u0259rd\u0259n biridir. C\u0259nab Prezidentin bu m\u0259s\u0259l\u0259 il\u0259 ba\u011fl\u0131 f\u0259aliyy\u0259tin\u0259 n\u0259z\u0259r sald\u0131qda g\u00f6r\u0259rik ki, d\u00f6vl\u0259t ba\u015f\u00e7\u0131s\u0131 koronavirusla m\u00fcbariz\u0259d\u0259 \u0259n vacib, \u0259n z\u0259ruri b\u00fct\u00fcn add\u0131mlar\u0131 at\u0131b.<\/p>\n<div class=\"AdviadNativeVideo\"><\/div>\n<p>Aysel M\u0259nsimova &#8211; politoloq<\/p>\n","protected":false},"excerpt":{"rendered":"<p>COVID-19 b\u00fct\u00fcn d\u00fcnyan\u0131 ba\u015f\u0131na alan qlobal problemdir. Ona g\u00f6r\u0259 pandemiya il\u0259 m\u00fcbariz\u0259d\u0259 b\u00fct\u00fcn \u00f6lk\u0259l\u0259rin h\u0259mr\u0259yliyin\u0259 nail olunmas\u0131n\u0131n vacibliyi ilk g\u00fcnd\u0259n meydana \u00e7\u0131xan \u00e7a\u011f\u0131r\u0131\u015f idi. Bu \u00e7a\u011f\u0131r\u0131\u015f\u0131 ilk d\u0259y\u0259rl\u0259ndir\u0259n is\u0259 m\u00f6ht\u0259r\u0259m Prezident \u0130lham \u018fliyev oldu. Pandemiya qar\u015f\u0131s\u0131nda d\u00fcnya \u00f6lk\u0259l\u0259rinin \u0259ks\u0259riyy\u0259tinin \u00f6z\u00fcn\u0259 qapand\u0131\u011f\u0131 d\u00f6vrd\u0259 Az\u0259rbaycan qlobal liderlik rolunu \u00fcz\u0259rin\u0259 g\u00f6t\u00fcrd\u00fc, pandemiyan\u0131n \u00f6hd\u0259sind\u0259n g\u0259lm\u0259k \u00fc\u00e7\u00fcn beyn\u0259lxalq h\u0259mr\u0259yliyi v\u0259 \u0259m\u0259kda\u015fl\u0131\u011f\u0131 t\u0259bli\u011f ed\u0259n ilk \u00f6lk\u0259l\u0259rd\u0259n oldu. M\u0259hz c\u0259nab \u0130lham \u018fliyev koronavirusla m\u00fcbariz\u0259d\u0259 beyn\u0259lxalq h\u0259mr\u0259yliyin \u0259ld\u0259 olunmas\u0131 \u00fc\u00e7\u00fcn t\u0259\u015f\u0259bb\u00fcsl\u0259rl\u0259 \u00e7\u0131x\u0131\u015f etdi. Bu g\u00fcn\u0259 q\u0259d\u0259r bu sah\u0259d\u0259 g\u00f6r\u00fclm\u00fc\u015f i\u015fl\u0259rin davam\u0131 olaraq bu ilin fevral ay\u0131n\u0131n 25-d\u0259 BMT&hellip;<\/p>\n","protected":false},"author":2,"featured_media":445983,"comment_status":"closed","ping_status":"closed","sticky":false,"template":"","format":"standard","meta":{"om_disable_all_campaigns":false,"_monsterinsights_skip_tracking":false,"_monsterinsights_sitenote_active":false,"_monsterinsights_sitenote_note":"","_monsterinsights_sitenote_category":0},"categories":[4],"tags":[],"aioseo_notices":[],"gutentor_comment":0,"rttpg_featured_image_url":{"full":["https:\/\/arantv.az\/wp-content\/uploads\/2022\/03\/ilham2_91646118186.jpg",648,355,false],"landscape":["https:\/\/arantv.az\/wp-content\/uploads\/2022\/03\/ilham2_91646118186.jpg",648,355,false],"portraits":["https:\/\/arantv.az\/wp-content\/uploads\/2022\/03\/ilham2_91646118186.jpg",648,355,false],"thumbnail":["https:\/\/arantv.az\/wp-content\/uploads\/2022\/03\/ilham2_91646118186-500x280.jpg",500,280,true],"medium":["https:\/\/arantv.az\/wp-content\/uploads\/2022\/03\/ilham2_91646118186.jpg",648,355,false],"large":["https:\/\/arantv.az\/wp-content\/uploads\/2022\/03\/ilham2_91646118186.jpg",640,351,false],"1536x1536":["https:\/\/arantv.az\/wp-content\/uploads\/2022\/03\/ilham2_91646118186.jpg",648,355,false],"2048x2048":["https:\/\/arantv.az\/wp-content\/uploads\/2022\/03\/ilham2_91646118186.jpg",648,355,false],"post-thumbnail":["https:\/\/arantv.az\/wp-content\/uploads\/2022\/03\/ilham2_91646118186-240x172.jpg",240,172,true],"advps-thumb-one":["https:\/\/arantv.az\/wp-content\/uploads\/2022\/03\/ilham2_91646118186.jpg",648,355,false]},"rttpg_author":{"display_name":"V\u00fcsal Rafiqo\u011flu","author_link":"https:\/\/arantv.az\/?author=2"},"rttpg_comment":0,"rttpg_category":"<a href=\"https:\/\/arantv.az\/?cat=4\" rel=\"category\">Siyas\u0259t<\/a>","rttpg_excerpt":"COVID-19 b\u00fct\u00fcn d\u00fcnyan\u0131 ba\u015f\u0131na alan qlobal problemdir. Ona g\u00f6r\u0259 pandemiya il\u0259 m\u00fcbariz\u0259d\u0259 b\u00fct\u00fcn \u00f6lk\u0259l\u0259rin h\u0259mr\u0259yliyin\u0259 nail olunmas\u0131n\u0131n vacibliyi ilk g\u00fcnd\u0259n meydana \u00e7\u0131xan \u00e7a\u011f\u0131r\u0131\u015f idi. Bu \u00e7a\u011f\u0131r\u0131\u015f\u0131 ilk d\u0259y\u0259rl\u0259ndir\u0259n is\u0259 m\u00f6ht\u0259r\u0259m Prezident \u0130lham \u018fliyev oldu. Pandemiya qar\u015f\u0131s\u0131nda d\u00fcnya \u00f6lk\u0259l\u0259rinin \u0259ks\u0259riyy\u0259tinin \u00f6z\u00fcn\u0259 qapand\u0131\u011f\u0131 d\u00f6vrd\u0259 Az\u0259rbaycan qlobal liderlik rolunu \u00fcz\u0259rin\u0259 g\u00f6t\u00fcrd\u00fc, pandemiyan\u0131n \u00f6hd\u0259sind\u0259n g\u0259lm\u0259k \u00fc\u00e7\u00fcn beyn\u0259lxalq h\u0259mr\u0259yliyi v\u0259&hellip;","_links":{"self":[{"href":"https:\/\/arantv.az\/index.php?rest_route=\/wp\/v2\/posts\/445982"}],"collection":[{"href":"https:\/\/arantv.az\/index.php?rest_route=\/wp\/v2\/posts"}],"about":[{"href":"https:\/\/arantv.az\/index.php?rest_route=\/wp\/v2\/types\/post"}],"author":[{"embeddable":true,"href":"https:\/\/arantv.az\/index.php?rest_route=\/wp\/v2\/users\/2"}],"replies":[{"embeddable":true,"href":"https:\/\/arantv.az\/index.php?rest_route=%2Fwp%2Fv2%2Fcomments&post=445982"}],"version-history":[{"count":0,"href":"https:\/\/arantv.az\/index.php?rest_route=\/wp\/v2\/posts\/445982\/revisions"}],"wp:featuredmedia":[{"embeddable":true,"href":"https:\/\/arantv.az\/index.php?rest_route=\/wp\/v2\/media\/445983"}],"wp:attachment":[{"href":"https:\/\/arantv.az\/index.php?rest_route=%2Fwp%2Fv2%2Fmedia&parent=445982"}],"wp:term":[{"taxonomy":"category","embeddable":true,"href":"https:\/\/arantv.az\/index.php?rest_route=%2Fwp%2Fv2%2Fcategories&post=445982"},{"taxonomy":"post_tag","embeddable":true,"href":"https:\/\/arantv.az\/index.php?rest_route=%2Fwp%2Fv2%2Ftags&post=445982"}],"curies":[{"name":"wp","href":"https:\/\/api.w.org\/{rel}","templated":true}]}}