{"id":445985,"date":"2022-03-01T10:24:01","date_gmt":"2022-03-01T07:24:01","guid":{"rendered":"http:\/\/arantv.az\/?p=445985"},"modified":"2022-03-01T10:24:01","modified_gmt":"2022-03-01T07:24:01","slug":"prezidentin-rusiyaya-r%c9%99smi-s%c9%99f%c9%99ri-olk%c9%99mizin-xarici-siyas%c9%99tind%c9%99-%c9%99n-on%c9%99mli-hadis%c9%99l%c9%99rd%c9%99n-biri-kimi-d%c9%99y%c9%99rl%c9%99ndirilir","status":"publish","type":"post","link":"https:\/\/arantv.az\/?p=445985","title":{"rendered":"Prezidentin Rusiyaya r\u0259smi s\u0259f\u0259ri \u00f6lk\u0259mizin xarici siyas\u0259tind\u0259 \u0259n \u00f6n\u0259mli hadis\u0259l\u0259rd\u0259n biri kimi d\u0259y\u0259rl\u0259ndirilir"},"content":{"rendered":"<p>Fevral\u0131n 23-d\u0259 Rusiya Federasiyas\u0131na r\u0259smi s\u0259f\u0259ri \u00e7\u0259r\u00e7iv\u0259sind\u0259 Prezident \u0130lham \u018fliyev TASS agentliyind\u0259 bu \u00f6lk\u0259nin apar\u0131c\u0131 k\u00fctl\u0259vi informasiya vasit\u0259l\u0259rinin r\u0259hb\u0259rl\u0259ri il\u0259 g\u00f6r\u00fc\u015f\u00fcb v\u0259 g\u00f6r\u00fc\u015fd\u0259 \u00e7ox ciddi mesajlar verilib. \u0130st\u0259r iki \u00f6lk\u0259 aras\u0131nda M\u00fctt\u0259fiqlik B\u0259yannam\u0259sinin imzalanmas\u0131, C\u0259nubi Qafqazda s\u00fclh v\u0259 t\u0259hl\u00fck\u0259sizlik m\u00fchitinin yarad\u0131lmas\u0131, el\u0259c\u0259 d\u0259 erm\u0259ni jurnalistl\u0259rin t\u0259xribat\u00e7\u0131 suallar\u0131n\u0131n s\u0259rrast cavablar\u0131 media n\u00fcmay\u0259nd\u0259l\u0259ri t\u0259r\u0259find\u0259n d\u0259 maraqla qar\u015f\u0131lan\u0131b. Bu g\u00f6r\u00fc\u015fd\u0259 Prezident \u0130lham \u018fliyev b\u00fct\u00fcn suallar\u0131 s\u0259rrast cavabland\u0131raraq \u00f6z y\u00fcks\u0259k dialoq m\u0259har\u0259ti v\u0259 m\u0259d\u0259niyy\u0259ti, m\u00fczakir\u0259 aparmaq bacar\u0131\u011f\u0131 v\u0259 geni\u015f m\u0259lumatl\u0131l\u0131\u011f\u0131n\u0131 bir bir daha g\u00f6st\u0259rdi.<br \/>\nRusiya K\u0130V-l\u0259ri iki \u00f6lk\u0259 aras\u0131nda m\u00fcnasib\u0259tl\u0259rin indiki format\u0131n\u0131 ali format kimi q\u0259bul edir. Prezident \u0130lham \u018fliyevin d\u0259 s\u00f6yl\u0259diyi kimi, d\u00f6vl\u0259tl\u0259raras\u0131 m\u00fcnasib\u0259tl\u0259rd\u0259 bu, aysberqin zirv\u0259sidir. Bu s\u0259n\u0259d eyni zamanda Erm\u0259nistan\u0131n Rusiya il\u0259 m\u00fcnasib\u0259tl\u0259ri inhisara almaq, bu \u00f6lk\u0259nin imkanlar\u0131ndan \u00f6z maraqlar\u0131 \u00fc\u00e7\u00fcn istifad\u0259 etm\u0259k, Kollektiv T\u0259hl\u00fck\u0259sizlik M\u00fcqavil\u0259si T\u0259\u015fkilat\u0131nda \u00fczvl\u00fckd\u0259n yararlanmaq imkanlar\u0131n\u0131 he\u00e7\u0259 endirir.<br \/>\nG\u00f6r\u00fc\u015fd\u0259 h\u0259m d\u0259 bir s\u0131ra dig\u0259r m\u0259qamlara da toxunulub. Qeyd edilib ki, bu g\u00fcn Az\u0259rbaycanda rus sektoruna m\u0259kt\u0259bl\u0259rd\u0259 t\u0259l\u0259bat \u00e7oxdur. 140 mind\u0259n \u00e7ox u\u015faq v\u0259 ali m\u0259kt\u0259bl\u0259rin rus b\u00f6lm\u0259l\u0259rind\u0259 15 mind\u0259n \u00e7ox Az\u0259rbaycan v\u0259t\u0259nda\u015f\u0131 t\u0259hsil al\u0131r.<br \/>\nAz\u0259rbaycana g\u0259l\u0259nl\u0259rin \u00f6zl\u0259rini evl\u0259rind\u0259 oldu\u011fu kimi hiss etm\u0259l\u0259ri \u00fc\u00e7\u00fcn b\u00fct\u00fcn s\u0259yl\u0259r g\u00f6r\u00fcl\u00fcr. Pandemiyaya q\u0259d\u0259r 2019-cu ild\u0259 Rusiyan\u0131n bir milyon v\u0259t\u0259nda\u015f\u0131 Az\u0259rbaycandaturist kimi s\u0259f\u0259rd\u0259 olub, onlar Az\u0259rbaycanda \u00f6zl\u0259rini rahat, \u00f6z m\u00fchitind\u0259, o c\u00fcml\u0259d\u0259n dil m\u00fchitind\u0259 hiss edirl\u0259r. Pandemiyaya q\u0259d\u0259r h\u0259r il t\u0259qrib\u0259n 15-20 faiz turist art\u0131m\u0131 m\u00fc\u015fahid\u0259 olunub.<br \/>\nG\u00f6r\u00fc\u015fd\u0259 h\u0259m d\u0259 COV\u0130D-19-la m\u00fcbariz\u0259 t\u0259dbirl\u0259rin\u0259 d\u0259 toxunulub. Az\u0259rbaycan beyn\u0259lxalq s\u0259viyy\u0259d\u0259 h\u0259m k\u00f6m\u0259k ed\u0259n, h\u0259m d\u0259 &#8220;vaksin mill\u0259t\u00e7iliyi&#8221;n\u0259 qar\u015f\u0131 \u00e7ox f\u0259al \u00e7\u0131x\u0131\u015f ed\u0259n azsayl\u0131 \u00f6lk\u0259l\u0259rd\u0259ndir. \u0130nki\u015faf etm\u0259kd\u0259 olan \u00f6lk\u0259l\u0259r aras\u0131nda vaksinasiya s\u0259viyy\u0259si inki\u015faf etmi\u015f \u00f6lk\u0259l\u0259rl\u0259 m\u00fcqayis\u0259d\u0259 onlarca d\u0259f\u0259 a\u015fa\u011f\u0131d\u0131r. Bu \u00f6lk\u0259l\u0259r\u0259 k\u00f6m\u0259k g\u00f6st\u0259rm\u0259k \u00fc\u00e7\u00fcn Az\u0259rbaycan ba\u015f\u00e7\u0131l\u0131q etdiyi Qo\u015fulmama H\u0259r\u0259kat\u0131n\u0131n Zirv\u0259 g\u00f6r\u00fc\u015f\u00fc ke\u00e7irilib, Az\u0259rbaycan\u0131n t\u0259\u015f\u0259bb\u00fcs\u00fc il\u0259 BMT-nin Ba\u015f Assambleyas\u0131n\u0131n x\u00fcsusi sessiyas\u0131 da t\u0259\u015fkil olunub. Az\u0259rbaycan t\u0259qrib\u0259n 80 \u00f6lk\u0259y\u0259 maliyy\u0259 yard\u0131m\u0131 v\u0259 humanitar yard\u0131m g\u00f6st\u0259rib. \u00dcmumd\u00fcnya S\u0259hiyy\u0259 T\u0259\u015fkilat\u0131na (\u00dcST) ilk n\u00f6vb\u0259d\u0259, Qo\u015fulmama H\u0259r\u0259kat\u0131n\u0131n \u00fczv\u00fc olan \u00f6lk\u0259l\u0259rd\u0259 vaksinasiya \u00fc\u00e7\u00fcn Az\u0259rbaycan 10 milyon dollar k\u00f6n\u00fcll\u00fc ian\u0259 ay\u0131r\u0131b v\u0259 \u00dcST \u00f6z\u00fcn\u00fcn a\u00e7\u0131q \u00e7\u0131x\u0131\u015flar\u0131nda Az\u0259rbaycan\u0131 h\u0259m daxild\u0259, h\u0259m d\u0259 k\u0259narda n\u00fcmun\u0259vi \u00f6lk\u0259 kimi qiym\u0259tl\u0259ndirib ki, bu da \u00e7ox m\u00fcsb\u0259t bir hald\u0131r.<br \/>\nBir s\u00f6zl\u0259, Prezident \u0130lham \u018fliyevin Rusiyaya r\u0259smi s\u0259f\u0259rini son ill\u0259r \u00f6lk\u0259mizin xarici siyas\u0259tind\u0259 \u0259n \u00f6n\u0259mli hadis\u0259l\u0259rd\u0259n biri, d\u00f6vl\u0259timizin ba\u015f\u00e7\u0131s\u0131n\u0131n siyasi-diplomatik m\u0259har\u0259tinin n\u00fcmayi\u015fi kimi d\u0259y\u0259rl\u0259ndirirl\u0259r.<br \/>\nH\u0259c\u0259r Verdiyeva &#8211; AMEA-n\u0131n H\u00fcquq v\u0259 \u0130nsan Haqlar\u0131 \u0130nstitutunun ba\u015f elmi i\u015f\u00e7isi, Tarix elml\u0259ri doktoru, professor<\/p>\n<div class=\"AdviadNativeVideo\"><\/div>\n","protected":false},"excerpt":{"rendered":"<p>Fevral\u0131n 23-d\u0259 Rusiya Federasiyas\u0131na r\u0259smi s\u0259f\u0259ri \u00e7\u0259r\u00e7iv\u0259sind\u0259 Prezident \u0130lham \u018fliyev TASS agentliyind\u0259 bu \u00f6lk\u0259nin apar\u0131c\u0131 k\u00fctl\u0259vi informasiya vasit\u0259l\u0259rinin r\u0259hb\u0259rl\u0259ri il\u0259 g\u00f6r\u00fc\u015f\u00fcb v\u0259 g\u00f6r\u00fc\u015fd\u0259 \u00e7ox ciddi mesajlar verilib. \u0130st\u0259r iki \u00f6lk\u0259 aras\u0131nda M\u00fctt\u0259fiqlik B\u0259yannam\u0259sinin imzalanmas\u0131, C\u0259nubi Qafqazda s\u00fclh v\u0259 t\u0259hl\u00fck\u0259sizlik m\u00fchitinin yarad\u0131lmas\u0131, el\u0259c\u0259 d\u0259 erm\u0259ni jurnalistl\u0259rin t\u0259xribat\u00e7\u0131 suallar\u0131n\u0131n s\u0259rrast cavablar\u0131 media n\u00fcmay\u0259nd\u0259l\u0259ri t\u0259r\u0259find\u0259n d\u0259 maraqla qar\u015f\u0131lan\u0131b. Bu g\u00f6r\u00fc\u015fd\u0259 Prezident \u0130lham \u018fliyev b\u00fct\u00fcn suallar\u0131 s\u0259rrast cavabland\u0131raraq \u00f6z y\u00fcks\u0259k dialoq m\u0259har\u0259ti v\u0259 m\u0259d\u0259niyy\u0259ti, m\u00fczakir\u0259 aparmaq bacar\u0131\u011f\u0131 v\u0259 geni\u015f m\u0259lumatl\u0131l\u0131\u011f\u0131n\u0131 bir bir daha g\u00f6st\u0259rdi. Rusiya K\u0130V-l\u0259ri iki \u00f6lk\u0259 aras\u0131nda m\u00fcnasib\u0259tl\u0259rin indiki format\u0131n\u0131 ali format&hellip;<\/p>\n","protected":false},"author":2,"featured_media":445986,"comment_status":"closed","ping_status":"closed","sticky":false,"template":"","format":"standard","meta":{"om_disable_all_campaigns":false,"_monsterinsights_skip_tracking":false,"_monsterinsights_sitenote_active":false,"_monsterinsights_sitenote_note":"","_monsterinsights_sitenote_category":0},"categories":[4],"tags":[],"aioseo_notices":[],"gutentor_comment":0,"rttpg_featured_image_url":{"full":["https:\/\/arantv.az\/wp-content\/uploads\/2022\/03\/1_61646118510.jpg",649,400,false],"landscape":["https:\/\/arantv.az\/wp-content\/uploads\/2022\/03\/1_61646118510.jpg",649,400,false],"portraits":["https:\/\/arantv.az\/wp-content\/uploads\/2022\/03\/1_61646118510.jpg",649,400,false],"thumbnail":["https:\/\/arantv.az\/wp-content\/uploads\/2022\/03\/1_61646118510-500x280.jpg",500,280,true],"medium":["https:\/\/arantv.az\/wp-content\/uploads\/2022\/03\/1_61646118510-592x365.jpg",592,365,true],"large":["https:\/\/arantv.az\/wp-content\/uploads\/2022\/03\/1_61646118510.jpg",640,394,false],"1536x1536":["https:\/\/arantv.az\/wp-content\/uploads\/2022\/03\/1_61646118510.jpg",649,400,false],"2048x2048":["https:\/\/arantv.az\/wp-content\/uploads\/2022\/03\/1_61646118510.jpg",649,400,false],"post-thumbnail":["https:\/\/arantv.az\/wp-content\/uploads\/2022\/03\/1_61646118510-240x172.jpg",240,172,true],"advps-thumb-one":["https:\/\/arantv.az\/wp-content\/uploads\/2022\/03\/1_61646118510.jpg",649,400,false]},"rttpg_author":{"display_name":"V\u00fcsal Rafiqo\u011flu","author_link":"https:\/\/arantv.az\/?author=2"},"rttpg_comment":0,"rttpg_category":"<a href=\"https:\/\/arantv.az\/?cat=4\" rel=\"category\">Siyas\u0259t<\/a>","rttpg_excerpt":"Fevral\u0131n 23-d\u0259 Rusiya Federasiyas\u0131na r\u0259smi s\u0259f\u0259ri \u00e7\u0259r\u00e7iv\u0259sind\u0259 Prezident \u0130lham \u018fliyev TASS agentliyind\u0259 bu \u00f6lk\u0259nin apar\u0131c\u0131 k\u00fctl\u0259vi informasiya vasit\u0259l\u0259rinin r\u0259hb\u0259rl\u0259ri il\u0259 g\u00f6r\u00fc\u015f\u00fcb v\u0259 g\u00f6r\u00fc\u015fd\u0259 \u00e7ox ciddi mesajlar verilib. \u0130st\u0259r iki \u00f6lk\u0259 aras\u0131nda M\u00fctt\u0259fiqlik B\u0259yannam\u0259sinin imzalanmas\u0131, C\u0259nubi Qafqazda s\u00fclh v\u0259 t\u0259hl\u00fck\u0259sizlik m\u00fchitinin yarad\u0131lmas\u0131, el\u0259c\u0259 d\u0259 erm\u0259ni jurnalistl\u0259rin t\u0259xribat\u00e7\u0131 suallar\u0131n\u0131n s\u0259rrast cavablar\u0131 media n\u00fcmay\u0259nd\u0259l\u0259ri t\u0259r\u0259find\u0259n d\u0259 maraqla qar\u015f\u0131lan\u0131b.&hellip;","_links":{"self":[{"href":"https:\/\/arantv.az\/index.php?rest_route=\/wp\/v2\/posts\/445985"}],"collection":[{"href":"https:\/\/arantv.az\/index.php?rest_route=\/wp\/v2\/posts"}],"about":[{"href":"https:\/\/arantv.az\/index.php?rest_route=\/wp\/v2\/types\/post"}],"author":[{"embeddable":true,"href":"https:\/\/arantv.az\/index.php?rest_route=\/wp\/v2\/users\/2"}],"replies":[{"embeddable":true,"href":"https:\/\/arantv.az\/index.php?rest_route=%2Fwp%2Fv2%2Fcomments&post=445985"}],"version-history":[{"count":0,"href":"https:\/\/arantv.az\/index.php?rest_route=\/wp\/v2\/posts\/445985\/revisions"}],"wp:featuredmedia":[{"embeddable":true,"href":"https:\/\/arantv.az\/index.php?rest_route=\/wp\/v2\/media\/445986"}],"wp:attachment":[{"href":"https:\/\/arantv.az\/index.php?rest_route=%2Fwp%2Fv2%2Fmedia&parent=445985"}],"wp:term":[{"taxonomy":"category","embeddable":true,"href":"https:\/\/arantv.az\/index.php?rest_route=%2Fwp%2Fv2%2Fcategories&post=445985"},{"taxonomy":"post_tag","embeddable":true,"href":"https:\/\/arantv.az\/index.php?rest_route=%2Fwp%2Fv2%2Ftags&post=445985"}],"curies":[{"name":"wp","href":"https:\/\/api.w.org\/{rel}","templated":true}]}}