{"id":445988,"date":"2022-03-01T10:24:32","date_gmt":"2022-03-01T07:24:32","guid":{"rendered":"http:\/\/arantv.az\/?p=445988"},"modified":"2022-03-01T10:24:32","modified_gmt":"2022-03-01T07:24:32","slug":"prezident-ilham-%c9%99liyevin-tass-agentliyind%c9%99-rusiyanin-aparici-kiv-r%c9%99hb%c9%99rl%c9%99ri-il%c9%99-gorusu-zamani-verdiyi-muhum-mesajlar","status":"publish","type":"post","link":"https:\/\/arantv.az\/?p=445988","title":{"rendered":"Prezident \u0130lham \u018fliyevin TASS agentliyind\u0259 Rusiyan\u0131n apar\u0131c\u0131 K\u0130V r\u0259hb\u0259rl\u0259ri il\u0259 g\u00f6r\u00fc\u015f\u00fc zaman\u0131 verdiyi m\u00fch\u00fcm mesajlar"},"content":{"rendered":"<p>\u00d6lk\u0259 ba\u015f\u00e7\u0131m\u0131z\u0131n Rusiyaya sonuncu r\u0259smi s\u0259f\u0259ri zaman\u0131 m\u00fch\u00fcm m\u0259qamlardan biri d\u0259 c\u0259nab Prezident \u0130lham \u018fliyevin Rusiyan\u0131n TASS Agentliyind\u0259 Rusiyan\u0131n apar\u0131c\u0131 k\u00fctl\u0259vi informasiya vasit\u0259l\u0259rinin r\u0259hb\u0259rl\u0259ri il\u0259 g\u00f6r\u00fc\u015f\u00fc oldu. Prezident \u0130lham \u018fliyev g\u00f6r\u00fc\u015f zaman\u0131 veril\u0259n suallar\u0131 \u0259hat\u0259li \u015f\u0259kild\u0259 cavabland\u0131rm\u0131\u015f, h\u0259m\u00e7inin, \u00f6lk\u0259mizin h\u0259yata ke\u00e7irdiyi xarici siyas\u0259t, Rusiya-Az\u0259rbaycan aras\u0131nda imzalanm\u0131\u015f m\u00fctt\u0259fiqlik B\u0259yannam\u0259sinin \u0259h\u0259miyy\u0259tini \u015f\u0259rh etmi\u015fdir.<br \/>\n\u0130lham \u018fliyev bildirib ki, Rusiya il\u0259 Az\u0259rbaycan aras\u0131nda m\u00fcnasib\u0259tl\u0259rin xarakteri uzun ill\u0259r boyu m\u00fctt\u0259fiql\u0259rin m\u00fcnasib\u0259tl\u0259rinin b\u00fct\u00fcn parametrl\u0259rin\u0259 cavab verirdi. Rusiya il\u0259 Az\u0259rbaycan aras\u0131nda 200-d\u0259n art\u0131q s\u0259n\u0259d imzalan\u0131b. D\u00f6vl\u0259tl\u0259raras\u0131 m\u00fcnasib\u0259tl\u0259rin qurulmas\u0131ndan 30 il ke\u00e7dikd\u0259n sonra onlar m\u00fctt\u0259fiqlik s\u0259viyy\u0259sin\u0259 \u00e7at\u0131b. Uzun ill\u0259r boyu Rusiya il\u0259 Az\u0259rbaycan aras\u0131nda olan m\u00fcnasib\u0259tl\u0259r strateji t\u0259r\u0259fda\u015flar\u0131n m\u00fcnasib\u0259tl\u0259ri kimi xarakteriz\u0259 olunub. M\u00fcnasib\u0259tl\u0259rin indiki format\u0131 ali formatd\u0131r. Y\u0259ni, bundan y\u00fcks\u0259k format praktiki olaraq yoxdur. Az\u0259rbaycan\u0131n d\u00f6vl\u0259t ba\u015f\u00e7\u0131s\u0131 qeyd edib ki, imzalanm\u0131\u015f B\u0259yannam\u0259 uzun ill\u0259r boyu apar\u0131lm\u0131\u015f \u00e7ox ciddi i\u015fin n\u0259tic\u0259sidir. Rusiya v\u0259 Az\u0259rbaycan n\u00fcmay\u0259nd\u0259l\u0259rind\u0259n ibar\u0259t qrup s\u0259n\u0259din \u00fcz\u0259rind\u0259 bir ild\u0259n art\u0131q m\u00fcdd\u0259td\u0259 birg\u0259 \u00e7al\u0131\u015f\u0131b. B\u0259yannam\u0259 h\u0259yat f\u0259aliyy\u0259tinin praktiki olaraq b\u00fct\u00fcn sah\u0259l\u0259rini ehtiva edir. Rusiya v\u0259 Az\u0259rbaycan t\u0259r\u0259find\u0259n m\u00fcxt\u0259lif istiqam\u0259tl\u0259r-ticari-iqtisadi, n\u0259qliyyat, humanitar f\u0259aliyy\u0259t v\u0259 dig\u0259r istiqam\u0259tl\u0259r \u00fczr\u0259 q\u0259bul edilmi\u015f s\u0259kkiz yol x\u0259rit\u0259si realla\u015fma m\u0259rh\u0259l\u0259sind\u0259dir.<br \/>\nPrezident onu da deyib ki, Kollektiv T\u0259hl\u00fck\u0259sizlik M\u00fcqavil\u0259si T\u0259\u015fkilat\u0131nda apar\u0131c\u0131 rol Rusiyaya m\u0259xsusdur: &#8220;B\u00fct\u00fcn d\u00fcnyaya m\u0259lumdur ki, KTMT-da apar\u0131c\u0131 rol Rusiyaya m\u0259xsusdur. Az\u0259rbaycan\u0131n is\u0259 bu t\u0259\u015fkilatda Erm\u0259nistan istisna olmaqla, dig\u0259r \u00fczv d\u00f6vl\u0259tl\u0259rl\u0259 y\u00fcks\u0259k m\u00fcnasib\u0259tl\u0259ri var. H\u0259r hans\u0131 beyn\u0259lxalq t\u0259\u015fkilata \u00fczvl\u00fck m\u0259s\u0259l\u0259sin\u0259 milli maraqlar\u0131m\u0131z kontekstind\u0259 bax\u0131l\u0131r&#8221;.<br \/>\nPrezident \u0130lham \u018fliyev g\u00f6r\u00fc\u015f zaman\u0131 Az\u0259rbaycan\u0131n i\u015f\u011faldan azad olunmu\u015f \u0259razil\u0259rind\u0259 g\u00f6r\u00fcl\u0259n i\u015fl\u0259r haqq\u0131nda da \u0259trafl\u0131 m\u0259lumat verib. B\u0259rpa-quruculuq i\u015fl\u0259ri il\u0259 ba\u011fl\u0131 d\u00f6vl\u0259t b\u00fcdc\u0259sind\u0259n 2,2 milyard manat v\u0259sait ayr\u0131l\u0131b. Amma \u0259razil\u0259rin minalanmas\u0131 i\u015fl\u0259ri xeyli l\u0259ngidir. M\u00fcharib\u0259nin ba\u015fa \u00e7atmas\u0131ndan indiy\u0259d\u0259k minalar\u0131n partlamas\u0131 n\u0259tic\u0259sind\u0259 \u00f6l\u0259nl\u0259rin v\u0259 \u0259lil olanlar\u0131n say\u0131 200 n\u0259f\u0259rd\u0259n \u00e7oxdur. \u00d6lk\u0259miz\u0259 t\u0259qdim olunmu\u015f x\u0259rit\u0259l\u0259rin d\u0259qiqliyi 25 faiz t\u0259\u015fkil edir. Ger\u00e7\u0259k x\u0259rit\u0259l\u0259rin Az\u0259rbaycana t\u0259qdim edilm\u0259m\u0259si beyn\u0259lxalq humanitar h\u00fcququn pozulmas\u0131 dem\u0259kdir.<\/p>\n<div class=\"AdviadNativeVideo\"><\/div>\n<p>Aysel M\u0259nsimova &#8211; politoloq<\/p>\n","protected":false},"excerpt":{"rendered":"<p>\u00d6lk\u0259 ba\u015f\u00e7\u0131m\u0131z\u0131n Rusiyaya sonuncu r\u0259smi s\u0259f\u0259ri zaman\u0131 m\u00fch\u00fcm m\u0259qamlardan biri d\u0259 c\u0259nab Prezident \u0130lham \u018fliyevin Rusiyan\u0131n TASS Agentliyind\u0259 Rusiyan\u0131n apar\u0131c\u0131 k\u00fctl\u0259vi informasiya vasit\u0259l\u0259rinin r\u0259hb\u0259rl\u0259ri il\u0259 g\u00f6r\u00fc\u015f\u00fc oldu. Prezident \u0130lham \u018fliyev g\u00f6r\u00fc\u015f zaman\u0131 veril\u0259n suallar\u0131 \u0259hat\u0259li \u015f\u0259kild\u0259 cavabland\u0131rm\u0131\u015f, h\u0259m\u00e7inin, \u00f6lk\u0259mizin h\u0259yata ke\u00e7irdiyi xarici siyas\u0259t, Rusiya-Az\u0259rbaycan aras\u0131nda imzalanm\u0131\u015f m\u00fctt\u0259fiqlik B\u0259yannam\u0259sinin \u0259h\u0259miyy\u0259tini \u015f\u0259rh etmi\u015fdir. \u0130lham \u018fliyev bildirib ki, Rusiya il\u0259 Az\u0259rbaycan aras\u0131nda m\u00fcnasib\u0259tl\u0259rin xarakteri uzun ill\u0259r boyu m\u00fctt\u0259fiql\u0259rin m\u00fcnasib\u0259tl\u0259rinin b\u00fct\u00fcn parametrl\u0259rin\u0259 cavab verirdi. Rusiya il\u0259 Az\u0259rbaycan aras\u0131nda 200-d\u0259n art\u0131q s\u0259n\u0259d imzalan\u0131b. D\u00f6vl\u0259tl\u0259raras\u0131 m\u00fcnasib\u0259tl\u0259rin qurulmas\u0131ndan 30 il ke\u00e7dikd\u0259n sonra onlar m\u00fctt\u0259fiqlik s\u0259viyy\u0259sin\u0259 \u00e7at\u0131b. Uzun&hellip;<\/p>\n","protected":false},"author":2,"featured_media":445989,"comment_status":"closed","ping_status":"closed","sticky":false,"template":"","format":"standard","meta":{"om_disable_all_campaigns":false,"_monsterinsights_skip_tracking":false,"_monsterinsights_sitenote_active":false,"_monsterinsights_sitenote_note":"","_monsterinsights_sitenote_category":0},"categories":[4],"tags":[],"aioseo_notices":[],"gutentor_comment":0,"rttpg_featured_image_url":{"full":["https:\/\/arantv.az\/wp-content\/uploads\/2022\/03\/3_61646118889.jpg",649,432,false],"landscape":["https:\/\/arantv.az\/wp-content\/uploads\/2022\/03\/3_61646118889.jpg",649,432,false],"portraits":["https:\/\/arantv.az\/wp-content\/uploads\/2022\/03\/3_61646118889.jpg",649,432,false],"thumbnail":["https:\/\/arantv.az\/wp-content\/uploads\/2022\/03\/3_61646118889-500x280.jpg",500,280,true],"medium":["https:\/\/arantv.az\/wp-content\/uploads\/2022\/03\/3_61646118889-548x365.jpg",548,365,true],"large":["https:\/\/arantv.az\/wp-content\/uploads\/2022\/03\/3_61646118889.jpg",640,426,false],"1536x1536":["https:\/\/arantv.az\/wp-content\/uploads\/2022\/03\/3_61646118889.jpg",649,432,false],"2048x2048":["https:\/\/arantv.az\/wp-content\/uploads\/2022\/03\/3_61646118889.jpg",649,432,false],"post-thumbnail":["https:\/\/arantv.az\/wp-content\/uploads\/2022\/03\/3_61646118889-240x172.jpg",240,172,true],"advps-thumb-one":["https:\/\/arantv.az\/wp-content\/uploads\/2022\/03\/3_61646118889.jpg",649,432,false]},"rttpg_author":{"display_name":"V\u00fcsal Rafiqo\u011flu","author_link":"https:\/\/arantv.az\/?author=2"},"rttpg_comment":0,"rttpg_category":"<a href=\"https:\/\/arantv.az\/?cat=4\" rel=\"category\">Siyas\u0259t<\/a>","rttpg_excerpt":"\u00d6lk\u0259 ba\u015f\u00e7\u0131m\u0131z\u0131n Rusiyaya sonuncu r\u0259smi s\u0259f\u0259ri zaman\u0131 m\u00fch\u00fcm m\u0259qamlardan biri d\u0259 c\u0259nab Prezident \u0130lham \u018fliyevin Rusiyan\u0131n TASS Agentliyind\u0259 Rusiyan\u0131n apar\u0131c\u0131 k\u00fctl\u0259vi informasiya vasit\u0259l\u0259rinin r\u0259hb\u0259rl\u0259ri il\u0259 g\u00f6r\u00fc\u015f\u00fc oldu. Prezident \u0130lham \u018fliyev g\u00f6r\u00fc\u015f zaman\u0131 veril\u0259n suallar\u0131 \u0259hat\u0259li \u015f\u0259kild\u0259 cavabland\u0131rm\u0131\u015f, h\u0259m\u00e7inin, \u00f6lk\u0259mizin h\u0259yata ke\u00e7irdiyi xarici siyas\u0259t, Rusiya-Az\u0259rbaycan aras\u0131nda imzalanm\u0131\u015f m\u00fctt\u0259fiqlik B\u0259yannam\u0259sinin \u0259h\u0259miyy\u0259tini \u015f\u0259rh etmi\u015fdir. \u0130lham \u018fliyev bildirib ki,&hellip;","_links":{"self":[{"href":"https:\/\/arantv.az\/index.php?rest_route=\/wp\/v2\/posts\/445988"}],"collection":[{"href":"https:\/\/arantv.az\/index.php?rest_route=\/wp\/v2\/posts"}],"about":[{"href":"https:\/\/arantv.az\/index.php?rest_route=\/wp\/v2\/types\/post"}],"author":[{"embeddable":true,"href":"https:\/\/arantv.az\/index.php?rest_route=\/wp\/v2\/users\/2"}],"replies":[{"embeddable":true,"href":"https:\/\/arantv.az\/index.php?rest_route=%2Fwp%2Fv2%2Fcomments&post=445988"}],"version-history":[{"count":0,"href":"https:\/\/arantv.az\/index.php?rest_route=\/wp\/v2\/posts\/445988\/revisions"}],"wp:featuredmedia":[{"embeddable":true,"href":"https:\/\/arantv.az\/index.php?rest_route=\/wp\/v2\/media\/445989"}],"wp:attachment":[{"href":"https:\/\/arantv.az\/index.php?rest_route=%2Fwp%2Fv2%2Fmedia&parent=445988"}],"wp:term":[{"taxonomy":"category","embeddable":true,"href":"https:\/\/arantv.az\/index.php?rest_route=%2Fwp%2Fv2%2Fcategories&post=445988"},{"taxonomy":"post_tag","embeddable":true,"href":"https:\/\/arantv.az\/index.php?rest_route=%2Fwp%2Fv2%2Ftags&post=445988"}],"curies":[{"name":"wp","href":"https:\/\/api.w.org\/{rel}","templated":true}]}}